{"id":33065,"date":"2021-05-10T15:42:22","date_gmt":"2021-05-10T13:42:22","guid":{"rendered":"https:\/\/www.vidademadrid.com\/es\/?p=33065"},"modified":"2021-05-10T15:43:29","modified_gmt":"2021-05-10T13:43:29","slug":"malasana-puerta-del-sol-fin-estado-de-alarma-video","status":"publish","type":"post","link":"https:\/\/www.vidademadrid.com\/es\/33065\/malasana-puerta-del-sol-fin-estado-de-alarma-video\/","title":{"rendered":"V\u00eddeos: fiesta en Malasa\u00f1a y Puerta del Sol tras el fin del estado de alarma"},"content":{"rendered":"<p><strong>Malasa\u00f1a y Puerta del Sol<\/strong>, junto a muchos otros lugares de Madrid y de otras ciudades espa\u00f1ola, han sido ubicaciones para la inmotivada fiesta de muchas personas tras <a href=\"https:\/\/www.vidademadrid.com\/es\/32979\/medidas-madrid-tras-estado-de-alarma-anuncio-oficial-novedades\/\"><strong>el fin del estado de alarma<\/strong><\/a>. A continuaci\u00f3n los v\u00eddeos de lo que hemos visto en <strong>la noche entre s\u00e1bado y domingo<\/strong> en estos emblem\u00e1ticos puntos de la capital.<\/p>\n<h2>Malasa\u00f1a, fiesta en las calles tras el desalojo de Plaza 2 de Mayo &#8211; v\u00eddeo<\/h2>\n<p>Tras el desalojo de <strong>Plaza 2 de Mayo<\/strong>, el botell\u00f3n de <strong>Malasa\u00f1a<\/strong> ha tenido <strong>Plaza del Rastrillo<\/strong> como escenario principal. Esta era la situaci\u00f3n por las calles de Malasa\u00f1a tras las 00.20 horas.<\/p>\n<p><script data-wid=\"auto\" type=\"text\/javascript\" src=\"https:\/\/content.viralize.tv\/display\/?zid=AADiaHd5cH72qFIl&amp;cid=AAgvfyeJ4h547nDl&amp;activation=adfill&amp;vip_mode=playing&amp;vip_position=bottom-right\"><\/script><\/p>\n<h2>Las celebraciones en Puerta del Sol &#8211; v\u00eddeo<\/h2>\n<p>La situaci\u00f3n en <strong>Puerta del Sol<\/strong> despu\u00e9s de las 1.20 horas: gente en plaza aglomerada y la mayor\u00eda sin mascarilla. La Polic\u00eda Municipal ha desalojado definitivamente Sol sobre las 1.45 horas.&nbsp;&nbsp;<\/p>\n<p><script data-wid=\"auto\" type=\"text\/javascript\" src=\"https:\/\/content.viralize.tv\/display\/?zid=AADiaHd5cH72qFIl&amp;cid=AAgvgO8Jsg4Ud14L&amp;activation=adfill&amp;vip_mode=playing&amp;vip_position=bottom-right\"><\/script><\/p>\n\n<p>El reportaje completo que hemos emitido en tiempo real en Instagram Stories <a href=\"https:\/\/www.instagram.com\/stories\/highlights\/17867238530431230\/\"><strong>est\u00e1 aqu\u00ed<\/strong><\/a>. A continuaci\u00f3n, algunos de los comentarios que hemos recibido.\u00a0<\/p>\n\n\n<figure class=\"wp-block-embed is-type-rich is-provider-twitter wp-block-embed-twitter\"><div class=\"wp-block-embed__wrapper\">\n<blockquote class=\"twitter-tweet\" data-width=\"550\" data-dnt=\"true\"><p lang=\"es\" dir=\"ltr\">Algunos de los mensajes que hemos recibido tras nuestro reportaje de anoche desde Malasa\u00f1a y Sol<a href=\"https:\/\/twitter.com\/hashtag\/madrid?src=hash&amp;ref_src=twsrc%5Etfw\">#madrid<\/a> <a href=\"https:\/\/twitter.com\/hashtag\/FinDelEstadoDeAlarma?src=hash&amp;ref_src=twsrc%5Etfw\">#FinDelEstadoDeAlarma<\/a> <a href=\"https:\/\/twitter.com\/hashtag\/malasa%C3%B1a?src=hash&amp;ref_src=twsrc%5Etfw\">#malasa\u00f1a<\/a> <a href=\"https:\/\/twitter.com\/hashtag\/puertadelsol?src=hash&amp;ref_src=twsrc%5Etfw\">#puertadelsol<\/a> <a href=\"https:\/\/t.co\/f7pdTWpVcK\">pic.twitter.com\/f7pdTWpVcK<\/a><\/p>&mdash; Vida de Madrid (@VidaDeMadrid) <a href=\"https:\/\/twitter.com\/VidaDeMadrid\/status\/1391528661443092483?ref_src=twsrc%5Etfw\">May 9, 2021<\/a><\/blockquote><script async src=\"https:\/\/platform.twitter.com\/widgets.js\" charset=\"utf-8\"><\/script>\n<\/div><\/figure>\n\n\n\n<figure class=\"wp-block-embed is-type-rich is-provider-twitter wp-block-embed-twitter\"><div class=\"wp-block-embed__wrapper\">\n<blockquote class=\"twitter-tweet\" data-width=\"550\" data-dnt=\"true\"><p lang=\"und\" dir=\"ltr\"><a href=\"https:\/\/t.co\/9AeMUlsBkE\">pic.twitter.com\/9AeMUlsBkE<\/a><\/p>&mdash; Vida de Madrid (@VidaDeMadrid) <a href=\"https:\/\/twitter.com\/VidaDeMadrid\/status\/1391528881887268870?ref_src=twsrc%5Etfw\">May 9, 2021<\/a><\/blockquote><script async src=\"https:\/\/platform.twitter.com\/widgets.js\" charset=\"utf-8\"><\/script>\n<\/div><\/figure>\n\n\n\n<figure class=\"wp-block-embed is-type-rich is-provider-twitter wp-block-embed-twitter\"><div class=\"wp-block-embed__wrapper\">\n<blockquote class=\"twitter-tweet\" data-width=\"550\" data-dnt=\"true\"><p lang=\"und\" dir=\"ltr\"><a href=\"https:\/\/t.co\/daxnFVhalm\">pic.twitter.com\/daxnFVhalm<\/a><\/p>&mdash; Vida de Madrid (@VidaDeMadrid) <a href=\"https:\/\/twitter.com\/VidaDeMadrid\/status\/1391528889479008257?ref_src=twsrc%5Etfw\">May 9, 2021<\/a><\/blockquote><script async src=\"https:\/\/platform.twitter.com\/widgets.js\" charset=\"utf-8\"><\/script>\n<\/div><\/figure>\n\n\n\n<script async src=\"https:\/\/pagead2.googlesyndication.com\/pagead\/js\/adsbygoogle.js\"><\/script> <ins class=\"adsbygoogle\" style=\"display:block; text-align:center;\" data-ad-layout=\"in-article\" data-ad-format=\"fluid\" data-ad-client=\"ca-pub-7450064428034605\" data-ad-slot=\"5670045061\"><\/ins> <script>(adsbygoogle = window.adsbygoogle || []).push({});<\/script>\n\n\n\n\n<blockquote class=\"tiktok-embed\" cite=\"https:\/\/www.tiktok.com\/@vida_demadrid\/video\/6960268989658320134\" data-video-id=\"6960268989658320134\" style=\"max-width: 605px;min-width: 325px;\" > <section> <a target=\"_blank\" title=\"@vida_demadrid\" href=\"https:\/\/www.tiktok.com\/@vida_demadrid\" rel=\"noopener\">@vida_demadrid<\/a> <p>Primeras horas tras el estado de alarma. Sin palabras <a title=\"madrid\" target=\"_blank\" href=\"https:\/\/www.tiktok.com\/tag\/madrid\" rel=\"noopener\">##madrid<\/a> <a title=\"malasa\u00f1a\" target=\"_blank\" href=\"https:\/\/www.tiktok.com\/tag\/malasa%C3%B1a\" rel=\"noopener\">##malasa\u00f1a<\/a> <a title=\"granvia\" target=\"_blank\" href=\"https:\/\/www.tiktok.com\/tag\/granvia\" rel=\"noopener\">##granvia<\/a> <a title=\"puertadelsol\" target=\"_blank\" href=\"https:\/\/www.tiktok.com\/tag\/puertadelsol\" rel=\"noopener\">##puertadelsol<\/a> <a title=\"findeltoquedequeda\" target=\"_blank\" href=\"https:\/\/www.tiktok.com\/tag\/findeltoquedequeda\" rel=\"noopener\">##findeltoquedequeda<\/a> <a title=\"findelestadodealarma\" target=\"_blank\" href=\"https:\/\/www.tiktok.com\/tag\/findelestadodealarma\" rel=\"noopener\">##findelestadodealarma<\/a><\/p> <a target=\"_blank\" title=\"\u266c Oh No - Kreepa\" href=\"https:\/\/www.tiktok.com\/music\/Oh-No-6586947002464996102\" rel=\"noopener\">\u266c Oh No &#8211; Kreepa<\/a> <\/section> <\/blockquote> <script async src=\"https:\/\/www.tiktok.com\/embed.js\"><\/script>\n","protected":false},"excerpt":{"rendered":"<p>Reportaje: as\u00ed ha sido la fiesta en los dos emblem\u00e1ticos puntos de Madrid<\/p>\n","protected":false},"author":1,"featured_media":33066,"comment_status":"open","ping_status":"open","sticky":false,"template":"","format":"standard","meta":{"footnotes":""},"categories":[12,119,36],"tags":[54],"class_list":{"0":"post-33065","1":"post","2":"type-post","3":"status-publish","4":"format-standard","5":"has-post-thumbnail","7":"category-actualidad-noticias-madrid","8":"category-portada","9":"category-reportajes","10":"tag-coronavirus"},"_links":{"self":[{"href":"https:\/\/www.vidademadrid.com\/es\/wp-json\/wp\/v2\/posts\/33065","targetHints":{"allow":["GET"]}}],"collection":[{"href":"https:\/\/www.vidademadrid.com\/es\/wp-json\/wp\/v2\/posts"}],"about":[{"href":"https:\/\/www.vidademadrid.com\/es\/wp-json\/wp\/v2\/types\/post"}],"author":[{"embeddable":true,"href":"https:\/\/www.vidademadrid.com\/es\/wp-json\/wp\/v2\/users\/1"}],"replies":[{"embeddable":true,"href":"https:\/\/www.vidademadrid.com\/es\/wp-json\/wp\/v2\/comments?post=33065"}],"version-history":[{"count":3,"href":"https:\/\/www.vidademadrid.com\/es\/wp-json\/wp\/v2\/posts\/33065\/revisions"}],"predecessor-version":[{"id":33070,"href":"https:\/\/www.vidademadrid.com\/es\/wp-json\/wp\/v2\/posts\/33065\/revisions\/33070"}],"wp:featuredmedia":[{"embeddable":true,"href":"https:\/\/www.vidademadrid.com\/es\/wp-json\/wp\/v2\/media\/33066"}],"wp:attachment":[{"href":"https:\/\/www.vidademadrid.com\/es\/wp-json\/wp\/v2\/media?parent=33065"}],"wp:term":[{"taxonomy":"category","embeddable":true,"href":"https:\/\/www.vidademadrid.com\/es\/wp-json\/wp\/v2\/categories?post=33065"},{"taxonomy":"post_tag","embeddable":true,"href":"https:\/\/www.vidademadrid.com\/es\/wp-json\/wp\/v2\/tags?post=33065"}],"curies":[{"name":"wp","href":"https:\/\/api.w.org\/{rel}","templated":true}]}}