{"id":32964,"date":"2021-05-06T18:08:15","date_gmt":"2021-05-06T16:08:15","guid":{"rendered":"https:\/\/www.vidademadrid.com\/es\/?p=32964"},"modified":"2021-05-12T19:49:04","modified_gmt":"2021-05-12T17:49:04","slug":"centro-comercial-coslada-plaza-coslada-madrid-2021","status":"publish","type":"post","link":"https:\/\/www.vidademadrid.com\/es\/32964\/centro-comercial-coslada-plaza-coslada-madrid-2021\/","title":{"rendered":"El nuevo centro comercial Plaza Coslada abrir\u00e1 a finales del mes de mayo"},"content":{"rendered":"<p>A finales del mes de mayo, un nuevo espacio comercial se unir\u00e1 a la <a href=\"https:\/\/www.vidademadrid.com\/es\/32218\/cuatro-nuevos-centros-comerciales-madrid-2021\/\">lista de grandes <strong>centros comerciales<\/strong><\/a> que abrir\u00e1n sus puertas de 2021 en adelante en Madrid. Ubicado frente a La Rambla, <strong>Plaza Coslada<\/strong> abrir\u00e1 sus primeros negocios antes de la llegada del verano.<\/p>\n<p><script async=\"\" src=\"https:\/\/pagead2.googlesyndication.com\/pagead\/js\/adsbygoogle.js\"><\/script><\/p>\n<p><!-- Vertical2020 --><ins class=\"adsbygoogle\" style=\"display: block;\" data-ad-client=\"ca-pub-7450064428034605\" data-ad-slot=\"4377430105\" data-ad-format=\"auto\" data-full-width-responsive=\"true\"><\/ins><script>(adsbygoogle = window.adsbygoogle || []).push({});<\/script><\/p>\n<h2>Plaza Coslada: El centro comercial<\/h2>\n<p><script async=\"\" src=\"https:\/\/pagead2.googlesyndication.com\/pagead\/js\/adsbygoogle.js\"><\/script> <ins class=\"adsbygoogle\" style=\"display: block;\" data-ad-format=\"fluid\" data-ad-layout-key=\"-7f+eo+1+2-5\" data-ad-client=\"ca-pub-7450064428034605\" data-ad-slot=\"7327027071\"><\/ins><script>(adsbygoogle = window.adsbygoogle || []).push({});<\/script><\/p>\n<p><strong>Plaza Coslada<\/strong> es el nuevo <strong>centro comercial<\/strong> que abrir\u00e1 las puertas de sus primeros negocios <strong>a finales de mayo<\/strong>. Ubicado entre la calle Rioja y las avenidas de Fuentemar, Jos\u00e9 G\u00e1rate y Constituci\u00f3n junto a La Rambla, protagonizar\u00e1 el gran eje vertebrador de la ciudad.<\/p>\n<p>Con m\u00e1s de <strong>28.000 metros cuadrados<\/strong> divididos en cuatro plantas, en <strong>Plaza Coslada<\/strong> podremos encontrar un semis\u00f3tano con casi 500 plazas de aparcamientos y zonas comunes, dos plantas comerciales y una tercera dedicada a la restauraci\u00f3n.<\/p>\n<p>Entre marcas de primer nivel del mundo del <strong>deporte<\/strong>, del <strong>ocio<\/strong>, la <strong>alimentaci\u00f3n<\/strong> y la <strong>restauraci\u00f3n<\/strong>, tambi\u00e9n se instalar\u00e1n <strong>seis salas de cine<\/strong> con una capacidad total de unas 1.000 plazas, y un gran <strong>gimnasio<\/strong>.<\/p>\n<h2>Plaza Coslada: Comercios<\/h2>\n<p><script async=\"\" src=\"https:\/\/pagead2.googlesyndication.com\/pagead\/js\/adsbygoogle.js\"><\/script> <ins class=\"adsbygoogle\" style=\"display: block;\" data-ad-format=\"fluid\" data-ad-layout-key=\"-7f+eo+1+2-5\" data-ad-client=\"ca-pub-7450064428034605\" data-ad-slot=\"7327027071\"><\/ins><script>(adsbygoogle = window.adsbygoogle || []).push({});<\/script><\/p>\n<p>Como ya adelantamos hace unos d\u00edas, <a href=\"https:\/\/www.vidademadrid.com\/es\/32592\/nuevas-tiendas-aldi-madrid-2021-alcorcon-coslada\/\"><strong>Aldi<\/strong> anunciaba la apertura de dos nuevas tiendas<\/a> en <strong>Madrid<\/strong>, una de las cuales se convierte en uno de los primeros comercios confirmados en <strong>Plaza Coslada<\/strong> y que abrir\u00e1 al p\u00fablico el pr\u00f3ximo <strong>26 de mayo<\/strong>.<\/p>\n<p>La apertura de <strong>Plaza Coslada<\/strong> ampl\u00eda la lista de grandes <a href=\"https:\/\/www.vidademadrid.com\/es\/tag\/centros-comerciales\/\"><strong>centros comerciales<\/strong><\/a> en construcci\u00f3n en la Comunidad de Madrid, en la que figuran espacios como <a href=\"https:\/\/www.vidademadrid.com\/es\/tag\/oasiz-madrid\/\"><strong>Oasiz Madrid<\/strong><\/a>, Espacio Caleido, <a href=\"https:\/\/www.vidademadrid.com\/es\/tag\/la-finca-grand-cafe\/\"><strong>La Finca Grand Caf\u00e9<\/strong><\/a> y Sol\u00eda Live Center.<\/p>\n","protected":false},"excerpt":{"rendered":"<p>28.000 metros cuadrados de zonas comerciales, de ocio, zonas comunes y restauraci\u00f3n. <\/p>\n","protected":false},"author":10,"featured_media":32965,"comment_status":"open","ping_status":"open","sticky":false,"template":"","format":"standard","meta":{"footnotes":""},"categories":[114,27],"tags":[173,174,172],"class_list":{"0":"post-32964","1":"post","2":"type-post","3":"status-publish","4":"format-standard","5":"has-post-thumbnail","7":"category-servicios","8":"category-tiendas-madrid","9":"tag-centros-comerciales","10":"tag-la-finca-grand-cafe","11":"tag-oasiz-madrid"},"_links":{"self":[{"href":"https:\/\/www.vidademadrid.com\/es\/wp-json\/wp\/v2\/posts\/32964","targetHints":{"allow":["GET"]}}],"collection":[{"href":"https:\/\/www.vidademadrid.com\/es\/wp-json\/wp\/v2\/posts"}],"about":[{"href":"https:\/\/www.vidademadrid.com\/es\/wp-json\/wp\/v2\/types\/post"}],"author":[{"embeddable":true,"href":"https:\/\/www.vidademadrid.com\/es\/wp-json\/wp\/v2\/users\/10"}],"replies":[{"embeddable":true,"href":"https:\/\/www.vidademadrid.com\/es\/wp-json\/wp\/v2\/comments?post=32964"}],"version-history":[{"count":4,"href":"https:\/\/www.vidademadrid.com\/es\/wp-json\/wp\/v2\/posts\/32964\/revisions"}],"predecessor-version":[{"id":33191,"href":"https:\/\/www.vidademadrid.com\/es\/wp-json\/wp\/v2\/posts\/32964\/revisions\/33191"}],"wp:featuredmedia":[{"embeddable":true,"href":"https:\/\/www.vidademadrid.com\/es\/wp-json\/wp\/v2\/media\/32965"}],"wp:attachment":[{"href":"https:\/\/www.vidademadrid.com\/es\/wp-json\/wp\/v2\/media?parent=32964"}],"wp:term":[{"taxonomy":"category","embeddable":true,"href":"https:\/\/www.vidademadrid.com\/es\/wp-json\/wp\/v2\/categories?post=32964"},{"taxonomy":"post_tag","embeddable":true,"href":"https:\/\/www.vidademadrid.com\/es\/wp-json\/wp\/v2\/tags?post=32964"}],"curies":[{"name":"wp","href":"https:\/\/api.w.org\/{rel}","templated":true}]}}