{"id":32644,"date":"2021-04-28T22:07:58","date_gmt":"2021-04-28T20:07:58","guid":{"rendered":"https:\/\/www.vidademadrid.com\/es\/?p=32644"},"modified":"2021-04-28T22:08:32","modified_gmt":"2021-04-28T20:08:32","slug":"sala-de-la-corona-real-capilla-palacio-real-madrid-reapertura","status":"publish","type":"post","link":"https:\/\/www.vidademadrid.com\/es\/32644\/sala-de-la-corona-real-capilla-palacio-real-madrid-reapertura\/","title":{"rendered":"La Sala de la Corona y la Real Capilla del Palacio Real se vuelven a abrir al p\u00fablico"},"content":{"rendered":"<p>Patrimonio Nacional ha decido reabrir el <strong>pr\u00f3ximo 2 de mayo<\/strong> estas dos salas del Palacio Real de Madrid: la<strong>&nbsp;Sala de La Corona y la Real Capilla<\/strong>, que han permanecido cerradas desde la declaraci\u00f3n del Estado de Alarma.<\/p>\n<p><script async=\"\" src=\"https:\/\/pagead2.googlesyndication.com\/pagead\/js\/adsbygoogle.js\"><\/script> <!-- Vertical2020 --><ins class=\"adsbygoogle\" style=\"display:block\" data-ad-client=\"ca-pub-7450064428034605\" data-ad-slot=\"4377430105\" data-ad-format=\"auto\" data-full-width-responsive=\"true\"><\/ins><script>(adsbygoogle = window.adsbygoogle || []).push({});<\/script><\/p>\n<h2>Sala de la Corona y la Real Capilla del Palacio Real: Entradas y horarios<\/h2>\n<p>La visita a estas dos estancias estar\u00e1 <strong>incluida en la tarifa de la entrada al Palacio Real<\/strong> que se recomienda comprarla a trav\u00e9s de la <a href=\"https:\/\/entradas.patrimonionacional.es\/es-ES\/venta-entradas\/6\/palacio-real-de-madrid\/2021-04-28\/10\/publico-general\">p\u00e1gina web<\/a>. No olvide que en taquilla solo se admite el pago con tarjeta. Por la situaci\u00f3n de pandemia y tal y como se viene haciendo en el resto de actividades culturales, se&nbsp;cumplir\u00e1 con todas las medidas sanitarias y seguridad. Se establece un aforo m\u00e1ximo de 30 personas en la Real Capilla y de 12 en la Sala de La Corona.<\/p>\n<p>Adem\u00e1s, contin\u00faa la<strong> promoci\u00f3n de un 50% <\/strong>en el precio de la entrada de todos los monumentos de Patrimonio Nacional <strong>hasta el pr\u00f3ximo 9 de mayo<\/strong>.<\/p>\n<p>El <strong>horario de visita<\/strong> es el mismo que el del Palacio Real: <strong>de lunes a s\u00e1bado, de 10:00 a 19:00, y los domingos, de 10:00 a 16:00<\/strong>. Y acceso gratuito de lunes a jueves desde las 17:00.<\/p>\n<h2>Conoce La Sala de la Corona y la Real Capilla<\/h2>\n<p>La <strong>Sala de la Corona<\/strong> se pudo visitar por primera vez en 2014. Este espacio expone los s\u00edmbolos m\u00e1s representativos de la Monarqu\u00eda entre ellos art\u00edculos como: La Corona y el Cetro reales que solo se mostraban durante los actos ceremoniales y el collar de la Orden del Tois\u00f3n de Oro del reinado de Isabel II entre otros.<\/p>\n<p>La <strong>Real Capilla<\/strong> situada en la zona norte del Palacio Real es una estancia dedicada al culto que reun\u00eda a artistas, m\u00fasicos, arquitectos y compositores. En su interior se puede admirar el \u00f3rgano dise\u00f1ado por Ventura Rodr\u00edguez y la c\u00fapula de media naranja.<\/p>\n","protected":false},"excerpt":{"rendered":"<p>Se podr\u00e1n visitar a partir del pr\u00f3ximo 2 de mayo. <\/p>\n","protected":false},"author":13,"featured_media":32645,"comment_status":"open","ping_status":"open","sticky":false,"template":"","format":"standard","meta":{"footnotes":""},"categories":[111,119],"tags":[59],"class_list":{"0":"post-32644","1":"post","2":"type-post","3":"status-publish","4":"format-standard","5":"has-post-thumbnail","7":"category-exposiciones-madrid","8":"category-portada","9":"tag-palacio-real"},"_links":{"self":[{"href":"https:\/\/www.vidademadrid.com\/es\/wp-json\/wp\/v2\/posts\/32644","targetHints":{"allow":["GET"]}}],"collection":[{"href":"https:\/\/www.vidademadrid.com\/es\/wp-json\/wp\/v2\/posts"}],"about":[{"href":"https:\/\/www.vidademadrid.com\/es\/wp-json\/wp\/v2\/types\/post"}],"author":[{"embeddable":true,"href":"https:\/\/www.vidademadrid.com\/es\/wp-json\/wp\/v2\/users\/13"}],"replies":[{"embeddable":true,"href":"https:\/\/www.vidademadrid.com\/es\/wp-json\/wp\/v2\/comments?post=32644"}],"version-history":[{"count":6,"href":"https:\/\/www.vidademadrid.com\/es\/wp-json\/wp\/v2\/posts\/32644\/revisions"}],"predecessor-version":[{"id":32660,"href":"https:\/\/www.vidademadrid.com\/es\/wp-json\/wp\/v2\/posts\/32644\/revisions\/32660"}],"wp:featuredmedia":[{"embeddable":true,"href":"https:\/\/www.vidademadrid.com\/es\/wp-json\/wp\/v2\/media\/32645"}],"wp:attachment":[{"href":"https:\/\/www.vidademadrid.com\/es\/wp-json\/wp\/v2\/media?parent=32644"}],"wp:term":[{"taxonomy":"category","embeddable":true,"href":"https:\/\/www.vidademadrid.com\/es\/wp-json\/wp\/v2\/categories?post=32644"},{"taxonomy":"post_tag","embeddable":true,"href":"https:\/\/www.vidademadrid.com\/es\/wp-json\/wp\/v2\/tags?post=32644"}],"curies":[{"name":"wp","href":"https:\/\/api.w.org\/{rel}","templated":true}]}}