{"id":32384,"date":"2021-04-21T12:24:32","date_gmt":"2021-04-21T10:24:32","guid":{"rendered":"https:\/\/www.vidademadrid.com\/es\/?p=32384"},"modified":"2021-04-21T12:24:38","modified_gmt":"2021-04-21T10:24:38","slug":"puente-de-la-concordia-valdebebas-t4-barajas-madrid-cortes-m-12","status":"publish","type":"post","link":"https:\/\/www.vidademadrid.com\/es\/32384\/puente-de-la-concordia-valdebebas-t4-barajas-madrid-cortes-m-12\/","title":{"rendered":"El Puente de la Concordia: la nueva uni\u00f3n entre Valdebebas y la Terminal 4 de Barajas"},"content":{"rendered":"<p>Comienza el montaje del <strong>Puente de la Concordia<\/strong>, el nuevo punto de conexi\u00f3n entre <strong>Valdebebas y la Terminal 4 del Aeropuerto<\/strong> Adolfo Su\u00e1rez Madrid-Barajas, y por ello<strong> la M-12 estar\u00e1 cortada al tr\u00e1fico<\/strong> durante hoy y ma\u00f1ana. Te contamos las novedades.<\/p>\n<h2>Puente de la Concordia: Proyecto<\/h2>\n<p>En homenaje a la voluntad de uni\u00f3n de la transici\u00f3n democr\u00e1tica como mejor ejemplo de concordia, el puente que cruzar\u00e1 la <strong>autopista M-12<\/strong> para <strong>unir <a href=\"https:\/\/www.vidademadrid.com\/es\/tag\/valdebebas\/\">Valdebebas<\/a> con la T4 de <a href=\"https:\/\/www.vidademadrid.com\/es\/tag\/barajas-barrio-madrid\/\">Barajas<\/a><\/strong> recibe el nombre de <strong>Puente de la Concordia<\/strong> y comienza su colocaci\u00f3n hoy mismo.\u00a0<\/p>\n<p>Esta nueva infraestructura estar\u00e1 formada por un tablero de <strong>24,50 metros de ancho<\/strong> y<strong> 207 metros de longitud total<\/strong>. Su dise\u00f1o le permitir\u00e1 contar con dos carriles de circulaci\u00f3n por sentido, de 3,50 metros de ancho cada uno, y dos aceras de 2,75 metros. Adem\u00e1s, contar\u00e1 con una mediana de 4 metros en la zona central que posibilitar\u00e1 el paso del arco del puente a trav\u00e9s del tablero.\u00a0<\/p>\n<p>El <strong>Puente de la Concordia<\/strong>, con una altura m\u00e1xima de 10,30 metros en la parte central del arco, ser\u00e1 un nuevo icono de Madrid y la finalizaci\u00f3n de sus obras se prev\u00e9 entre los pr\u00f3ximos meses de septiembre y octubre de 2021.\u00a0<\/p>\n<h2>Puente de la Concordia: Corte M-12<\/h2>\n<p>Fue el pasado 16 de abril cuando el <strong>Puente de la Concordia<\/strong> comenz\u00f3 a levantarse en Valdebebas y hoy, ya pr\u00e1cticamente ensamblado, comienza a girar hasta su colocaci\u00f3n final, perpendicular a la <strong>M-12<\/strong>.<\/p>\n<p>Por este motivo, la <strong>M-12<\/strong> estar\u00e1 <strong>cortada al tr\u00e1fico en su punto kilom\u00e9trico 4,700<\/strong> durante todo el d\u00eda de hoy y ma\u00f1ana, 21 y 22 de abril. Desde la Direcci\u00f3n General de Tr\u00e1fico informan que el acceso a la Terminal 4 desde el sur por la M-12 no se ver\u00e1 afectado por dichos cortes.\u00a0<\/p>\n\n\n<figure class=\"wp-block-embed is-type-rich is-provider-twitter wp-block-embed-twitter\"><div class=\"wp-block-embed__wrapper\">\n<blockquote class=\"twitter-tweet\" data-width=\"550\" data-dnt=\"true\"><p lang=\"es\" dir=\"ltr\">\u26ab? 21 y 22 de abril <a href=\"https:\/\/twitter.com\/hashtag\/cortada?src=hash&amp;ref_src=twsrc%5Etfw\">#cortada<\/a> al tr\u00e1fico la ?\ufe0f <a href=\"https:\/\/twitter.com\/hashtag\/M12?src=hash&amp;ref_src=twsrc%5Etfw\">#M12<\/a> de acceso a la <a href=\"https:\/\/twitter.com\/hashtag\/T4?src=hash&amp;ref_src=twsrc%5Etfw\">#T4<\/a> AS <a href=\"https:\/\/twitter.com\/hashtag\/Madrid?src=hash&amp;ref_src=twsrc%5Etfw\">#Madrid<\/a>&#8211;<a href=\"https:\/\/twitter.com\/hashtag\/Barajas?src=hash&amp;ref_src=twsrc%5Etfw\">#Barajas<\/a> \u2708\ufe0fpor montaje de un puente en pk 4.7. Afecta a llegadas y salidas. <br> <br>Desv\u00edos se\u00f1alizados y peaje libre en los tramos de <a href=\"https:\/\/twitter.com\/hashtag\/R2?src=hash&amp;ref_src=twsrc%5Etfw\">#R2<\/a> y <a href=\"https:\/\/twitter.com\/hashtag\/M12?src=hash&amp;ref_src=twsrc%5Etfw\">#M12<\/a> de acceso a <a href=\"https:\/\/twitter.com\/hashtag\/T4?src=hash&amp;ref_src=twsrc%5Etfw\">#T4<\/a> no afectados <br><br>\u2139\ufe0f<a href=\"https:\/\/t.co\/S0EuTCiUuH\">https:\/\/t.co\/S0EuTCiUuH<\/a> <a href=\"https:\/\/t.co\/5YLOtqSuFt\">pic.twitter.com\/5YLOtqSuFt<\/a><\/p>&mdash; Dir. Gral. Tr\u00e1fico (@DGTes) <a href=\"https:\/\/twitter.com\/DGTes\/status\/1384733686818611208?ref_src=twsrc%5Etfw\">April 21, 2021<\/a><\/blockquote><script async src=\"https:\/\/platform.twitter.com\/widgets.js\" charset=\"utf-8\"><\/script>\n<\/div><\/figure>\n","protected":false},"excerpt":{"rendered":"<p>Comienzan las obras de esta nueva infraestructura con cortes al tr\u00e1fico en la M-12<\/p>\n","protected":false},"author":10,"featured_media":32385,"comment_status":"open","ping_status":"open","sticky":false,"template":"","format":"standard","meta":{"footnotes":""},"categories":[23],"tags":[16,135],"class_list":{"0":"post-32384","1":"post","2":"type-post","3":"status-publish","4":"format-standard","5":"has-post-thumbnail","7":"category-transportes-huelgas-madrid","8":"tag-barajas-barrio-madrid","9":"tag-valdebebas"},"_links":{"self":[{"href":"https:\/\/www.vidademadrid.com\/es\/wp-json\/wp\/v2\/posts\/32384","targetHints":{"allow":["GET"]}}],"collection":[{"href":"https:\/\/www.vidademadrid.com\/es\/wp-json\/wp\/v2\/posts"}],"about":[{"href":"https:\/\/www.vidademadrid.com\/es\/wp-json\/wp\/v2\/types\/post"}],"author":[{"embeddable":true,"href":"https:\/\/www.vidademadrid.com\/es\/wp-json\/wp\/v2\/users\/10"}],"replies":[{"embeddable":true,"href":"https:\/\/www.vidademadrid.com\/es\/wp-json\/wp\/v2\/comments?post=32384"}],"version-history":[{"count":4,"href":"https:\/\/www.vidademadrid.com\/es\/wp-json\/wp\/v2\/posts\/32384\/revisions"}],"predecessor-version":[{"id":32389,"href":"https:\/\/www.vidademadrid.com\/es\/wp-json\/wp\/v2\/posts\/32384\/revisions\/32389"}],"wp:featuredmedia":[{"embeddable":true,"href":"https:\/\/www.vidademadrid.com\/es\/wp-json\/wp\/v2\/media\/32385"}],"wp:attachment":[{"href":"https:\/\/www.vidademadrid.com\/es\/wp-json\/wp\/v2\/media?parent=32384"}],"wp:term":[{"taxonomy":"category","embeddable":true,"href":"https:\/\/www.vidademadrid.com\/es\/wp-json\/wp\/v2\/categories?post=32384"},{"taxonomy":"post_tag","embeddable":true,"href":"https:\/\/www.vidademadrid.com\/es\/wp-json\/wp\/v2\/tags?post=32384"}],"curies":[{"name":"wp","href":"https:\/\/api.w.org\/{rel}","templated":true}]}}