{"id":32240,"date":"2021-12-15T00:07:00","date_gmt":"2021-12-14T23:07:00","guid":{"rendered":"https:\/\/www.vidademadrid.com\/es\/?p=32240"},"modified":"2021-12-15T19:51:05","modified_gmt":"2021-12-15T18:51:05","slug":"cabina-roja-antonio-mercero-chamberi-pedestal-homenaje","status":"publish","type":"post","link":"https:\/\/www.vidademadrid.com\/es\/32240\/cabina-roja-antonio-mercero-chamberi-pedestal-homenaje\/","title":{"rendered":"La cabina roja de Antonio Mercero ya est\u00e1 instalada en Chamber\u00ed"},"content":{"rendered":"\n<h1 class=\"wp-block-heading\">Actualizaci\u00f3n 15 de diciembre 2021<\/h1>\n\n\n\n<p>A partir de hoy se puede visitar la cabina roja en homenaje al director de cine Antonio Mercero.<\/p>\n\n\n\n<figure class=\"wp-block-gallery columns-2 is-cropped wp-block-gallery-1 is-layout-flex wp-block-gallery-is-layout-flex\"><ul class=\"blocks-gallery-grid\"><li class=\"blocks-gallery-item\"><figure><a href=\"https:\/\/www.vidademadrid.com\/es\/wp-content\/uploads\/2021\/12\/IMG_20211215_135708-1-scaled.jpg\"><img loading=\"lazy\" decoding=\"async\" width=\"1024\" height=\"768\" src=\"https:\/\/www.vidademadrid.com\/es\/wp-content\/uploads\/2021\/12\/IMG_20211215_135708-1-1024x768.jpg\" alt=\"\" data-id=\"38233\" data-full-url=\"https:\/\/www.vidademadrid.com\/es\/wp-content\/uploads\/2021\/12\/IMG_20211215_135708-1-scaled.jpg\" data-link=\"https:\/\/www.vidademadrid.com\/es\/32240\/cabina-roja-antonio-mercero-chamberi-pedestal-homenaje\/img_20211215_135708-1\/\" class=\"wp-image-38233\" srcset=\"https:\/\/www.vidademadrid.com\/es\/wp-content\/uploads\/2021\/12\/IMG_20211215_135708-1-1024x768.jpg 1024w, https:\/\/www.vidademadrid.com\/es\/wp-content\/uploads\/2021\/12\/IMG_20211215_135708-1-300x225.jpg 300w, https:\/\/www.vidademadrid.com\/es\/wp-content\/uploads\/2021\/12\/IMG_20211215_135708-1-768x576.jpg 768w, https:\/\/www.vidademadrid.com\/es\/wp-content\/uploads\/2021\/12\/IMG_20211215_135708-1-1536x1152.jpg 1536w, https:\/\/www.vidademadrid.com\/es\/wp-content\/uploads\/2021\/12\/IMG_20211215_135708-1-2048x1536.jpg 2048w, https:\/\/www.vidademadrid.com\/es\/wp-content\/uploads\/2021\/12\/IMG_20211215_135708-1-696x522.jpg 696w, https:\/\/www.vidademadrid.com\/es\/wp-content\/uploads\/2021\/12\/IMG_20211215_135708-1-1068x801.jpg 1068w, https:\/\/www.vidademadrid.com\/es\/wp-content\/uploads\/2021\/12\/IMG_20211215_135708-1-1920x1440.jpg 1920w, https:\/\/www.vidademadrid.com\/es\/wp-content\/uploads\/2021\/12\/IMG_20211215_135708-1-560x420.jpg 560w, https:\/\/www.vidademadrid.com\/es\/wp-content\/uploads\/2021\/12\/IMG_20211215_135708-1-80x60.jpg 80w, https:\/\/www.vidademadrid.com\/es\/wp-content\/uploads\/2021\/12\/IMG_20211215_135708-1-265x198.jpg 265w\" sizes=\"auto, (max-width: 1024px) 100vw, 1024px\" \/><\/a><\/figure><\/li><li class=\"blocks-gallery-item\"><figure><a href=\"https:\/\/www.vidademadrid.com\/es\/wp-content\/uploads\/2021\/12\/IMG_20211215_135450-scaled.jpg\"><img loading=\"lazy\" decoding=\"async\" width=\"768\" height=\"1024\" src=\"https:\/\/www.vidademadrid.com\/es\/wp-content\/uploads\/2021\/12\/IMG_20211215_135450-768x1024.jpg\" alt=\"\" data-id=\"38234\" data-full-url=\"https:\/\/www.vidademadrid.com\/es\/wp-content\/uploads\/2021\/12\/IMG_20211215_135450-scaled.jpg\" data-link=\"https:\/\/www.vidademadrid.com\/es\/32240\/cabina-roja-antonio-mercero-chamberi-pedestal-homenaje\/img_20211215_135450\/\" class=\"wp-image-38234\" srcset=\"https:\/\/www.vidademadrid.com\/es\/wp-content\/uploads\/2021\/12\/IMG_20211215_135450-768x1024.jpg 768w, https:\/\/www.vidademadrid.com\/es\/wp-content\/uploads\/2021\/12\/IMG_20211215_135450-225x300.jpg 225w, https:\/\/www.vidademadrid.com\/es\/wp-content\/uploads\/2021\/12\/IMG_20211215_135450-1152x1536.jpg 1152w, https:\/\/www.vidademadrid.com\/es\/wp-content\/uploads\/2021\/12\/IMG_20211215_135450-1536x2048.jpg 1536w, https:\/\/www.vidademadrid.com\/es\/wp-content\/uploads\/2021\/12\/IMG_20211215_135450-696x928.jpg 696w, https:\/\/www.vidademadrid.com\/es\/wp-content\/uploads\/2021\/12\/IMG_20211215_135450-1068x1424.jpg 1068w, https:\/\/www.vidademadrid.com\/es\/wp-content\/uploads\/2021\/12\/IMG_20211215_135450-scaled.jpg 1920w, https:\/\/www.vidademadrid.com\/es\/wp-content\/uploads\/2021\/12\/IMG_20211215_135450-315x420.jpg 315w\" sizes=\"auto, (max-width: 768px) 100vw, 768px\" \/><\/a><\/figure><\/li><\/ul><\/figure>\n\n\n\n<figure class=\"wp-block-embed is-type-rich is-provider-twitter wp-block-embed-twitter\"><div class=\"wp-block-embed__wrapper\">\n<blockquote class=\"twitter-tweet\" data-width=\"550\" data-dnt=\"true\"><p lang=\"es\" dir=\"ltr\">??La mujer de Antonio Mercero destapa la placa de la cabina telef\u00f3nica, un momento del homenaje muy emotivo \u2764\ufe0f\u260e\ufe0f<a href=\"https:\/\/twitter.com\/hashtag\/UnaCabinaParaMercero?src=hash&amp;ref_src=twsrc%5Etfw\">#UnaCabinaParaMercero<\/a><br><br>Aqu\u00ed puedes leer m\u00e1s sobre su historia??<a href=\"https:\/\/t.co\/JNxPDqZ9vv\">https:\/\/t.co\/JNxPDqZ9vv<\/a> <a href=\"https:\/\/t.co\/t8OG5yzFzv\">pic.twitter.com\/t8OG5yzFzv<\/a><\/p>&mdash; Fundaci\u00f3n Telef\u00f3nica (@fundacionTef) <a href=\"https:\/\/twitter.com\/fundacionTef\/status\/1471078964412227593?ref_src=twsrc%5Etfw\">December 15, 2021<\/a><\/blockquote><script async src=\"https:\/\/platform.twitter.com\/widgets.js\" charset=\"utf-8\"><\/script>\n<\/div><\/figure>\n\n\n\n<h1 class=\"wp-block-heading\">18 abril 2021<\/h1>\n\n\n\n<p>Madrid instalar\u00e1 muy pronto <strong>una cabina roja en homenaje al director de cine Antonio Mercero en el distrito de Chamber\u00ed<\/strong>. Casi tres a\u00f1os despu\u00e9s, la iniciativa #UnaCabinaParaMercero ver\u00e1 pronto la luz, pues ya est\u00e1 instalado el pedestal que sostendr\u00e1 a la cabina. Sigue leyendo para descubrir la historia que hay detr\u00e1s de esta iniciativa y cu\u00e1ndo podr\u00eda estar instalada.<\/p>\n\n\n<h2>La iniciativa de David Linares<\/h2>\n<p>Tras el fallecimiento de Antonio Mercero, el 12 de mayo de 2018, creador y director de series tan ic\u00f3nicas como \u201cVerano Azul\u201d o \u201cFarmacia de Guardia<strong>\u201d<\/strong>, el guionista <strong>David Linares<\/strong> quiso homenajearle con una iniciativa muy peculiar: instalar una cabina roja en Chamber\u00ed, donde fue rodada \u201cLa Cabina\u201d, el famoso telefilme de Mercero galardonado con un Emmy Internacional.<\/p>\n<p>La iniciativa fue apoyada por multitud de personas en internet con el hashtag <strong>#UnaCabinaParaAntonioMercero<\/strong>, por amigos y familiares del propio Mercero, por la Academia del Cine o por instituciones privadas como Telef\u00f3nica, que ser\u00e1 la encargada de construir e instalar la cabina.<\/p>\n<p>La propuesta fue votada en el Ayuntamiento de Madrid y sacada adelante, la Junta Municipal de Chamber\u00ed dio el visto bueno y se concluy\u00f3 que la cabina ser\u00eda instalada en el futuro.<\/p>\n<h2>La cabina roja tres a\u00f1os m\u00e1s tarde<\/h2>\n<p>La cabina a\u00fan no ha sido instalada, pero el pasado 15 de abril, <a href=\"https:\/\/twitter.com\/DavidLinares\/status\/1382598283747549184?s=20\">un tweet de David Linares<\/a> revel\u00f3 que ya estaba instalado el pedestal que sostendr\u00e1 a la cabina roja <strong>en la plaza cercana a las calles de Arapiles y de Rodr\u00edguez de San Pedro,<\/strong> donde fue rodado el telefilme que la dio a conocer all\u00e1 por 1972.<\/p>\n<p>Todo apunta a que la cabina ser\u00e1 instalada en breves por operarios de Telefonica, haci\u00e9ndolo coincidir con el tercer aniversario del fallecimiento de Antonio Mercero, por lo <strong>que el pr\u00f3ximo 12 de mayo<\/strong>, una cabina roja en homenaje al director guipuzcoano podr\u00eda convertirse en un icono m\u00e1s de Chamber\u00ed.<\/p>\n\n\n<p><\/p>\n","protected":false},"excerpt":{"rendered":"<p>La iniciativa #UnaCabinaParaMercero ha visto la luz<\/p>\n","protected":false},"author":14,"featured_media":38231,"comment_status":"open","ping_status":"open","sticky":false,"template":"","format":"standard","meta":{"footnotes":""},"categories":[12,85],"tags":[10],"class_list":{"0":"post-32240","1":"post","2":"type-post","3":"status-publish","4":"format-standard","5":"has-post-thumbnail","7":"category-actualidad-noticias-madrid","8":"category-cine-series-television","9":"tag-chamberi-madrid"},"_links":{"self":[{"href":"https:\/\/www.vidademadrid.com\/es\/wp-json\/wp\/v2\/posts\/32240","targetHints":{"allow":["GET"]}}],"collection":[{"href":"https:\/\/www.vidademadrid.com\/es\/wp-json\/wp\/v2\/posts"}],"about":[{"href":"https:\/\/www.vidademadrid.com\/es\/wp-json\/wp\/v2\/types\/post"}],"author":[{"embeddable":true,"href":"https:\/\/www.vidademadrid.com\/es\/wp-json\/wp\/v2\/users\/14"}],"replies":[{"embeddable":true,"href":"https:\/\/www.vidademadrid.com\/es\/wp-json\/wp\/v2\/comments?post=32240"}],"version-history":[{"count":9,"href":"https:\/\/www.vidademadrid.com\/es\/wp-json\/wp\/v2\/posts\/32240\/revisions"}],"predecessor-version":[{"id":38235,"href":"https:\/\/www.vidademadrid.com\/es\/wp-json\/wp\/v2\/posts\/32240\/revisions\/38235"}],"wp:featuredmedia":[{"embeddable":true,"href":"https:\/\/www.vidademadrid.com\/es\/wp-json\/wp\/v2\/media\/38231"}],"wp:attachment":[{"href":"https:\/\/www.vidademadrid.com\/es\/wp-json\/wp\/v2\/media?parent=32240"}],"wp:term":[{"taxonomy":"category","embeddable":true,"href":"https:\/\/www.vidademadrid.com\/es\/wp-json\/wp\/v2\/categories?post=32240"},{"taxonomy":"post_tag","embeddable":true,"href":"https:\/\/www.vidademadrid.com\/es\/wp-json\/wp\/v2\/tags?post=32240"}],"curies":[{"name":"wp","href":"https:\/\/api.w.org\/{rel}","templated":true}]}}