{"id":31404,"date":"2021-03-04T15:09:19","date_gmt":"2021-03-04T14:09:19","guid":{"rendered":"https:\/\/www.vidademadrid.com\/es\/?p=31404"},"modified":"2021-03-04T15:09:23","modified_gmt":"2021-03-04T14:09:23","slug":"nora-espectaculo-danza-gratuito-aluche-8m","status":"publish","type":"post","link":"https:\/\/www.vidademadrid.com\/es\/31404\/nora-espectaculo-danza-gratuito-aluche-8m\/","title":{"rendered":"Nora: espect\u00e1culo de danza gratuito en Aluche por el 8M"},"content":{"rendered":"<p>Descubre<em><strong> Nora<\/strong><\/em>, el nuevo <strong>espect\u00e1culo de danza gratuito<\/strong> que se celebrar\u00e1 en <strong>Aluche<\/strong> con motivo del <strong>8M<\/strong>, <strong>D\u00eda Internacional de la Mujer<\/strong>. Creado a partir de la obra teatral m\u00e1s c\u00e9lebre de <strong>Ibsen<\/strong>, <em><strong>Casa de mu\u00f1ecas<\/strong><\/em>.<\/p>\n<p><script async=\"\" src=\"\/\/pagead2.googlesyndication.com\/pagead\/js\/adsbygoogle.js\"><\/script><\/p>\n<!-- Vida 1 -->\n<p><ins class=\"adsbygoogle\" style=\"display: block;\" data-ad-client=\"ca-pub-7450064428034605\" data-ad-slot=\"2284573579\" data-ad-format=\"auto\"><\/ins> <script> (adsbygoogle = window.adsbygoogle || []).push({}); <\/script><\/p>\n<h2>Nora: espect\u00e1culo de danza gratuito en Aluche por el 8M<\/h2>\n<p><script async=\"\" src=\"\/\/pagead2.googlesyndication.com\/pagead\/js\/adsbygoogle.js\"><\/script><\/p>\n<!-- Vida 2 -->\n<p><ins class=\"adsbygoogle\" style=\"display: inline-block; width: 336px; height: 280px;\" data-ad-client=\"ca-pub-7450064428034605\" data-ad-slot=\"9336835571\"><\/ins> <script> (adsbygoogle = window.adsbygoogle || []).push({}); <\/script><\/p>\n<p>El pr\u00f3ximo domingo<strong> 7 de marzo<\/strong> tendr\u00e1 lugar <em><strong>Nora<\/strong><\/em>, de <strong>Rajatabla Danza<\/strong>. Un nuevo <strong>espect\u00e1culo de danza gratuito<\/strong> que se celebrar\u00e1 en <strong>Aluche<\/strong> con motivo del <strong>8M<\/strong>, <strong>D\u00eda Internacional de la Mujer.<\/strong><\/p>\n<p>Este espect\u00e1culo habla de la b\u00fasqueda de la propia identidad, de la libertad del individuo y de la emancipaci\u00f3n de la mujer, temas plenamente vigentes hoy en d\u00eda y que se celebran, reivindican y recuerdan con especial \u00e9nfasis en torno al 8M.<\/p>\n<p><em>Nora<\/em> est\u00e1 dirigido por <strong>Esther Tabla<\/strong> y combina la danza espa\u00f1ola con lenguajes contempor\u00e1neos de diferentes disciplinas: movimiento, luz y palabra, interpretado por <strong>Ana del Rey<\/strong>; y, para esta ocasi\u00f3n, cuenta adem\u00e1s con la m\u00fasica en directo de <strong>Josete Ord\u00f3\u00f1ez<\/strong>.<\/p>\n<p><script async=\"\" src=\"\/\/pagead2.googlesyndication.com\/pagead\/js\/adsbygoogle.js\"><\/script><\/p>\n<!-- Vida vertical -->\n<p><ins class=\"adsbygoogle\" style=\"display: inline-block; width: 300px; height: 600px;\" data-ad-client=\"ca-pub-7450064428034605\" data-ad-slot=\"7296098777\"><\/ins> <script> (adsbygoogle = window.adsbygoogle || []).push({}); <\/script><\/p>\n<p><em>Nora<\/em> se llevara a cabo a las <strong>19:00 horas<\/strong> el pr\u00f3ximo domingo en el <strong>Auditorio y sala de exposiciones Paco de Luc\u00eda (Av. de Las \u00c1guilas, 2A)<\/strong> de Aluche. Adem\u00e1s, ser\u00e1 retrasmitido en <em>streaming<\/em> pinchando en el siguiente <a href=\"http:\/\/www.i-tek.es\/live\/paco-de-lucia\/dia-de-la-mujer-danza-7m\/\">link<\/a>.<\/p>\n<p>\u00a0<\/p>\n\n\n<p><\/p>\n","protected":false},"excerpt":{"rendered":"<p>Creado a partir de la obra teatral m\u00e1s c\u00e9lebre de Ibsen, \u00abCasa de mu\u00f1ecas\u00bb.<\/p>\n","protected":false},"author":9,"featured_media":31406,"comment_status":"open","ping_status":"open","sticky":false,"template":"","format":"standard","meta":{"footnotes":""},"categories":[101,3],"tags":[37,104],"class_list":{"0":"post-31404","1":"post","2":"type-post","3":"status-publish","4":"format-standard","5":"has-post-thumbnail","7":"category-ferias-fiestas-mercados-madrid","8":"category-visita-madrid","9":"tag-la-latina","10":"tag-latina"},"_links":{"self":[{"href":"https:\/\/www.vidademadrid.com\/es\/wp-json\/wp\/v2\/posts\/31404","targetHints":{"allow":["GET"]}}],"collection":[{"href":"https:\/\/www.vidademadrid.com\/es\/wp-json\/wp\/v2\/posts"}],"about":[{"href":"https:\/\/www.vidademadrid.com\/es\/wp-json\/wp\/v2\/types\/post"}],"author":[{"embeddable":true,"href":"https:\/\/www.vidademadrid.com\/es\/wp-json\/wp\/v2\/users\/9"}],"replies":[{"embeddable":true,"href":"https:\/\/www.vidademadrid.com\/es\/wp-json\/wp\/v2\/comments?post=31404"}],"version-history":[{"count":1,"href":"https:\/\/www.vidademadrid.com\/es\/wp-json\/wp\/v2\/posts\/31404\/revisions"}],"predecessor-version":[{"id":31407,"href":"https:\/\/www.vidademadrid.com\/es\/wp-json\/wp\/v2\/posts\/31404\/revisions\/31407"}],"wp:featuredmedia":[{"embeddable":true,"href":"https:\/\/www.vidademadrid.com\/es\/wp-json\/wp\/v2\/media\/31406"}],"wp:attachment":[{"href":"https:\/\/www.vidademadrid.com\/es\/wp-json\/wp\/v2\/media?parent=31404"}],"wp:term":[{"taxonomy":"category","embeddable":true,"href":"https:\/\/www.vidademadrid.com\/es\/wp-json\/wp\/v2\/categories?post=31404"},{"taxonomy":"post_tag","embeddable":true,"href":"https:\/\/www.vidademadrid.com\/es\/wp-json\/wp\/v2\/tags?post=31404"}],"curies":[{"name":"wp","href":"https:\/\/api.w.org\/{rel}","templated":true}]}}