{"id":31198,"date":"2021-02-25T11:55:17","date_gmt":"2021-02-25T10:55:17","guid":{"rendered":"https:\/\/www.vidademadrid.com\/es\/?p=31198"},"modified":"2021-02-25T21:41:40","modified_gmt":"2021-02-25T20:41:40","slug":"cierra-tablao-villa-rosa-madrid-mas-100-anos","status":"publish","type":"post","link":"https:\/\/www.vidademadrid.com\/es\/31198\/cierra-tablao-villa-rosa-madrid-mas-100-anos\/","title":{"rendered":"Cierra el tablao Villa Rosa de Madrid despu\u00e9s de m\u00e1s de 100 a\u00f1os"},"content":{"rendered":"<p><strong>Cierra el tablao flamenco Villa Rosa de Madrid despu\u00e9s 110 a\u00f1os<\/strong>. Por all\u00ed han pasado los mejores artistas del cante, toque y baile de una generaci\u00f3n. Tras un a\u00f1o de <strong>obligado cierre por la pandemia<\/strong>, sus due\u00f1os han decidido no renovar el alquiler.<\/p>\n<p><script async=\"\" src=\"\/\/pagead2.googlesyndication.com\/pagead\/js\/adsbygoogle.js\"><\/script><\/p>\n<p><!-- Vida 1 --><ins class=\"adsbygoogle\" style=\"display: block;\" data-ad-client=\"ca-pub-7450064428034605\" data-ad-slot=\"2284573579\" data-ad-format=\"auto\"><\/ins> <script> (adsbygoogle = window.adsbygoogle || []).push({}); <\/script><\/p>\n<h2>Cierra el tablao Villa Rosa de Madrid despu\u00e9s de m\u00e1s de 100 a\u00f1os<\/h2>\n<p><script async=\"\" src=\"\/\/pagead2.googlesyndication.com\/pagead\/js\/adsbygoogle.js\"><\/script><\/p>\n<p><!-- Vida 2 --><ins class=\"adsbygoogle\" style=\"display: inline-block; width: 336px; height: 280px;\" data-ad-client=\"ca-pub-7450064428034605\" data-ad-slot=\"9336835571\"><\/ins> <script> (adsbygoogle = window.adsbygoogle || []).push({}); <\/script><\/p>\n<p>El <strong>Tablao Villa Rosa de Madrid (Plaza de Sta. Ana, 15)<\/strong> dice adi\u00f3s de manera definitiva despu\u00e9s<strong> 110 a\u00f1os<\/strong> y tras un \u00faltimo a\u00f1o marcado por la pandemia y sus cierres, y ante la incertidumbre, el empresario Jes\u00fas Rodr\u00edguez regente del local, no renovar\u00e1 el contrato de alquiler con el propietario del inmueble.<\/p>\n<p>En esta \u00faltima d\u00e9cada, el Villa Rosa ha estado bajo la direcci\u00f3n art\u00edstica del bailaor <strong>Jonat\u00e1n Mir\u00f3,\u00a0<\/strong>por all\u00ed han pasado los mejores artistas del cante, toque y baile de una generaci\u00f3n.<\/p>\n<p>El propio Mir\u00f3 ha sido qui\u00e9n ha dado la noticia a trav\u00e9s de su cuenta de <strong>Instagram<\/strong>: \u00abEn apenas un mes se cumplir\u00edan diez a\u00f1os de esta nueva etapa en el tablao Villa Rosa de Madrid. Como sab\u00e9is, la pandemia est\u00e1 haciendo estragos en todos los sectores y mucho m\u00e1s en los tablaos flamencos, que se encuentran totalmente desprotegidos. Hoy tengo que comunicar que definitivamente el Tablao Villa Rosa cierra sus puertas\u00bb.<\/p>\n<p><script async=\"\" src=\"\/\/pagead2.googlesyndication.com\/pagead\/js\/adsbygoogle.js\"><\/script><\/p>\n<p><!-- Vida vertical --><ins class=\"adsbygoogle\" style=\"display: inline-block; width: 300px; height: 600px;\" data-ad-client=\"ca-pub-7450064428034605\" data-ad-slot=\"7296098777\"><\/ins> <script> (adsbygoogle = window.adsbygoogle || []).push({}); <\/script><\/p>\n<figure id=\"attachment_31200\" aria-describedby=\"caption-attachment-31200\" style=\"width: 742px\" class=\"wp-caption aligncenter\"><a href=\"https:\/\/www.vidademadrid.com\/es\/wp-content\/uploads\/2021\/02\/Captura.jpg\"><img loading=\"lazy\" decoding=\"async\" class=\"size-full wp-image-31200\" src=\"https:\/\/www.vidademadrid.com\/es\/wp-content\/uploads\/2021\/02\/Captura.jpg\" alt=\"\" width=\"742\" height=\"495\" srcset=\"https:\/\/www.vidademadrid.com\/es\/wp-content\/uploads\/2021\/02\/Captura.jpg 742w, https:\/\/www.vidademadrid.com\/es\/wp-content\/uploads\/2021\/02\/Captura-300x200.jpg 300w, https:\/\/www.vidademadrid.com\/es\/wp-content\/uploads\/2021\/02\/Captura-696x464.jpg 696w, https:\/\/www.vidademadrid.com\/es\/wp-content\/uploads\/2021\/02\/Captura-630x420.jpg 630w\" sizes=\"auto, (max-width: 742px) 100vw, 742px\" \/><\/a><figcaption id=\"caption-attachment-31200\" class=\"wp-caption-text\">Foto: Web Tablao Villa Rosa<\/figcaption><\/figure>\n<p>El<strong> 4 de marzo<\/strong> se celebrar\u00e1 una despedida recordando las estrellas que han pasado por su tablao.<\/p>\n","protected":false},"excerpt":{"rendered":"<p>Tras un a\u00f1o de obligado cierre por la pandemia, sus due\u00f1os han decidido no renovar el alquiler.<\/p>\n","protected":false},"author":9,"featured_media":31199,"comment_status":"open","ping_status":"open","sticky":false,"template":"","format":"standard","meta":{"footnotes":""},"categories":[111,119],"tags":[],"class_list":{"0":"post-31198","1":"post","2":"type-post","3":"status-publish","4":"format-standard","5":"has-post-thumbnail","7":"category-exposiciones-madrid","8":"category-portada"},"_links":{"self":[{"href":"https:\/\/www.vidademadrid.com\/es\/wp-json\/wp\/v2\/posts\/31198","targetHints":{"allow":["GET"]}}],"collection":[{"href":"https:\/\/www.vidademadrid.com\/es\/wp-json\/wp\/v2\/posts"}],"about":[{"href":"https:\/\/www.vidademadrid.com\/es\/wp-json\/wp\/v2\/types\/post"}],"author":[{"embeddable":true,"href":"https:\/\/www.vidademadrid.com\/es\/wp-json\/wp\/v2\/users\/9"}],"replies":[{"embeddable":true,"href":"https:\/\/www.vidademadrid.com\/es\/wp-json\/wp\/v2\/comments?post=31198"}],"version-history":[{"count":2,"href":"https:\/\/www.vidademadrid.com\/es\/wp-json\/wp\/v2\/posts\/31198\/revisions"}],"predecessor-version":[{"id":31202,"href":"https:\/\/www.vidademadrid.com\/es\/wp-json\/wp\/v2\/posts\/31198\/revisions\/31202"}],"wp:featuredmedia":[{"embeddable":true,"href":"https:\/\/www.vidademadrid.com\/es\/wp-json\/wp\/v2\/media\/31199"}],"wp:attachment":[{"href":"https:\/\/www.vidademadrid.com\/es\/wp-json\/wp\/v2\/media?parent=31198"}],"wp:term":[{"taxonomy":"category","embeddable":true,"href":"https:\/\/www.vidademadrid.com\/es\/wp-json\/wp\/v2\/categories?post=31198"},{"taxonomy":"post_tag","embeddable":true,"href":"https:\/\/www.vidademadrid.com\/es\/wp-json\/wp\/v2\/tags?post=31198"}],"curies":[{"name":"wp","href":"https:\/\/api.w.org\/{rel}","templated":true}]}}