{"id":31030,"date":"2021-02-19T09:24:22","date_gmt":"2021-02-19T08:24:22","guid":{"rendered":"https:\/\/www.vidademadrid.com\/es\/?p=31030"},"modified":"2021-02-19T12:44:21","modified_gmt":"2021-02-19T11:44:21","slug":"conecta-vallecas-proyecto-demoler-puente-elevado-m30","status":"publish","type":"post","link":"https:\/\/www.vidademadrid.com\/es\/31030\/conecta-vallecas-proyecto-demoler-puente-elevado-m30\/","title":{"rendered":"Conecta Vallecas: un proyecto para demoler el puente elevado de la M-30"},"content":{"rendered":"<p><strong>Conecta Vallecas<\/strong> se trata de un proyecto para <strong>demoler el puente elevado de la M-30<\/strong> a su paso por<strong> Puente de Vallecas<\/strong>. Pretende hacer una calle m\u00e1s humana, con zonas verdes, deportivas y modos de transporte sostenible.<\/p>\n<p><script async=\"\" src=\"\/\/pagead2.googlesyndication.com\/pagead\/js\/adsbygoogle.js\"><\/script><\/p>\n<p><!-- Vida 1 --><ins class=\"adsbygoogle\" style=\"display: block;\" data-ad-client=\"ca-pub-7450064428034605\" data-ad-slot=\"2284573579\" data-ad-format=\"auto\"><\/ins> <script> (adsbygoogle = window.adsbygoogle || []).push({}); <\/script><\/p>\n<h2>Conecta Vallecas: un proyecto para demoler el puente elevado de la M-30<\/h2>\n<p><script async=\"\" src=\"\/\/pagead2.googlesyndication.com\/pagead\/js\/adsbygoogle.js\"><\/script><\/p>\n<p><!-- Vida 2 --><ins class=\"adsbygoogle\" style=\"display: inline-block; width: 336px; height: 280px;\" data-ad-client=\"ca-pub-7450064428034605\" data-ad-slot=\"9336835571\"><\/ins> <script> (adsbygoogle = window.adsbygoogle || []).push({}); <\/script><\/p>\n<p><strong>Conecta Vallecas<\/strong> es una iniciativa del grupo <strong>M\u00e1s Madrid<\/strong> en el que se pretende <strong>demoler el puente elevado de la M-30<\/strong> a su paso por<strong> Puente de Vallecas, <\/strong>y\u00a0hacer una calle m\u00e1s humana, con zonas verdes, deportivas y modos de transporte sostenible.<\/p>\n<p>As\u00ed desaparecer\u00eda el efecto frontera causado por el puente, conectando<strong> Retiro y Puente de Vallecas<\/strong>, y reducir\u00eda el ruido y la contaminaci\u00f3n, dando respuesta a la demanda vecinal que lleva m\u00e1s de 20 a\u00f1os pidiendo la demolici\u00f3n del puente.<\/p>\n<p><script async=\"\" src=\"\/\/pagead2.googlesyndication.com\/pagead\/js\/adsbygoogle.js\"><\/script><\/p>\n<p><!-- Vida vertical --><ins class=\"adsbygoogle\" style=\"display: inline-block; width: 300px; height: 600px;\" data-ad-client=\"ca-pub-7450064428034605\" data-ad-slot=\"7296098777\"><\/ins> <script> (adsbygoogle = window.adsbygoogle || []).push({}); <\/script><\/p>\n<p>En el Puente de Vallecas <strong>cohabitan dos M-30<\/strong> una en superficie (con 14 carriles, ocho en altura, y seis a ras del suelo) y otra bajo tierra (por le t\u00fanel discurre seis carriles m\u00e1s). Un estudio realizado por el Ayuntamiento de Madrid en 2005 ya daba vialidad a este proyecto.<\/p>\n<p>Conecta Vallecas propone un <strong>proceso participativo<\/strong> para decidir la soluci\u00f3n el dise\u00f1o del espacio liberado por la demolici\u00f3n del puente.<\/p>\n","protected":false},"excerpt":{"rendered":"<p>Pretende hacer una calle m\u00e1s humana, con zonas verdes, deportivas y modos de transporte sostenible.<\/p>\n","protected":false},"author":9,"featured_media":31031,"comment_status":"open","ping_status":"open","sticky":false,"template":"","format":"standard","meta":{"footnotes":""},"categories":[1],"tags":[19,81],"class_list":{"0":"post-31030","1":"post","2":"type-post","3":"status-publish","4":"format-standard","5":"has-post-thumbnail","7":"category-varios","8":"tag-retiro","9":"tag-vallecas"},"_links":{"self":[{"href":"https:\/\/www.vidademadrid.com\/es\/wp-json\/wp\/v2\/posts\/31030","targetHints":{"allow":["GET"]}}],"collection":[{"href":"https:\/\/www.vidademadrid.com\/es\/wp-json\/wp\/v2\/posts"}],"about":[{"href":"https:\/\/www.vidademadrid.com\/es\/wp-json\/wp\/v2\/types\/post"}],"author":[{"embeddable":true,"href":"https:\/\/www.vidademadrid.com\/es\/wp-json\/wp\/v2\/users\/9"}],"replies":[{"embeddable":true,"href":"https:\/\/www.vidademadrid.com\/es\/wp-json\/wp\/v2\/comments?post=31030"}],"version-history":[{"count":3,"href":"https:\/\/www.vidademadrid.com\/es\/wp-json\/wp\/v2\/posts\/31030\/revisions"}],"predecessor-version":[{"id":31040,"href":"https:\/\/www.vidademadrid.com\/es\/wp-json\/wp\/v2\/posts\/31030\/revisions\/31040"}],"wp:featuredmedia":[{"embeddable":true,"href":"https:\/\/www.vidademadrid.com\/es\/wp-json\/wp\/v2\/media\/31031"}],"wp:attachment":[{"href":"https:\/\/www.vidademadrid.com\/es\/wp-json\/wp\/v2\/media?parent=31030"}],"wp:term":[{"taxonomy":"category","embeddable":true,"href":"https:\/\/www.vidademadrid.com\/es\/wp-json\/wp\/v2\/categories?post=31030"},{"taxonomy":"post_tag","embeddable":true,"href":"https:\/\/www.vidademadrid.com\/es\/wp-json\/wp\/v2\/tags?post=31030"}],"curies":[{"name":"wp","href":"https:\/\/api.w.org\/{rel}","templated":true}]}}