{"id":30991,"date":"2021-02-18T12:43:00","date_gmt":"2021-02-18T11:43:00","guid":{"rendered":"https:\/\/www.vidademadrid.com\/es\/?p=30991"},"modified":"2021-02-20T11:38:50","modified_gmt":"2021-02-20T10:38:50","slug":"primark-abre-nueva-tienda-centro-madrid","status":"publish","type":"post","link":"https:\/\/www.vidademadrid.com\/es\/30991\/primark-abre-nueva-tienda-centro-madrid\/","title":{"rendered":"Primark abre una nueva tienda en el centro de Madrid"},"content":{"rendered":"<p>Ya es oficial: <strong>Primark va a abrir una nueva tienda en el centro de Madrid<\/strong>, en una de las zonas comerciales m\u00e1s emblem\u00e1ticas de la capital. Sigue leyendo para descubrir toda la informaci\u00f3n y nuestro v\u00eddeo del edificio que ser\u00e1 <strong>la sede del nuevo Primark<\/strong>.<\/p>\n<h2>Primark abre una nueva tienda en el centro de Madrid<\/h2>\n<p><script async=\"\" src=\"https:\/\/pagead2.googlesyndication.com\/pagead\/js\/adsbygoogle.js\"><\/script><\/p>\n<p><!-- Vertical2020 --><\/p>\n<p><ins class=\"adsbygoogle\" style=\"display: block;\" data-ad-client=\"ca-pub-7450064428034605\" data-ad-slot=\"4377430105\" data-ad-format=\"auto\" data-full-width-responsive=\"true\"><\/ins><script>(adsbygoogle = window.adsbygoogle || []).push({});<\/script><\/p>\n<p>Tras la apertura, en 2015, de la primera tienda de Primark de Madrid capital en la Gran V\u00eda <a href=\"https:\/\/www.vidademadrid.com\/es\/325\/primark-en-la-gran-via-que-locura-fotos-y-video-de-la-inauguracion\/\">(con locura en el d\u00eda de la inauguraci\u00f3n)<\/a>, la cadena irlandesa prepara la apertura de su segunda tienda en el centro de Madrid: ser\u00e1 una flagship ubicada en uno de los barrios comerciales m\u00e1s elegantes de la capital, <strong>el barrio de Salamanca<\/strong>.<\/p>\n<h2>D\u00f3nde estar\u00e1 el nuevo Primark de Madrid<\/h2>\n<p><script async=\"\" src=\"https:\/\/pagead2.googlesyndication.com\/pagead\/js\/adsbygoogle.js\"><\/script> <ins class=\"adsbygoogle\" style=\"display: block; text-align: center;\" data-ad-layout=\"in-article\" data-ad-format=\"fluid\" data-ad-client=\"ca-pub-7450064428034605\" data-ad-slot=\"5670045061\"><\/ins> <script>(adsbygoogle = window.adsbygoogle || []).push({});<\/script><\/p>\n<p>La nueva macrotienda en Madrid capital estar\u00e1 al lado de la estaci\u00f3n de Metro Goya: <a href=\"https:\/\/www.vidademadrid.com\/es\/31049\/primark-conde-de-penalver\/\">Primark estar\u00e1 en Calle del Conde de Pe\u00f1alver 8<\/a><strong>, esquina Hermosilla<\/strong>. En nuestro <strong>v\u00eddeo<\/strong>, te ense\u00f1amos el gran edificio que ser\u00e1 la sede del segundo Primark y te contamos que hab\u00eda antes.<\/p>\n\n\n<script data-wid=\"auto\" type=\"text\/javascript\" src=\"https:\/\/content.viralize.tv\/display\/?zid=AADiaHd5cH72qFIl&amp;cid=AAdjnmizIMuldosB&amp;activation=adfill&amp;vip_mode=playing&amp;vip_position=bottom-right\"><\/script>\n\n\n<p>En <strong>Vida de Madrid<\/strong> te contaremos todo sobre las obras y <strong>la fecha de apertura del nuevo Primark<\/strong>: suscr\u00edbete gratis a nuestro newsletter para no perderte ninguna novedad.<\/p>\n\n\n<div class=\"sender-form-field\" data-sender-form-id=\"kk6nzbf75359tkj6p\"><\/div>\n\n\n\n<script async=\"\" src=\"https:\/\/pagead2.googlesyndication.com\/pagead\/js\/adsbygoogle.js\"><\/script> <ins class=\"adsbygoogle\" style=\"display:block\" data-ad-format=\"fluid\" data-ad-layout-key=\"-7f+eo+1+2-5\" data-ad-client=\"ca-pub-7450064428034605\" data-ad-slot=\"7327027071\"><\/ins><script>(adsbygoogle = window.adsbygoogle || []).push({});<\/script>\n\n\n\n<figure class=\"wp-block-embed is-type-wp-embed is-provider-vida-de-madrid wp-block-embed-vida-de-madrid\"><div class=\"wp-block-embed__wrapper\">\n<blockquote class=\"wp-embedded-content\" data-secret=\"8xSLyFo0jN\"><a href=\"https:\/\/www.vidademadrid.com\/es\/325\/primark-en-la-gran-via-que-locura-fotos-y-video-de-la-inauguracion\/\">Primark en la Gran V\u00eda, \u00a1qu\u00e9 locura! Fotos y v\u00eddeo de la inauguraci\u00f3n<\/a><\/blockquote><iframe loading=\"lazy\" class=\"wp-embedded-content\" sandbox=\"allow-scripts\" security=\"restricted\" style=\"position: absolute; clip: rect(1px, 1px, 1px, 1px);\" title=\"\u00abPrimark en la Gran V\u00eda, \u00a1qu\u00e9 locura! Fotos y v\u00eddeo de la inauguraci\u00f3n\u00bb \u2014 Vida de Madrid\" src=\"https:\/\/www.vidademadrid.com\/es\/325\/primark-en-la-gran-via-que-locura-fotos-y-video-de-la-inauguracion\/embed\/#?secret=8xSLyFo0jN\" data-secret=\"8xSLyFo0jN\" width=\"600\" height=\"338\" frameborder=\"0\" marginwidth=\"0\" marginheight=\"0\" scrolling=\"no\"><\/iframe>\n<\/div><\/figure>\n\n\n\n<figure class=\"wp-block-embed is-type-wp-embed is-provider-vida-de-madrid wp-block-embed-vida-de-madrid\"><div class=\"wp-block-embed__wrapper\">\n<blockquote class=\"wp-embedded-content\" data-secret=\"ycyFDDCYdt\"><a href=\"https:\/\/www.vidademadrid.com\/es\/107\/primark-gran-via-madrid-apertura-info\/\">Primark en la Gran V\u00eda de Madrid: apertura el 15 de octubre 2015<\/a><\/blockquote><iframe loading=\"lazy\" class=\"wp-embedded-content\" sandbox=\"allow-scripts\" security=\"restricted\" style=\"position: absolute; clip: rect(1px, 1px, 1px, 1px);\" title=\"\u00abPrimark en la Gran V\u00eda de Madrid: apertura el 15 de octubre 2015\u00bb \u2014 Vida de Madrid\" src=\"https:\/\/www.vidademadrid.com\/es\/107\/primark-gran-via-madrid-apertura-info\/embed\/#?secret=ycyFDDCYdt\" data-secret=\"ycyFDDCYdt\" width=\"600\" height=\"338\" frameborder=\"0\" marginwidth=\"0\" marginheight=\"0\" scrolling=\"no\"><\/iframe>\n<\/div><\/figure>\n","protected":false},"excerpt":{"rendered":"<p>Nuestro v\u00eddeo del edificio del nuevo Primark<\/p>\n","protected":false},"author":1,"featured_media":30993,"comment_status":"open","ping_status":"open","sticky":false,"template":"","format":"standard","meta":{"footnotes":""},"categories":[119,27],"tags":[147,15],"class_list":{"0":"post-30991","1":"post","2":"type-post","3":"status-publish","4":"format-standard","5":"has-post-thumbnail","7":"category-portada","8":"category-tiendas-madrid","9":"tag-primark","10":"tag-salamanca"},"_links":{"self":[{"href":"https:\/\/www.vidademadrid.com\/es\/wp-json\/wp\/v2\/posts\/30991","targetHints":{"allow":["GET"]}}],"collection":[{"href":"https:\/\/www.vidademadrid.com\/es\/wp-json\/wp\/v2\/posts"}],"about":[{"href":"https:\/\/www.vidademadrid.com\/es\/wp-json\/wp\/v2\/types\/post"}],"author":[{"embeddable":true,"href":"https:\/\/www.vidademadrid.com\/es\/wp-json\/wp\/v2\/users\/1"}],"replies":[{"embeddable":true,"href":"https:\/\/www.vidademadrid.com\/es\/wp-json\/wp\/v2\/comments?post=30991"}],"version-history":[{"count":2,"href":"https:\/\/www.vidademadrid.com\/es\/wp-json\/wp\/v2\/posts\/30991\/revisions"}],"predecessor-version":[{"id":31062,"href":"https:\/\/www.vidademadrid.com\/es\/wp-json\/wp\/v2\/posts\/30991\/revisions\/31062"}],"wp:featuredmedia":[{"embeddable":true,"href":"https:\/\/www.vidademadrid.com\/es\/wp-json\/wp\/v2\/media\/30993"}],"wp:attachment":[{"href":"https:\/\/www.vidademadrid.com\/es\/wp-json\/wp\/v2\/media?parent=30991"}],"wp:term":[{"taxonomy":"category","embeddable":true,"href":"https:\/\/www.vidademadrid.com\/es\/wp-json\/wp\/v2\/categories?post=30991"},{"taxonomy":"post_tag","embeddable":true,"href":"https:\/\/www.vidademadrid.com\/es\/wp-json\/wp\/v2\/tags?post=30991"}],"curies":[{"name":"wp","href":"https:\/\/api.w.org\/{rel}","templated":true}]}}