{"id":30977,"date":"2021-02-18T11:01:38","date_gmt":"2021-02-18T10:01:38","guid":{"rendered":"https:\/\/www.vidademadrid.com\/es\/?p=30977"},"modified":"2021-02-18T11:05:33","modified_gmt":"2021-02-18T10:05:33","slug":"video-asi-sera-proyecto-m30-paso-vicente-calderon","status":"publish","type":"post","link":"https:\/\/www.vidademadrid.com\/es\/30977\/video-asi-sera-proyecto-m30-paso-vicente-calderon\/","title":{"rendered":"V\u00eddeo: as\u00ed ser\u00e1 el nuevo proyecto de la M-30 a su paso por el Vicente Calder\u00f3n"},"content":{"rendered":"<p>V\u00eddeo: as\u00ed ser\u00e1 el<strong> proyecto de cubrici\u00f3n de la M-30<\/strong> a su paso por el antiguo estadio <strong>Vicente Calder\u00f3n<\/strong>. Esta infraestructura permitir\u00e1 culminar el parque <strong>Madrid R\u00edo<\/strong>. Las obras supondr\u00e1n la construcci\u00f3n de una <strong>estructura de 620 metros de longitud<\/strong> y <strong>40 metros de anchura<\/strong>.<\/p>\n<p><script async=\"\" src=\"\/\/pagead2.googlesyndication.com\/pagead\/js\/adsbygoogle.js\"><\/script><\/p>\n<p><!-- Vida 1 --><\/p>\n<p><ins class=\"adsbygoogle\" style=\"display: block;\" data-ad-client=\"ca-pub-7450064428034605\" data-ad-slot=\"2284573579\" data-ad-format=\"auto\"><\/ins> <script> (adsbygoogle = window.adsbygoogle || []).push({}); <\/script><\/p>\n<h2>V\u00eddeo: as\u00ed ser\u00e1 el nuevo proyecto de la M-30 a su paso por el Vicente Calder\u00f3n<\/h2>\n<p><script async=\"\" src=\"\/\/pagead2.googlesyndication.com\/pagead\/js\/adsbygoogle.js\"><\/script><\/p>\n<p><!-- Vida 2 --><\/p>\n<p><ins class=\"adsbygoogle\" style=\"display: inline-block; width: 336px; height: 280px;\" data-ad-client=\"ca-pub-7450064428034605\" data-ad-slot=\"9336835571\"><\/ins> <script> (adsbygoogle = window.adsbygoogle || []).push({}); <\/script><\/p>\n<p>El<strong> Ayuntamiento de Madrid<\/strong> va a aprobar un <strong>nuevo proyecto de cubrici\u00f3n de la M-30 a su paso por el antiguo estadio Vicente Calder\u00f3n<\/strong> con el que se pretende culminar el parque Madrid R\u00edo. Va a tener un presupuesto de <strong>69 millones de euro<\/strong>s y un <strong>plazo de ejecuci\u00f3n de 20 meses<\/strong>.&nbsp;<\/p>\n<p>Las obras supondr\u00e1n la construcci\u00f3n de una <strong>estructura de 620 metros de longitud<\/strong> y <strong>40 metros de anchura<\/strong>. El alcalde de Madrid, <strong>Jos\u00e9 Luis Mart\u00ednez-Almeida<\/strong>, ha dicho que \u201ceste extraordinario proyecto nos permite culminar la operaci\u00f3n de transformaci\u00f3n urbana m\u00e1s importante en este siglo en cualquier capital europea como fue el soterramiento de la M-30\u201d.<\/p>\n<p>La soluci\u00f3n proyectada <strong>mantiene el trazado actual de la M-30<\/strong>, que une las dos bocas del t\u00fanel existente, permitiendo la entrada desde la <strong>calle San Epifanio<\/strong>. Durante todo el proceso se mantendr\u00e1 <strong>la circulaci\u00f3n de la M-30 por el desv\u00edo provisional<\/strong>, que ser\u00e1 demolido una vez finalicen las obras y se restituya el tr\u00e1fico a la calzada definitiva.<\/p>\n<p><script async=\"\" src=\"\/\/pagead2.googlesyndication.com\/pagead\/js\/adsbygoogle.js\"><\/script><\/p>\n<p><!-- Vida vertical --><\/p>\n<p><ins class=\"adsbygoogle\" style=\"display: inline-block; width: 300px; height: 600px;\" data-ad-client=\"ca-pub-7450064428034605\" data-ad-slot=\"7296098777\"><\/ins> <script> (adsbygoogle = window.adsbygoogle || []).push({}); <\/script><\/p>\n<p><script data-wid=\"auto\" type=\"text\/javascript\" src=\"https:\/\/content.viralize.tv\/display\/?zid=AADiaHd5cH72qFIl&amp;cid=AAdiri3yClzKzv28&amp;activation=adfill&amp;vip_mode=playing&amp;vip_position=bottom-right\"><\/script><\/p>\n<p>La fachada del t\u00fanel hacia el r\u00edo estar\u00e1 formada por un pa\u00f1o de granito que d\u00e9 continuidad al ya ejecutado y contar\u00e1 con tres miradores que volar\u00e1n sobre el cauce para generar nuevas perspectivas del parque. Una terminada esta estructura, la Junta de Compensaci\u00f3n del <a href=\"https:\/\/www.vidademadrid.com\/es\/23936\/mahou-calderon-nuevos-pisos-obra-nueva-proyecto-river-park\/\">desarrollo Mahou-Vicente Calder\u00f3n<\/a> proceder\u00e1 a la ejecuci\u00f3n del parque sobre su cubierta con los mismos criterios paisaj\u00edsticos y de dise\u00f1o de <strong>Madrid R\u00edo<\/strong>.<\/p>\n<p>&nbsp;<\/p>\n\n\n<figure class=\"wp-block-embed is-type-wp-embed is-provider-vida-de-madrid wp-block-embed-vida-de-madrid\"><div class=\"wp-block-embed__wrapper\">\n<blockquote class=\"wp-embedded-content\" data-secret=\"8ainJXbAbt\"><a href=\"https:\/\/www.vidademadrid.com\/es\/23936\/mahou-calderon-nuevos-pisos-obra-nueva-proyecto-river-park\/\">River Park, el gran proyecto de la Operaci\u00f3n Mahou-Calder\u00f3n<\/a><\/blockquote><iframe loading=\"lazy\" class=\"wp-embedded-content\" sandbox=\"allow-scripts\" security=\"restricted\" style=\"position: absolute; clip: rect(1px, 1px, 1px, 1px);\" title=\"\u00abRiver Park, el gran proyecto de la Operaci\u00f3n Mahou-Calder\u00f3n\u00bb \u2014 Vida de Madrid\" src=\"https:\/\/www.vidademadrid.com\/es\/23936\/mahou-calderon-nuevos-pisos-obra-nueva-proyecto-river-park\/embed\/#?secret=8ainJXbAbt\" data-secret=\"8ainJXbAbt\" width=\"600\" height=\"338\" frameborder=\"0\" marginwidth=\"0\" marginheight=\"0\" scrolling=\"no\"><\/iframe>\n<\/div><\/figure>\n","protected":false},"excerpt":{"rendered":"<p>Las obras supondr\u00e1n la construcci\u00f3n de una estructura de 620 metros de longitud y 40 metros de anchura.<\/p>\n","protected":false},"author":9,"featured_media":30978,"comment_status":"open","ping_status":"open","sticky":false,"template":"","format":"standard","meta":{"footnotes":""},"categories":[101],"tags":[76,129],"class_list":{"0":"post-30977","1":"post","2":"type-post","3":"status-publish","4":"format-standard","5":"has-post-thumbnail","7":"category-ferias-fiestas-mercados-madrid","8":"tag-atletico-de-madrid","9":"tag-madrid-rio"},"_links":{"self":[{"href":"https:\/\/www.vidademadrid.com\/es\/wp-json\/wp\/v2\/posts\/30977","targetHints":{"allow":["GET"]}}],"collection":[{"href":"https:\/\/www.vidademadrid.com\/es\/wp-json\/wp\/v2\/posts"}],"about":[{"href":"https:\/\/www.vidademadrid.com\/es\/wp-json\/wp\/v2\/types\/post"}],"author":[{"embeddable":true,"href":"https:\/\/www.vidademadrid.com\/es\/wp-json\/wp\/v2\/users\/9"}],"replies":[{"embeddable":true,"href":"https:\/\/www.vidademadrid.com\/es\/wp-json\/wp\/v2\/comments?post=30977"}],"version-history":[{"count":4,"href":"https:\/\/www.vidademadrid.com\/es\/wp-json\/wp\/v2\/posts\/30977\/revisions"}],"predecessor-version":[{"id":30985,"href":"https:\/\/www.vidademadrid.com\/es\/wp-json\/wp\/v2\/posts\/30977\/revisions\/30985"}],"wp:featuredmedia":[{"embeddable":true,"href":"https:\/\/www.vidademadrid.com\/es\/wp-json\/wp\/v2\/media\/30978"}],"wp:attachment":[{"href":"https:\/\/www.vidademadrid.com\/es\/wp-json\/wp\/v2\/media?parent=30977"}],"wp:term":[{"taxonomy":"category","embeddable":true,"href":"https:\/\/www.vidademadrid.com\/es\/wp-json\/wp\/v2\/categories?post=30977"},{"taxonomy":"post_tag","embeddable":true,"href":"https:\/\/www.vidademadrid.com\/es\/wp-json\/wp\/v2\/tags?post=30977"}],"curies":[{"name":"wp","href":"https:\/\/api.w.org\/{rel}","templated":true}]}}