{"id":30943,"date":"2021-02-17T11:18:51","date_gmt":"2021-02-17T10:18:51","guid":{"rendered":"https:\/\/www.vidademadrid.com\/es\/?p=30943"},"modified":"2021-02-17T11:24:01","modified_gmt":"2021-02-17T10:24:01","slug":"quien-ocupara-genova13-donde-estara-nueva-sede-pp-madrid","status":"publish","type":"post","link":"https:\/\/www.vidademadrid.com\/es\/30943\/quien-ocupara-genova13-donde-estara-nueva-sede-pp-madrid\/","title":{"rendered":"\u00bfQui\u00e9n ocupar\u00e1 G\u00e9nova 13? \u00bfD\u00f3nde estar\u00e1 la nueva sede del PP en Madrid?"},"content":{"rendered":"<p>El <strong>Partido Popular<\/strong> deja su sede en la<strong> calle G\u00e9nova, 13<\/strong>, despu\u00e9s de 38 a\u00f1os. <strong>\u00bfQui\u00e9n la ocupar\u00e1?<\/strong> \u00bfD\u00f3nde estar\u00e1 la nueva sede del PP en Madrid? La venta del edificio podr\u00eda tasarse en <strong>70 millones de euros<\/strong>.<\/p>\n<p><script async=\"\" src=\"\/\/pagead2.googlesyndication.com\/pagead\/js\/adsbygoogle.js\"><\/script><\/p>\n<p><!-- Vida 1 --><\/p>\n<p><ins class=\"adsbygoogle\" style=\"display: block;\" data-ad-client=\"ca-pub-7450064428034605\" data-ad-slot=\"2284573579\" data-ad-format=\"auto\"><\/ins> <script> (adsbygoogle = window.adsbygoogle || []).push({}); <\/script><\/p>\n<h2>\u00bfQui\u00e9n ocupar\u00e1 G\u00e9nova 13? \u00bfD\u00f3nde estar\u00e1 la nueva sede del PP en Madrid?<\/h2>\n<p><script async=\"\" src=\"\/\/pagead2.googlesyndication.com\/pagead\/js\/adsbygoogle.js\"><\/script><\/p>\n<p><!-- Vida 2 --><\/p>\n<p><ins class=\"adsbygoogle\" style=\"display: inline-block; width: 336px; height: 280px;\" data-ad-client=\"ca-pub-7450064428034605\" data-ad-slot=\"9336835571\"><\/ins> <script> (adsbygoogle = window.adsbygoogle || []).push({}); <\/script><\/p>\n<p>El l\u00edder del <strong>Partido Popular, Pablo Casado<\/strong>, anunciaba ayer que dejar\u00e1n la sede nacional que ha ocupado su partido en la <strong>calle G\u00e9nova, 13 de Madrid<\/strong> despu\u00e9s de 38 a\u00f1os, porque en palabras de Casado no deben\u00a0\u00abseguir en una sede cuya reforma est\u00e1 siendo investigada en los tribunales\u00bb, pero \u00bfQui\u00e9n ocupar\u00e1 ahora este edificio? \u00bfD\u00f3nde estar\u00e1 la nueva sede del PP?<\/p>\n<p>La ubicaci\u00f3n de la<strong> sede del Partido Popular en G\u00e9nova, 13 (distrito Chamber\u00ed), <\/strong>es una de las zonas donde el metro cuadrado est\u00e1 m\u00e1s cotizado en Espa\u00f1a, y tiene una superficie total construida -incluyendo los aparcamientos- de <strong>10.243 m<sup>2, <\/sup><\/strong>seg\u00fan la <strong>Sede Electr\u00f3nica del Catastro<\/strong>.<\/p>\n<figure id=\"attachment_30947\" aria-describedby=\"caption-attachment-30947\" style=\"width: 1158px\" class=\"wp-caption aligncenter\"><a href=\"https:\/\/www.vidademadrid.com\/es\/wp-content\/uploads\/2021\/02\/WhatsApp-Image-2021-02-17-at-11.21.20.jpeg\"><img loading=\"lazy\" decoding=\"async\" class=\"size-full wp-image-30947\" src=\"https:\/\/www.vidademadrid.com\/es\/wp-content\/uploads\/2021\/02\/WhatsApp-Image-2021-02-17-at-11.21.20.jpeg\" alt=\"\" width=\"1158\" height=\"880\" srcset=\"https:\/\/www.vidademadrid.com\/es\/wp-content\/uploads\/2021\/02\/WhatsApp-Image-2021-02-17-at-11.21.20.jpeg 1158w, https:\/\/www.vidademadrid.com\/es\/wp-content\/uploads\/2021\/02\/WhatsApp-Image-2021-02-17-at-11.21.20-300x228.jpeg 300w, https:\/\/www.vidademadrid.com\/es\/wp-content\/uploads\/2021\/02\/WhatsApp-Image-2021-02-17-at-11.21.20-1024x778.jpeg 1024w, https:\/\/www.vidademadrid.com\/es\/wp-content\/uploads\/2021\/02\/WhatsApp-Image-2021-02-17-at-11.21.20-768x584.jpeg 768w, https:\/\/www.vidademadrid.com\/es\/wp-content\/uploads\/2021\/02\/WhatsApp-Image-2021-02-17-at-11.21.20-696x529.jpeg 696w, https:\/\/www.vidademadrid.com\/es\/wp-content\/uploads\/2021\/02\/WhatsApp-Image-2021-02-17-at-11.21.20-1068x812.jpeg 1068w, https:\/\/www.vidademadrid.com\/es\/wp-content\/uploads\/2021\/02\/WhatsApp-Image-2021-02-17-at-11.21.20-553x420.jpeg 553w, https:\/\/www.vidademadrid.com\/es\/wp-content\/uploads\/2021\/02\/WhatsApp-Image-2021-02-17-at-11.21.20-80x60.jpeg 80w\" sizes=\"auto, (max-width: 1158px) 100vw, 1158px\" \/><\/a><figcaption id=\"caption-attachment-30947\" class=\"wp-caption-text\">Foto: Web Sede Electr\u00f3nica Catastro<\/figcaption><\/figure>\n<p>Seg\u00fan <strong><em>El Economista<\/em><\/strong>, el valor de la todav\u00eda sede del PP en Madrid podr\u00eda situarse en torno a <strong>55-70 millones de euro<\/strong>s, por otro lado desde<strong> Idealista Data<\/strong> cifran a G\u00e9nova, 13, en unos <strong>36 millones de euros<\/strong>: <strong>30 millones de euros las oficinas<\/strong> y en <strong>6 millones las 93 plazas de aparcamiento<\/strong>. El partido pag\u00f3 alrededor de 37 millones en 2006 a la aseguradora <strong>Mapfre<\/strong> (antigua propietaria del edificio).<\/p>\n<p>Ante la crisis econ\u00f3mica generada por la pandemia de la <strong>Covid19<\/strong>, y el montante de la operaci\u00f3n son pocas las empresas que pueden hacer frente a un desembolso de este calibre para comprar el edificio. Todav\u00eda no ha trascendido qui\u00e9n ser\u00e1 el nuevo inquilino de G\u00e9nova, 13, pero solo estar\u00eda al alcance de multinacionales como <strong>Inditex, Banco Santander o Iberdrola.<\/strong><\/p>\n<p><script async=\"\" src=\"\/\/pagead2.googlesyndication.com\/pagead\/js\/adsbygoogle.js\"><\/script><\/p>\n<p><!-- Vida vertical --><\/p>\n<p><ins class=\"adsbygoogle\" style=\"display: inline-block; width: 300px; height: 600px;\" data-ad-client=\"ca-pub-7450064428034605\" data-ad-slot=\"7296098777\"><\/ins> <script> (adsbygoogle = window.adsbygoogle || []).push({}); <\/script><\/p>\n<blockquote class=\"twitter-tweet\">\n<p dir=\"ltr\" lang=\"es\">\u00abCualquier conducta no ejemplar no forma parte del patrimonio a defender del PP. Cambiaremos la sede nacional de ubicaci\u00f3n y crearemos un departamento para establecer mecanismos de transparencia, rendici\u00f3n de cuentas y un canal an\u00f3nimo de denuncias\u00bb.<\/p>\n<p>? <a href=\"https:\/\/twitter.com\/pablocasado_?ref_src=twsrc%5Etfw\">@pablocasado_<\/a> <a href=\"https:\/\/t.co\/IVONkwqXBz\">pic.twitter.com\/IVONkwqXBz<\/a><\/p>\n<p>\u2014 Partido Popular (@populares) <a href=\"https:\/\/twitter.com\/populares\/status\/1361651170742329347?ref_src=twsrc%5Etfw\">February 16, 2021<\/a><\/p>\n<\/blockquote>\n<p><script async=\"\" src=\"https:\/\/platform.twitter.com\/widgets.js\" charset=\"utf-8\"><\/script><\/p>\n<p>Lo que s\u00ed ha trascendido -con mucho misterio- es la nueva ubicaci\u00f3n de la sede nacional del Partido Popular. Pablo Casado aseguraba en su comparecencia de ayer que la mudanza de la actual sede se producir\u00e1 \u00abcuanto antes\u00bb, y desde<strong><em> El Espa\u00f1ol<\/em><\/strong> aseguran que la nueva ubicaci\u00f3n ser\u00e1 <strong>c\u00e9ntrica y dentro de la M-30<\/strong>. Un experto inmobiliario ha asegurado en <em><strong>ABC<\/strong> <\/em>que existen pocos lugares en Madrid que re\u00fanan las condiciones y caracter\u00edsticas para convertirse en la nueva sede nacional del PP, y que esas ubicaciones se podr\u00edan dar en el <strong>barrio de Salamanca<\/strong>, en plena <strong>milla de oro de la capital<\/strong> o cerca de la plaza de\u00a0<strong>Manuel Becerra.<\/strong><\/p>\n\n\n<p><\/p>\n","protected":false},"excerpt":{"rendered":"<p>La venta del edificio podr\u00eda tasarse en 70 millones de euros.<\/p>\n","protected":false},"author":9,"featured_media":30944,"comment_status":"open","ping_status":"open","sticky":false,"template":"","format":"standard","meta":{"footnotes":""},"categories":[1],"tags":[10,15],"class_list":{"0":"post-30943","1":"post","2":"type-post","3":"status-publish","4":"format-standard","5":"has-post-thumbnail","7":"category-varios","8":"tag-chamberi-madrid","9":"tag-salamanca"},"_links":{"self":[{"href":"https:\/\/www.vidademadrid.com\/es\/wp-json\/wp\/v2\/posts\/30943","targetHints":{"allow":["GET"]}}],"collection":[{"href":"https:\/\/www.vidademadrid.com\/es\/wp-json\/wp\/v2\/posts"}],"about":[{"href":"https:\/\/www.vidademadrid.com\/es\/wp-json\/wp\/v2\/types\/post"}],"author":[{"embeddable":true,"href":"https:\/\/www.vidademadrid.com\/es\/wp-json\/wp\/v2\/users\/9"}],"replies":[{"embeddable":true,"href":"https:\/\/www.vidademadrid.com\/es\/wp-json\/wp\/v2\/comments?post=30943"}],"version-history":[{"count":3,"href":"https:\/\/www.vidademadrid.com\/es\/wp-json\/wp\/v2\/posts\/30943\/revisions"}],"predecessor-version":[{"id":30948,"href":"https:\/\/www.vidademadrid.com\/es\/wp-json\/wp\/v2\/posts\/30943\/revisions\/30948"}],"wp:featuredmedia":[{"embeddable":true,"href":"https:\/\/www.vidademadrid.com\/es\/wp-json\/wp\/v2\/media\/30944"}],"wp:attachment":[{"href":"https:\/\/www.vidademadrid.com\/es\/wp-json\/wp\/v2\/media?parent=30943"}],"wp:term":[{"taxonomy":"category","embeddable":true,"href":"https:\/\/www.vidademadrid.com\/es\/wp-json\/wp\/v2\/categories?post=30943"},{"taxonomy":"post_tag","embeddable":true,"href":"https:\/\/www.vidademadrid.com\/es\/wp-json\/wp\/v2\/tags?post=30943"}],"curies":[{"name":"wp","href":"https:\/\/api.w.org\/{rel}","templated":true}]}}