{"id":3081,"date":"2016-09-16T10:41:19","date_gmt":"2016-09-16T08:41:19","guid":{"rendered":"http:\/\/www.vidademadrid.com\/es\/?p=3081"},"modified":"2020-03-27T10:57:38","modified_gmt":"2020-03-27T09:57:38","slug":"mercado-de-san-anton-chueca-madrid","status":"publish","type":"post","link":"https:\/\/www.vidademadrid.com\/es\/3081\/mercado-de-san-anton-chueca-madrid\/","title":{"rendered":"El Mercado de San Ant\u00f3n, en Chueca"},"content":{"rendered":"<p>Empieza en <a href=\"http:\/\/www.vidademadrid.com\">Vida de Madrid<\/a> un especial dedicado a los mercados de Madrid: <strong><a href=\"\/es\/mercados-de-madrid\">Vida de Mercados de Madrid<\/a><\/strong>! En Madrid, en el 2016, decir \u00abMercado\u00bb significa decir muchas cosas: no s\u00f3lo lugares donde comprar fruta, carne y pescado pero tambi\u00e9n lugares atractivos (y cada vez m\u00e1s modernos y originales) donde pararse para comer algo o beber un c\u00f3ctel. En muchos casos hablamos de lugares que merecen una visita por su estilo arquitect\u00f3nico o localizaci\u00f3n. Y, adem\u00e1s, sitios donde tambi\u00e9n se celebran eventos culturales, art\u00edsticos o gastron\u00f3micos.<\/p>\n<p>Cada p\u00e1gina del especial ser\u00e1 dedicada a un mercado, contar\u00e1 todo lo que est\u00e1 en el mercado y estar\u00e1 actualizada en futuro para contar los eventos y las nuevas aperturas. <strong>Empezamos con el Mercado de S\u00e1n Anton!<\/strong><\/p>\n<h2>Mercado de San Ant\u00f3n &#8211; introducci\u00f3n<\/h2>\n<p>Vamos a Chueca, a escasos metros de la Gran V\u00eda, a un mercado que lo tiene todo. San Ant\u00f3n es <strong>ideal para vecinos y turistas<\/strong>. Es s\u00faper c\u00e9ntrico pero no est\u00e1 tan lleno como el Mercado de San Miguel. Lleva abierto desde el 2011. La calidad es alta, hay muchas opciones para comer y se organizan actividades interesantes.<\/p>\n<p>En la primera planta est\u00e1 el mercado tradicional (y m\u00e1s), en la segunda los bares (mejor dicho: puestos de comida take away con mesas compartidas), en la tercera la terraza y el \u00fanico restaurante (\u00ab<em>La Cocina de San Ant\u00f3n<\/em>\u00ab). En la planta -1, el supermercado Supercor.<\/p>\n<h2>Mercado de San Ant\u00f3n &#8211; primera planta<\/h2>\n<p>Tenemos que parar en la primera planta porque &#8211; a parte del los puestos de mercado tradicional &#8211; hay <strong>algo nuevo (apertura 2016) y muy interesante<\/strong>: el <strong>\u00abFish Corner\u00bb<\/strong> de La Trastienda Tapas. Al lado de la pescaderia han montado un espacio con barra y mesas para comer pescado fresco cocinado al momento! No os pod\u00e9is perder el tataki de at\u00fan, una delicia! Si os gustan las ostras ten\u00e9is que probarlas aqu\u00ed: hay mucha variedad, son verdaderos expertos en el tema. A quien no le guste mucho el pescado puede tambi\u00e9n detenerse en este puesto, porque La Trastienda Tapas ofrece tambi\u00e9n platos de la huerta, muy ricos!<\/p>\n<p>Otra novedad del a\u00f1o es la apertura (en septiembre 2016) de <strong>Lolo Polos<\/strong>, la marca de polos artesanos con sus polos artesanos, llamados &#8216;Lolos\u00bb, hechos exclusivamente con ingredientes naturales y de temporada.<\/p>\n<h2>Mercado de San Ant\u00f3n &#8211; segunda planta<\/h2>\n<p>Aqu\u00ed hay <strong>muchos puestos para comer<\/strong>. Entre ellos, la tienda del bacalao ofrece un gran surtido de mini-tostas y canap\u00e9s por 1 euro la unidad, y puedes escoger tu mismo de qu\u00e9 componer tu bandeja, si de pulpo, bacalao, at\u00fan, etc.<br \/>\nAbsolutamente aconsejado tambi\u00e9n el puesto de los postres, por sus helados pero sobre todo por sus ricas tartas.<\/p>\n<p>Pero esto es solo un peque\u00f1o adelanto, hay comida de todas las nacionalidades y muchas tapas que os sorprender\u00e1n.<\/p>\n<p>En la segunda planta hay tambi\u00e9n, a partir del 19 mayo 2016, una <strong>exposici\u00f3n permanente y gratuita llamada \u00abDibujo MERCADO\u00bb<\/strong>, una selecci\u00f3n de dibujos sobre la vida cotidiana de tres mercados: San Ant\u00f3n, Ant\u00f3n Mart\u00edn y San Fernando. Curioso el material usado: el papel de estraza gris, el de los mercados de toda la vida.<\/p>\n<blockquote class=\"instagram-media\" data-instgrm-captioned data-instgrm-version=\"7\" style=\" background:#FFF; border:0; border-radius:3px; box-shadow:0 0 1px 0 rgba(0,0,0,0.5),0 1px 10px 0 rgba(0,0,0,0.15); margin: 1px; max-width:658px; padding:0; width:99.375%; width:-webkit-calc(100% - 2px); width:calc(100% - 2px);\">\n<div style=\"padding:8px;\">\n<div style=\" background:#F8F8F8; line-height:0; margin-top:40px; padding:35.0520833333% 0; text-align:center; width:100%;\">\n<div style=\" background:url(data:image\/png;base64,iVBORw0KGgoAAAANSUhEUgAAACwAAAAsCAMAAAApWqozAAAABGdBTUEAALGPC\/xhBQAAAAFzUkdCAK7OHOkAAAAMUExURczMzPf399fX1+bm5mzY9AMAAADiSURBVDjLvZXbEsMgCES5\/P8\/t9FuRVCRmU73JWlzosgSIIZURCjo\/ad+EQJJB4Hv8BFt+IDpQoCx1wjOSBFhh2XssxEIYn3ulI\/6MNReE07UIWJEv8UEOWDS88LY97kqyTliJKKtuYBbruAyVh5wOHiXmpi5we58Ek028czwyuQdLKPG1Bkb4NnM+VeAnfHqn1k4+GPT6uGQcvu2h2OVuIf\/gWUFyy8OWEpdyZSa3aVCqpVoVvzZZ2VTnn2wU8qzVjDDetO90GSy9mVLqtgYSy231MxrY6I2gGqjrTY0L8fxCxfCBbhWrsYYAAAAAElFTkSuQmCC); display:block; height:44px; margin:0 auto -44px; position:relative; top:-22px; width:44px;\"><\/div>\n<\/div>\n<p style=\" margin:8px 0 0 0; padding:0 4px;\"> <a href=\"https:\/\/www.instagram.com\/p\/BFi1rYMqpIj\/\" style=\" color:#000; font-family:Arial,sans-serif; font-size:14px; font-style:normal; font-weight:normal; line-height:17px; text-decoration:none; word-wrap:break-word;\" target=\"_blank\" rel=\"noopener noreferrer\">A partir de ma\u00f1ana tendremos una exposici\u00f3n permanente en #MercadoSanAnton de dibujos hechos en papel de estraza gris, el que se ha usado toda la vida en los mercados! Os invitamos a que os pas\u00e9is porque son todos preciosos ? #Madrid #chueca #artwork #sketch #drawing #draw #mercadosytres<\/a><\/p>\n<p style=\" color:#c9c8cd; font-family:Arial,sans-serif; font-size:14px; line-height:17px; margin-bottom:0; margin-top:8px; overflow:hidden; padding:8px 0 7px; text-align:center; text-overflow:ellipsis; white-space:nowrap;\">Una foto pubblicata da Mercado San Anton (@mercadosananton) in data: <time style=\" font-family:Arial,sans-serif; font-size:14px; line-height:17px;\" datetime=\"2016-05-18T09:56:26+00:00\">18 Mag 2016 alle ore 02:56 PDT<\/time><\/p>\n<\/div>\n<\/blockquote>\n<p><script async defer src=\"\/\/platform.instagram.com\/en_US\/embeds.js\"><\/script><\/p>\n<h2>Mercado de San Ant\u00f3n &#8211; tercera planta<\/h2>\n<p>Merece la pena subir a la tercera planta solo para admirar lo bonitas que son las <strong>vistas de los tejados de Chueca<\/strong>. Si hace bueno, \u00bfpor qu\u00e9 no sentarse en un sof\u00e1 y tomar algo all\u00ed? No puedo decir mucho sobre el restaurante, todav\u00eda no lo he visitado.<\/p>\n<h2>Mercado de San Ant\u00f3n &#8211; actividades<\/h2>\n<p>El Mercado de San Ant\u00f3n organiza unas actividades interesantes. Por ejemplo, en el D\u00eda del Libro, se organiz\u00f3 <strong>\u00abLibros por recetas\u00bb<\/strong>: quien tra\u00eda su receta favorita escrita ten\u00eda como regalo un libro!<\/p>\n<h2>Mercado de San Ant\u00f3n &#8211; d\u00f3nde est\u00e1 y horarios<\/h2>\n<p><strong>Direcci\u00f3n:<\/strong> Calle de Augusto Figueroa, 24, Madrid. Metro: Chueca o Gran V\u00eda.<br \/>\n<strong>Horario:<\/strong> lunes-jueves 10:00\u201324:00; viernes-domingo 10:00\u20131:30.<\/p>\n<p><i>Esta p\u00e1gina ser\u00e1 actualizada a\u00f1adiendo m\u00e1s info sobre los locales del Mercado y las \u00faltimas novedades. Si quieres contarme algo o corregir alguna info, <a href=\"\/es\/contacto\">escr\u00edbeme<\/a>! P\u00e1gina online desde el xx mayo 2016. En la fecha en alto la \u00faltima actualizaci\u00f3n.<\/i><\/p>\n<h2>Mercado de San Ant\u00f3n &#8211; las fotos<\/h2>\n<div id=\"gallery-2\" class=\"gallery galleryid-1121 gallery-columns-1 gallery-size-full\">\n<figure class=\"gallery-item\">\n<div class=\"gallery-icon portrait\"><img loading=\"lazy\" decoding=\"async\" class=\"attachment-full size-full\" src=\"http:\/\/www.vidademadrid.com\/it\/wp-content\/uploads\/2016\/05\/mercado-san-anton-madrid-16.jpg\" sizes=\"auto, (max-width: 715px) 100vw, 715px\" srcset=\"http:\/\/www.vidademadrid.com\/it\/wp-content\/uploads\/2016\/05\/mercado-san-anton-madrid-16.jpg 715w, http:\/\/www.vidademadrid.com\/it\/wp-content\/uploads\/2016\/05\/mercado-san-anton-madrid-16-222x300.jpg 222w\" alt=\"mercado-san-anton-madrid-16\" width=\"715\" height=\"966\" \/><\/div>\n<\/figure>\n<figure class=\"gallery-item\">\n<div class=\"gallery-icon landscape\"><img loading=\"lazy\" decoding=\"async\" class=\"attachment-full size-full\" src=\"http:\/\/www.vidademadrid.com\/it\/wp-content\/uploads\/2016\/05\/mercado-san-anton-madrid-09.jpg\" sizes=\"auto, (max-width: 715px) 100vw, 715px\" srcset=\"http:\/\/www.vidademadrid.com\/it\/wp-content\/uploads\/2016\/05\/mercado-san-anton-madrid-09.jpg 715w, http:\/\/www.vidademadrid.com\/it\/wp-content\/uploads\/2016\/05\/mercado-san-anton-madrid-09-300x222.jpg 300w\" alt=\"mercado-san-anton-madrid-09\" width=\"715\" height=\"529\" \/><\/div>\n<\/figure>\n<figure class=\"gallery-item\">\n<div class=\"gallery-icon landscape\"><img loading=\"lazy\" decoding=\"async\" class=\"attachment-full size-full\" src=\"http:\/\/www.vidademadrid.com\/it\/wp-content\/uploads\/2016\/05\/mercado-san-anton-madrid-03.jpg\" sizes=\"auto, (max-width: 715px) 100vw, 715px\" srcset=\"http:\/\/www.vidademadrid.com\/it\/wp-content\/uploads\/2016\/05\/mercado-san-anton-madrid-03.jpg 715w, http:\/\/www.vidademadrid.com\/it\/wp-content\/uploads\/2016\/05\/mercado-san-anton-madrid-03-300x222.jpg 300w\" alt=\"mercado-san-anton-madrid-03\" width=\"715\" height=\"529\" \/><\/div>\n<\/figure>\n<figure class=\"gallery-item\">\n<div class=\"gallery-icon portrait\"><img loading=\"lazy\" decoding=\"async\" class=\"attachment-full size-full\" src=\"http:\/\/www.vidademadrid.com\/it\/wp-content\/uploads\/2016\/05\/mercado-san-anton-madrid-02.jpg\" sizes=\"auto, (max-width: 715px) 100vw, 715px\" srcset=\"http:\/\/www.vidademadrid.com\/it\/wp-content\/uploads\/2016\/05\/mercado-san-anton-madrid-02.jpg 715w, http:\/\/www.vidademadrid.com\/it\/wp-content\/uploads\/2016\/05\/mercado-san-anton-madrid-02-259x300.jpg 259w\" alt=\"mercado-san-anton-madrid-02\" width=\"715\" height=\"828\" \/><\/div>\n<\/figure>\n<figure class=\"gallery-item\">\n<div class=\"gallery-icon landscape\"><img loading=\"lazy\" decoding=\"async\" class=\"attachment-full size-full\" src=\"http:\/\/www.vidademadrid.com\/it\/wp-content\/uploads\/2016\/05\/mercado-san-anton-madrid-04.jpg\" sizes=\"auto, (max-width: 715px) 100vw, 715px\" srcset=\"http:\/\/www.vidademadrid.com\/it\/wp-content\/uploads\/2016\/05\/mercado-san-anton-madrid-04.jpg 715w, http:\/\/www.vidademadrid.com\/it\/wp-content\/uploads\/2016\/05\/mercado-san-anton-madrid-04-300x222.jpg 300w\" alt=\"mercado-san-anton-madrid-04\" width=\"715\" height=\"529\" \/><\/div>\n<\/figure>\n<figure class=\"gallery-item\">\n<div class=\"gallery-icon landscape\"><img loading=\"lazy\" decoding=\"async\" class=\"attachment-full size-full\" src=\"http:\/\/www.vidademadrid.com\/it\/wp-content\/uploads\/2016\/05\/mercado-san-anton-madrid-05.jpg\" sizes=\"auto, (max-width: 715px) 100vw, 715px\" srcset=\"http:\/\/www.vidademadrid.com\/it\/wp-content\/uploads\/2016\/05\/mercado-san-anton-madrid-05.jpg 715w, http:\/\/www.vidademadrid.com\/it\/wp-content\/uploads\/2016\/05\/mercado-san-anton-madrid-05-300x222.jpg 300w\" alt=\"mercado-san-anton-madrid-05\" width=\"715\" height=\"529\" \/><\/div>\n<\/figure>\n<figure class=\"gallery-item\">\n<div class=\"gallery-icon portrait\"><img loading=\"lazy\" decoding=\"async\" class=\"attachment-full size-full\" src=\"http:\/\/www.vidademadrid.com\/it\/wp-content\/uploads\/2016\/05\/mercado-san-anton-madrid-10.jpg\" sizes=\"auto, (max-width: 715px) 100vw, 715px\" srcset=\"http:\/\/www.vidademadrid.com\/it\/wp-content\/uploads\/2016\/05\/mercado-san-anton-madrid-10.jpg 715w, http:\/\/www.vidademadrid.com\/it\/wp-content\/uploads\/2016\/05\/mercado-san-anton-madrid-10-222x300.jpg 222w\" alt=\"mercado-san-anton-madrid-10\" width=\"715\" height=\"966\" \/><\/div>\n<\/figure>\n<figure class=\"gallery-item\">\n<div class=\"gallery-icon landscape\"><img loading=\"lazy\" decoding=\"async\" class=\"attachment-full size-full\" src=\"http:\/\/www.vidademadrid.com\/it\/wp-content\/uploads\/2016\/05\/mercado-san-anton-madrid-12.jpg\" sizes=\"auto, (max-width: 715px) 100vw, 715px\" srcset=\"http:\/\/www.vidademadrid.com\/it\/wp-content\/uploads\/2016\/05\/mercado-san-anton-madrid-12.jpg 715w, http:\/\/www.vidademadrid.com\/it\/wp-content\/uploads\/2016\/05\/mercado-san-anton-madrid-12-300x222.jpg 300w\" alt=\"mercado-san-anton-madrid-12\" width=\"715\" height=\"529\" \/><\/div>\n<\/figure>\n<figure class=\"gallery-item\">\n<div class=\"gallery-icon portrait\"><img loading=\"lazy\" decoding=\"async\" class=\"attachment-full size-full\" src=\"http:\/\/www.vidademadrid.com\/it\/wp-content\/uploads\/2016\/05\/mercado-san-anton-madrid-14.jpg\" sizes=\"auto, (max-width: 715px) 100vw, 715px\" srcset=\"http:\/\/www.vidademadrid.com\/it\/wp-content\/uploads\/2016\/05\/mercado-san-anton-madrid-14.jpg 715w, http:\/\/www.vidademadrid.com\/it\/wp-content\/uploads\/2016\/05\/mercado-san-anton-madrid-14-222x300.jpg 222w\" alt=\"mercado-san-anton-madrid-14\" width=\"715\" height=\"966\" \/><\/div>\n<\/figure>\n<figure class=\"gallery-item\">\n<div class=\"gallery-icon portrait\"><img loading=\"lazy\" decoding=\"async\" class=\"attachment-full size-full\" src=\"http:\/\/www.vidademadrid.com\/it\/wp-content\/uploads\/2016\/05\/mercado-san-anton-madrid-26.jpg\" sizes=\"auto, (max-width: 715px) 100vw, 715px\" srcset=\"http:\/\/www.vidademadrid.com\/it\/wp-content\/uploads\/2016\/05\/mercado-san-anton-madrid-26.jpg 715w, http:\/\/www.vidademadrid.com\/it\/wp-content\/uploads\/2016\/05\/mercado-san-anton-madrid-26-222x300.jpg 222w\" alt=\"mercado-san-anton-madrid-26\" width=\"715\" height=\"966\" \/><\/div>\n<\/figure>\n<figure class=\"gallery-item\">\n<div class=\"gallery-icon portrait\"><img loading=\"lazy\" decoding=\"async\" class=\"attachment-full size-full\" src=\"http:\/\/www.vidademadrid.com\/it\/wp-content\/uploads\/2016\/05\/mercado-san-anton-madrid-27.jpg\" sizes=\"auto, (max-width: 715px) 100vw, 715px\" srcset=\"http:\/\/www.vidademadrid.com\/it\/wp-content\/uploads\/2016\/05\/mercado-san-anton-madrid-27.jpg 715w, http:\/\/www.vidademadrid.com\/it\/wp-content\/uploads\/2016\/05\/mercado-san-anton-madrid-27-222x300.jpg 222w\" alt=\"mercado-san-anton-madrid-27\" width=\"715\" height=\"966\" \/><\/div>\n<\/figure>\n<figure class=\"gallery-item\">\n<div class=\"gallery-icon portrait\"><img loading=\"lazy\" decoding=\"async\" class=\"attachment-full size-full\" src=\"http:\/\/www.vidademadrid.com\/it\/wp-content\/uploads\/2016\/05\/mercado-san-anton-madrid-30.jpg\" sizes=\"auto, (max-width: 715px) 100vw, 715px\" srcset=\"http:\/\/www.vidademadrid.com\/it\/wp-content\/uploads\/2016\/05\/mercado-san-anton-madrid-30.jpg 715w, http:\/\/www.vidademadrid.com\/it\/wp-content\/uploads\/2016\/05\/mercado-san-anton-madrid-30-222x300.jpg 222w\" alt=\"mercado-san-anton-madrid-30\" width=\"715\" height=\"966\" \/><\/div>\n<\/figure>\n<figure class=\"gallery-item\">\n<div class=\"gallery-icon landscape\"><img loading=\"lazy\" decoding=\"async\" class=\"attachment-full size-full\" src=\"http:\/\/www.vidademadrid.com\/it\/wp-content\/uploads\/2016\/05\/mercado-san-anton-madrid-22.jpg\" sizes=\"auto, (max-width: 715px) 100vw, 715px\" srcset=\"http:\/\/www.vidademadrid.com\/it\/wp-content\/uploads\/2016\/05\/mercado-san-anton-madrid-22.jpg 715w, http:\/\/www.vidademadrid.com\/it\/wp-content\/uploads\/2016\/05\/mercado-san-anton-madrid-22-300x222.jpg 300w\" alt=\"mercado-san-anton-madrid-22\" width=\"715\" height=\"529\" \/><\/div>\n<\/figure>\n<figure class=\"gallery-item\">\n<div class=\"gallery-icon portrait\"><img loading=\"lazy\" decoding=\"async\" class=\"attachment-full size-full\" src=\"http:\/\/www.vidademadrid.com\/it\/wp-content\/uploads\/2016\/05\/mercado-san-anton-madrid-18.jpg\" sizes=\"auto, (max-width: 715px) 100vw, 715px\" srcset=\"http:\/\/www.vidademadrid.com\/it\/wp-content\/uploads\/2016\/05\/mercado-san-anton-madrid-18.jpg 715w, http:\/\/www.vidademadrid.com\/it\/wp-content\/uploads\/2016\/05\/mercado-san-anton-madrid-18-222x300.jpg 222w\" alt=\"mercado-san-anton-madrid-18\" width=\"715\" height=\"966\" \/><\/div>\n<\/figure>\n<figure class=\"gallery-item\">\n<div class=\"gallery-icon portrait\"><img loading=\"lazy\" decoding=\"async\" class=\"attachment-full size-full\" src=\"http:\/\/www.vidademadrid.com\/it\/wp-content\/uploads\/2016\/05\/mercado-san-anton-madrid-24.jpg\" sizes=\"auto, (max-width: 715px) 100vw, 715px\" srcset=\"http:\/\/www.vidademadrid.com\/it\/wp-content\/uploads\/2016\/05\/mercado-san-anton-madrid-24.jpg 715w, http:\/\/www.vidademadrid.com\/it\/wp-content\/uploads\/2016\/05\/mercado-san-anton-madrid-24-222x300.jpg 222w\" alt=\"mercado-san-anton-madrid-24\" width=\"715\" height=\"966\" \/><\/div>\n<\/figure>\n<figure class=\"gallery-item\">\n<div class=\"gallery-icon landscape\"><img loading=\"lazy\" decoding=\"async\" class=\"attachment-full size-full\" src=\"http:\/\/www.vidademadrid.com\/it\/wp-content\/uploads\/2016\/05\/mercado-san-anton-madrid-29.jpg\" sizes=\"auto, (max-width: 715px) 100vw, 715px\" srcset=\"http:\/\/www.vidademadrid.com\/it\/wp-content\/uploads\/2016\/05\/mercado-san-anton-madrid-29.jpg 715w, http:\/\/www.vidademadrid.com\/it\/wp-content\/uploads\/2016\/05\/mercado-san-anton-madrid-29-300x222.jpg 300w\" alt=\"mercado-san-anton-madrid-29\" width=\"715\" height=\"529\" \/><\/div>\n<\/figure>\n<figure class=\"gallery-item\">\n<div class=\"gallery-icon portrait\"><img loading=\"lazy\" decoding=\"async\" class=\"attachment-full size-full\" src=\"http:\/\/www.vidademadrid.com\/it\/wp-content\/uploads\/2016\/05\/mercado-san-anton-madrid-20.jpg\" sizes=\"auto, (max-width: 715px) 100vw, 715px\" srcset=\"http:\/\/www.vidademadrid.com\/it\/wp-content\/uploads\/2016\/05\/mercado-san-anton-madrid-20.jpg 715w, http:\/\/www.vidademadrid.com\/it\/wp-content\/uploads\/2016\/05\/mercado-san-anton-madrid-20-222x300.jpg 222w\" alt=\"mercado-san-anton-madrid-20\" width=\"715\" height=\"966\" \/><\/div>\n<\/figure>\n<\/div>\n","protected":false},"excerpt":{"rendered":"<p>Primera parte de nuestro especial: os contamos todo sobre el Mercado de San Ant\u00f3n<\/p>\n","protected":false},"author":1,"featured_media":3085,"comment_status":"open","ping_status":"open","sticky":false,"template":"","format":"standard","meta":{"footnotes":""},"categories":[3],"tags":[8,65],"class_list":{"0":"post-3081","1":"post","2":"type-post","3":"status-publish","4":"format-standard","5":"has-post-thumbnail","7":"category-visita-madrid","8":"tag-centro-de-madrid","9":"tag-chueca"},"_links":{"self":[{"href":"https:\/\/www.vidademadrid.com\/es\/wp-json\/wp\/v2\/posts\/3081","targetHints":{"allow":["GET"]}}],"collection":[{"href":"https:\/\/www.vidademadrid.com\/es\/wp-json\/wp\/v2\/posts"}],"about":[{"href":"https:\/\/www.vidademadrid.com\/es\/wp-json\/wp\/v2\/types\/post"}],"author":[{"embeddable":true,"href":"https:\/\/www.vidademadrid.com\/es\/wp-json\/wp\/v2\/users\/1"}],"replies":[{"embeddable":true,"href":"https:\/\/www.vidademadrid.com\/es\/wp-json\/wp\/v2\/comments?post=3081"}],"version-history":[{"count":17,"href":"https:\/\/www.vidademadrid.com\/es\/wp-json\/wp\/v2\/posts\/3081\/revisions"}],"predecessor-version":[{"id":15482,"href":"https:\/\/www.vidademadrid.com\/es\/wp-json\/wp\/v2\/posts\/3081\/revisions\/15482"}],"wp:featuredmedia":[{"embeddable":true,"href":"https:\/\/www.vidademadrid.com\/es\/wp-json\/wp\/v2\/media\/3085"}],"wp:attachment":[{"href":"https:\/\/www.vidademadrid.com\/es\/wp-json\/wp\/v2\/media?parent=3081"}],"wp:term":[{"taxonomy":"category","embeddable":true,"href":"https:\/\/www.vidademadrid.com\/es\/wp-json\/wp\/v2\/categories?post=3081"},{"taxonomy":"post_tag","embeddable":true,"href":"https:\/\/www.vidademadrid.com\/es\/wp-json\/wp\/v2\/tags?post=3081"}],"curies":[{"name":"wp","href":"https:\/\/api.w.org\/{rel}","templated":true}]}}