{"id":30722,"date":"2021-02-10T11:56:46","date_gmt":"2021-02-10T10:56:46","guid":{"rendered":"https:\/\/www.vidademadrid.com\/es\/?p=30722"},"modified":"2021-02-10T11:56:47","modified_gmt":"2021-02-10T10:56:47","slug":"distrito-salamanca-homenajea-frutas-vazquez-simbolo-barrio","status":"publish","type":"post","link":"https:\/\/www.vidademadrid.com\/es\/30722\/distrito-salamanca-homenajea-frutas-vazquez-simbolo-barrio\/","title":{"rendered":"El distrito de Salamanca homenajea a Frutas V\u00e1zquez, un s\u00edmbolo del barrio"},"content":{"rendered":"<p>El <strong>distrito de Salamanca<\/strong> <strong>ha homenajeado<\/strong> a<strong> Frutas V\u00e1zquez<\/strong>, un s\u00edmbolo del barrio, con <strong>una placa<\/strong> a su nombre. Fue <strong>inaugurada en 1943<\/strong>, en el establecimiento de la<strong> calle Ayala, 11<\/strong>.<\/p>\n<p><script async=\"\" src=\"\/\/pagead2.googlesyndication.com\/pagead\/js\/adsbygoogle.js\"><\/script><\/p>\n<p><!-- Vida 1 --><ins class=\"adsbygoogle\" style=\"display: block;\" data-ad-client=\"ca-pub-7450064428034605\" data-ad-slot=\"2284573579\" data-ad-format=\"auto\"><\/ins> <script> (adsbygoogle = window.adsbygoogle || []).push({}); <\/script><\/p>\n<h2>El distrito de Salamanca homenajea a Frutas V\u00e1zquez, un s\u00edmbolo del barrio<\/h2>\n<p><script async=\"\" src=\"\/\/pagead2.googlesyndication.com\/pagead\/js\/adsbygoogle.js\"><\/script><\/p>\n<p><!-- Vida 2 --><ins class=\"adsbygoogle\" style=\"display: inline-block; width: 336px; height: 280px;\" data-ad-client=\"ca-pub-7450064428034605\" data-ad-slot=\"9336835571\"><\/ins> <script> (adsbygoogle = window.adsbygoogle || []).push({}); <\/script><\/p>\n<p>El concejal del distrito de Salamanca, <strong>Jos\u00e9 Fern\u00e1ndez<\/strong>, ha homenajeado con un placa a<strong> Fruter\u00edas V\u00e1zquez, <\/strong>una de las fruter\u00edas m\u00e1s antiguas de la ciudad. Fue inaugurada en <strong>1943<\/strong>, este establecimiento de la <strong>calle Ayala, 11<\/strong>, a escasos metros de la calle de Serrano, es conocido por llevar m\u00e1s de 75 a\u00f1os formando parte de la cultura y gastronom\u00eda madrile\u00f1a.<\/p>\n<p><strong>F\u00e9lix V\u00e1zquez<\/strong>, su propietario, pone a disposici\u00f3n de los vecinos de Madrid frutas, verduras y hortalizas, muchas de ellas, variedades poco comunes en los 18 metros cuadrados de los que dispone el local.<\/p>\n<p><script async=\"\" src=\"\/\/pagead2.googlesyndication.com\/pagead\/js\/adsbygoogle.js\"><\/script><\/p>\n<p><!-- Vida vertical --><ins class=\"adsbygoogle\" style=\"display: inline-block; width: 300px; height: 600px;\" data-ad-client=\"ca-pub-7450064428034605\" data-ad-slot=\"7296098777\"><\/ins> <script> (adsbygoogle = window.adsbygoogle || []).push({}); <\/script><\/p>\n<figure id=\"attachment_30724\" aria-describedby=\"caption-attachment-30724\" style=\"width: 700px\" class=\"wp-caption aligncenter\"><a href=\"https:\/\/www.vidademadrid.com\/es\/wp-content\/uploads\/2021\/02\/en-el-exterior.jpeg\"><img loading=\"lazy\" decoding=\"async\" class=\"size-full wp-image-30724\" src=\"https:\/\/www.vidademadrid.com\/es\/wp-content\/uploads\/2021\/02\/en-el-exterior.jpeg\" alt=\"\" width=\"700\" height=\"644\" srcset=\"https:\/\/www.vidademadrid.com\/es\/wp-content\/uploads\/2021\/02\/en-el-exterior.jpeg 700w, https:\/\/www.vidademadrid.com\/es\/wp-content\/uploads\/2021\/02\/en-el-exterior-300x276.jpeg 300w, https:\/\/www.vidademadrid.com\/es\/wp-content\/uploads\/2021\/02\/en-el-exterior-696x640.jpeg 696w, https:\/\/www.vidademadrid.com\/es\/wp-content\/uploads\/2021\/02\/en-el-exterior-457x420.jpeg 457w\" sizes=\"auto, (max-width: 700px) 100vw, 700px\" \/><\/a><figcaption id=\"caption-attachment-30724\" class=\"wp-caption-text\">Foto: Ayuntamiento de Madrid<\/figcaption><\/figure>\n<p>Fruter\u00edas V\u00e1zquez forma parte de ese peque\u00f1o comercio familiar de barrio que, fundado por los abuelos, en la actualidad contin\u00faa con el trabajo de una tercera generaci\u00f3n. Son establecimientos que, en palabras de Jos\u00e9 Fern\u00e1ndez, \u201cconstituyen una clave para el motor econ\u00f3mico de nuestra ciudad\u201d.<\/p>\n<p>Adem\u00e1s, esta fruter\u00eda se ha adaptado a los nuevos tiempos para permitir a sus clientes poder realizar pedidos a trav\u00e9s de su p\u00e1gina web, de esta manera, en tiempos de pandemia, facilita que la ciudadan\u00eda pueda recibir sus productos sin salir de casa.<\/p>\n","protected":false},"excerpt":{"rendered":"<p>Fue inaugurada en 1943, en el establecimiento de la calle Ayala, 11.<\/p>\n","protected":false},"author":9,"featured_media":30723,"comment_status":"open","ping_status":"open","sticky":false,"template":"","format":"standard","meta":{"footnotes":""},"categories":[1],"tags":[],"class_list":{"0":"post-30722","1":"post","2":"type-post","3":"status-publish","4":"format-standard","5":"has-post-thumbnail","7":"category-varios"},"_links":{"self":[{"href":"https:\/\/www.vidademadrid.com\/es\/wp-json\/wp\/v2\/posts\/30722","targetHints":{"allow":["GET"]}}],"collection":[{"href":"https:\/\/www.vidademadrid.com\/es\/wp-json\/wp\/v2\/posts"}],"about":[{"href":"https:\/\/www.vidademadrid.com\/es\/wp-json\/wp\/v2\/types\/post"}],"author":[{"embeddable":true,"href":"https:\/\/www.vidademadrid.com\/es\/wp-json\/wp\/v2\/users\/9"}],"replies":[{"embeddable":true,"href":"https:\/\/www.vidademadrid.com\/es\/wp-json\/wp\/v2\/comments?post=30722"}],"version-history":[{"count":2,"href":"https:\/\/www.vidademadrid.com\/es\/wp-json\/wp\/v2\/posts\/30722\/revisions"}],"predecessor-version":[{"id":30726,"href":"https:\/\/www.vidademadrid.com\/es\/wp-json\/wp\/v2\/posts\/30722\/revisions\/30726"}],"wp:featuredmedia":[{"embeddable":true,"href":"https:\/\/www.vidademadrid.com\/es\/wp-json\/wp\/v2\/media\/30723"}],"wp:attachment":[{"href":"https:\/\/www.vidademadrid.com\/es\/wp-json\/wp\/v2\/media?parent=30722"}],"wp:term":[{"taxonomy":"category","embeddable":true,"href":"https:\/\/www.vidademadrid.com\/es\/wp-json\/wp\/v2\/categories?post=30722"},{"taxonomy":"post_tag","embeddable":true,"href":"https:\/\/www.vidademadrid.com\/es\/wp-json\/wp\/v2\/tags?post=30722"}],"curies":[{"name":"wp","href":"https:\/\/api.w.org\/{rel}","templated":true}]}}