{"id":30427,"date":"2021-02-02T11:20:19","date_gmt":"2021-02-02T10:20:19","guid":{"rendered":"https:\/\/www.vidademadrid.com\/es\/?p=30427"},"modified":"2021-02-02T11:23:36","modified_gmt":"2021-02-02T10:23:36","slug":"detenido-hombre-disparar-arma-detonadora-jovenes-sin-mascarilla-centro-madrid","status":"publish","type":"post","link":"https:\/\/www.vidademadrid.com\/es\/30427\/detenido-hombre-disparar-arma-detonadora-jovenes-sin-mascarilla-centro-madrid\/","title":{"rendered":"Detenido un hombre por disparar con arma detonadora a unos j\u00f3venes sin mascarilla en el centro de Madrid"},"content":{"rendered":"<p>La <strong>Polic\u00eda Municipal<\/strong> ha <strong>detenido un hombre por disparar con un arma detonadora desde su balc\u00f3n<\/strong> a unos <strong>j\u00f3venes sin mascarilla<\/strong> en el <strong>centro de Madrid<\/strong>. El arma fue incautada y puesta a disposici\u00f3n judicial.<\/p>\n<p><script async=\"\" src=\"\/\/pagead2.googlesyndication.com\/pagead\/js\/adsbygoogle.js\"><\/script><\/p>\n<p><!-- Vida 1 --><ins class=\"adsbygoogle\" style=\"display: block;\" data-ad-client=\"ca-pub-7450064428034605\" data-ad-slot=\"2284573579\" data-ad-format=\"auto\"><\/ins> <script> (adsbygoogle = window.adsbygoogle || []).push({}); <\/script><\/p>\n<h2>Detenido un hombre por disparar con arma detonadora a unos j\u00f3venes sin mascarilla en el centro de Madrid<\/h2>\n<p><script async=\"\" src=\"\/\/pagead2.googlesyndication.com\/pagead\/js\/adsbygoogle.js\"><\/script><\/p>\n<p><!-- Vida 2 --><ins class=\"adsbygoogle\" style=\"display: inline-block; width: 336px; height: 280px;\" data-ad-client=\"ca-pub-7450064428034605\" data-ad-slot=\"9336835571\"><\/ins> <script> (adsbygoogle = window.adsbygoogle || []).push({}); <\/script><\/p>\n<p>La <strong>Polic\u00eda Municipal de Madrid<\/strong> detuvo en la noche del pasado<strong> 29 de enero<\/strong> a <strong> un hombre por disparar desde su balc\u00f3n<\/strong> a unos <strong>j\u00f3venes sin mascarilla<\/strong> en la <strong>calle Cruz<\/strong>, en pleno centro de la capital.<\/p>\n<p>Todo comenz\u00f3 con una <strong>discusi\u00f3n <strong class=\"mce\">con insultos<\/strong> entre un hombre desde su balc\u00f3n y unos j\u00f3venes que estaban gritando sin mascarilla en la puerta de un restaurante. <\/strong>\u00a0Este hombre acabar\u00eda efectuando varios disparos con un arma detonadora, momento que fue grabado por varios de los vecinos, que fueron los que alertaron a la Polic\u00eda Municipal.<\/p>\n<p><script async=\"\" src=\"\/\/pagead2.googlesyndication.com\/pagead\/js\/adsbygoogle.js\"><\/script><\/p>\n<p><!-- Vida vertical --><ins class=\"adsbygoogle\" style=\"display: inline-block; width: 300px; height: 600px;\" data-ad-client=\"ca-pub-7450064428034605\" data-ad-slot=\"7296098777\"><\/ins> <script> (adsbygoogle = window.adsbygoogle || []).push({}); <\/script><\/p>\n<blockquote class=\"twitter-tweet\">\n<p dir=\"ltr\" lang=\"es\">Detenido un individuo, en distrito <a href=\"https:\/\/twitter.com\/hashtag\/Centro?src=hash&amp;ref_src=twsrc%5Etfw\">#Centro<\/a>, por efectuar disparos con un arma detonadora desde su balc\u00f3n. Los agentes contaron con las denuncias y una grabaci\u00f3n de varios vecinos. El arma fue incautada y puesta a disposici\u00f3n judicial.<a href=\"https:\/\/twitter.com\/hashtag\/SeguridadCiudadana?src=hash&amp;ref_src=twsrc%5Etfw\">#SeguridadCiudadana<\/a> <a href=\"https:\/\/t.co\/CUpLGz5XOh\">pic.twitter.com\/CUpLGz5XOh<\/a><\/p>\n<p>\u2014 Polic\u00eda Municipal de Madrid (@policiademadrid) <a href=\"https:\/\/twitter.com\/policiademadrid\/status\/1356169166282055682?ref_src=twsrc%5Etfw\">February 1, 2021<\/a><\/p><\/blockquote>\n<p><script async=\"\" src=\"https:\/\/platform.twitter.com\/widgets.js\" charset=\"utf-8\"><\/script><\/p>\n<p>Gracias a este v\u00eddeo los agentes pudieron identificar la vivienda, y tras intentar\u00a0entrar en el domicilio sin \u00e9xito en varias ocasiones y justo en el momento en el que pensaban tirar la puerta, abri\u00f3 una mujer que estaba en el inmueble.<\/p>\n<p>La Polic\u00eda Municipal inmoviliz\u00f3 al hombre de 33 a\u00f1os y a la mujer e<strong class=\"mce\"> incautaron la pistola que era ilegal.<\/strong><\/p>\n","protected":false},"excerpt":{"rendered":"<p>Los disparos se habr\u00edan realizado desde el balc\u00f3n.<\/p>\n","protected":false},"author":9,"featured_media":30430,"comment_status":"open","ping_status":"open","sticky":false,"template":"","format":"standard","meta":{"footnotes":""},"categories":[1],"tags":[],"class_list":{"0":"post-30427","1":"post","2":"type-post","3":"status-publish","4":"format-standard","5":"has-post-thumbnail","7":"category-varios"},"_links":{"self":[{"href":"https:\/\/www.vidademadrid.com\/es\/wp-json\/wp\/v2\/posts\/30427","targetHints":{"allow":["GET"]}}],"collection":[{"href":"https:\/\/www.vidademadrid.com\/es\/wp-json\/wp\/v2\/posts"}],"about":[{"href":"https:\/\/www.vidademadrid.com\/es\/wp-json\/wp\/v2\/types\/post"}],"author":[{"embeddable":true,"href":"https:\/\/www.vidademadrid.com\/es\/wp-json\/wp\/v2\/users\/9"}],"replies":[{"embeddable":true,"href":"https:\/\/www.vidademadrid.com\/es\/wp-json\/wp\/v2\/comments?post=30427"}],"version-history":[{"count":3,"href":"https:\/\/www.vidademadrid.com\/es\/wp-json\/wp\/v2\/posts\/30427\/revisions"}],"predecessor-version":[{"id":30434,"href":"https:\/\/www.vidademadrid.com\/es\/wp-json\/wp\/v2\/posts\/30427\/revisions\/30434"}],"wp:featuredmedia":[{"embeddable":true,"href":"https:\/\/www.vidademadrid.com\/es\/wp-json\/wp\/v2\/media\/30430"}],"wp:attachment":[{"href":"https:\/\/www.vidademadrid.com\/es\/wp-json\/wp\/v2\/media?parent=30427"}],"wp:term":[{"taxonomy":"category","embeddable":true,"href":"https:\/\/www.vidademadrid.com\/es\/wp-json\/wp\/v2\/categories?post=30427"},{"taxonomy":"post_tag","embeddable":true,"href":"https:\/\/www.vidademadrid.com\/es\/wp-json\/wp\/v2\/tags?post=30427"}],"curies":[{"name":"wp","href":"https:\/\/api.w.org\/{rel}","templated":true}]}}