{"id":2980,"date":"2016-05-06T18:02:27","date_gmt":"2016-05-06T16:02:27","guid":{"rendered":"http:\/\/www.vidademadrid.com\/es\/?p=2980"},"modified":"2020-02-20T11:46:41","modified_gmt":"2020-02-20T10:46:41","slug":"la-chelinda-taqueria-restaurante-mexicano","status":"publish","type":"post","link":"https:\/\/www.vidademadrid.com\/es\/2980\/la-chelinda-taqueria-restaurante-mexicano\/","title":{"rendered":"La Chelinda: rico y colorado restaurante mexicano en Madrid centro, la rese\u00f1a"},"content":{"rendered":"<blockquote><p><strong>Actualizaci\u00f3n 1 septiembre 2016:<\/strong> La Chelinda de Calle N\u00fa\u00f1ez de Arce se ha trasladado en Calle San Marcos 8, en Chueca.<\/p><\/blockquote>\n<p>Hoy os hablo de nuestra experiencia en el restaurante mexicano <strong>La Chelinda<\/strong> (<a href=\"#fotos\">fotos<\/a> e <a href=\"#info\">info<\/a>).<\/p>\n<p>Nada m\u00e1s entrar en La Chelinda ya estamos en <strong>Mexico<\/strong>. El local, no muy grande, de dos plantas, es muy muy colorido: el rosa sobre todo y m\u00e1s colores que dan alegr\u00eda.<\/p>\n<p>Empezamos con una buena <strong>michelada<\/strong>, que nos da en seguida un buen sabor en la boca.<\/p>\n<p>De entrantes, elegimos <strong>nachos:<\/strong> hay 10 versiones por elegir, desde los tradicionales a los que tienen tinga de pollo, chili di carne, chorizo, etc. Nosotros apostamos con los de cochinita Pibil y acertamos.<\/p>\n<p>Como somos muy fans de los <strong>tacos<\/strong>,\u00a0 hemos decidido probado 3 tipos distintos: los que m\u00e1s nos llamaban la atenci\u00f3n, los de nopales (una planta mexicana), los pastor (con carne de cerdo al pastor, cebolla, cilantro y pi\u00f1a) y los de arrachera (con ternera, cebolla y cilantro). Hay 13 tipos de tacos, as\u00ed que para todos los gustos.<\/p>\n<p>Seguimos bebiendo una <strong>margarita cl\u00e1sica<\/strong> y una <strong>margarita frozen de frutos rojos<\/strong>, muy muy refrescante: lleva tequila pero no se siente mucho (\u00a1en un primer momento!).<\/p>\n<p>Tambi\u00e9n comimos una raci\u00f3n de <strong>burritos:<\/strong> como es bastante grande, hemos pedido que nos trajesen el burrito ya cortado. Otra vez: todo muy rico.<\/p>\n<p>De <strong>postre<\/strong>, una buena (y grande) tarta de chocolate con dulce de leche (perfecta para los m\u00e1s golosos!). Y chupito di <strong>mezcal<\/strong>!<\/p>\n<p>La atm\u00f3sfera mexicana ya se vive al 100% gracias al local, a la bebida y a la comida, pero en nuestro caso &#8211; come fue un jueves &#8211; tambi\u00e9n hab\u00eda mariachis en el local que animaban la noche. Van tambi\u00e9n los miercoles al local en Capitan Haya 17 y el jueves aqu\u00ed, muy majos y &#8211; como no &#8211; alegres!<\/p>\n<p>La Chelinda es una opci\u00f3n perfecta para cenar mexicano en el centro de Madrid: buen rollo y buena comida! Os dejo las fotos, los precios y toda la info.<\/p>\n<h2 id=\"fotos\">Las fotos de La Chelinda<\/h2>\n<div id='gallery-1' class='gallery galleryid-2980 gallery-columns-1 gallery-size-full'><figure class='gallery-item'>\n\t\t\t<div class='gallery-icon landscape'>\n\t\t\t\t<img loading=\"lazy\" decoding=\"async\" width=\"715\" height=\"529\" src=\"https:\/\/www.vidademadrid.com\/es\/wp-content\/uploads\/2016\/05\/la-chelinda-madrid-46.jpg\" class=\"attachment-full size-full\" alt=\"\" srcset=\"https:\/\/www.vidademadrid.com\/es\/wp-content\/uploads\/2016\/05\/la-chelinda-madrid-46.jpg 715w, https:\/\/www.vidademadrid.com\/es\/wp-content\/uploads\/2016\/05\/la-chelinda-madrid-46-300x222.jpg 300w\" sizes=\"auto, (max-width: 715px) 100vw, 715px\" \/>\n\t\t\t<\/div><\/figure><figure class='gallery-item'>\n\t\t\t<div class='gallery-icon landscape'>\n\t\t\t\t<img loading=\"lazy\" decoding=\"async\" width=\"715\" height=\"529\" src=\"https:\/\/www.vidademadrid.com\/es\/wp-content\/uploads\/2016\/05\/la-chelinda-madrid-02.jpg\" class=\"attachment-full size-full\" alt=\"\" srcset=\"https:\/\/www.vidademadrid.com\/es\/wp-content\/uploads\/2016\/05\/la-chelinda-madrid-02.jpg 715w, https:\/\/www.vidademadrid.com\/es\/wp-content\/uploads\/2016\/05\/la-chelinda-madrid-02-300x222.jpg 300w\" sizes=\"auto, (max-width: 715px) 100vw, 715px\" \/>\n\t\t\t<\/div><\/figure><figure class='gallery-item'>\n\t\t\t<div class='gallery-icon portrait'>\n\t\t\t\t<img loading=\"lazy\" decoding=\"async\" width=\"715\" height=\"953\" src=\"https:\/\/www.vidademadrid.com\/es\/wp-content\/uploads\/2016\/05\/la-chelinda-madrid-07.jpg\" class=\"attachment-full size-full\" alt=\"\" aria-describedby=\"gallery-1-2985\" srcset=\"https:\/\/www.vidademadrid.com\/es\/wp-content\/uploads\/2016\/05\/la-chelinda-madrid-07.jpg 715w, https:\/\/www.vidademadrid.com\/es\/wp-content\/uploads\/2016\/05\/la-chelinda-madrid-07-225x300.jpg 225w\" sizes=\"auto, (max-width: 715px) 100vw, 715px\" \/>\n\t\t\t<\/div>\n\t\t\t\t<figcaption class='wp-caption-text gallery-caption' id='gallery-1-2985'>\n\t\t\t\tMichelada\n\t\t\t\t<\/figcaption><\/figure><figure class='gallery-item'>\n\t\t\t<div class='gallery-icon portrait'>\n\t\t\t\t<img loading=\"lazy\" decoding=\"async\" width=\"715\" height=\"789\" src=\"https:\/\/www.vidademadrid.com\/es\/wp-content\/uploads\/2016\/05\/la-chelinda-madrid-16.jpg\" class=\"attachment-full size-full\" alt=\"\" aria-describedby=\"gallery-1-2986\" srcset=\"https:\/\/www.vidademadrid.com\/es\/wp-content\/uploads\/2016\/05\/la-chelinda-madrid-16.jpg 715w, https:\/\/www.vidademadrid.com\/es\/wp-content\/uploads\/2016\/05\/la-chelinda-madrid-16-272x300.jpg 272w\" sizes=\"auto, (max-width: 715px) 100vw, 715px\" \/>\n\t\t\t<\/div>\n\t\t\t\t<figcaption class='wp-caption-text gallery-caption' id='gallery-1-2986'>\n\t\t\t\tNachos (desde 9\u20ac hasta 10\u20ac)\n\t\t\t\t<\/figcaption><\/figure><figure class='gallery-item'>\n\t\t\t<div class='gallery-icon landscape'>\n\t\t\t\t<img loading=\"lazy\" decoding=\"async\" width=\"715\" height=\"647\" src=\"https:\/\/www.vidademadrid.com\/es\/wp-content\/uploads\/2016\/05\/la-chelinda-madrid-17.jpg\" class=\"attachment-full size-full\" alt=\"\" srcset=\"https:\/\/www.vidademadrid.com\/es\/wp-content\/uploads\/2016\/05\/la-chelinda-madrid-17.jpg 715w, https:\/\/www.vidademadrid.com\/es\/wp-content\/uploads\/2016\/05\/la-chelinda-madrid-17-300x271.jpg 300w\" sizes=\"auto, (max-width: 715px) 100vw, 715px\" \/>\n\t\t\t<\/div><\/figure><figure class='gallery-item'>\n\t\t\t<div class='gallery-icon portrait'>\n\t\t\t\t<img loading=\"lazy\" decoding=\"async\" width=\"715\" height=\"966\" src=\"https:\/\/www.vidademadrid.com\/es\/wp-content\/uploads\/2016\/05\/la-chelinda-madrid-19.jpg\" class=\"attachment-full size-full\" alt=\"\" aria-describedby=\"gallery-1-2989\" srcset=\"https:\/\/www.vidademadrid.com\/es\/wp-content\/uploads\/2016\/05\/la-chelinda-madrid-19.jpg 715w, https:\/\/www.vidademadrid.com\/es\/wp-content\/uploads\/2016\/05\/la-chelinda-madrid-19-222x300.jpg 222w\" sizes=\"auto, (max-width: 715px) 100vw, 715px\" \/>\n\t\t\t<\/div>\n\t\t\t\t<figcaption class='wp-caption-text gallery-caption' id='gallery-1-2989'>\n\t\t\t\t3 raciones de tacos (cada raci\u00f3n desde 6\u20ac hasta 7\u20ac) \n\t\t\t\t<\/figcaption><\/figure><figure class='gallery-item'>\n\t\t\t<div class='gallery-icon portrait'>\n\t\t\t\t<img loading=\"lazy\" decoding=\"async\" width=\"715\" height=\"953\" src=\"https:\/\/www.vidademadrid.com\/es\/wp-content\/uploads\/2016\/05\/la-chelinda-madrid-22.jpg\" class=\"attachment-full size-full\" alt=\"\" srcset=\"https:\/\/www.vidademadrid.com\/es\/wp-content\/uploads\/2016\/05\/la-chelinda-madrid-22.jpg 715w, https:\/\/www.vidademadrid.com\/es\/wp-content\/uploads\/2016\/05\/la-chelinda-madrid-22-225x300.jpg 225w\" sizes=\"auto, (max-width: 715px) 100vw, 715px\" \/>\n\t\t\t<\/div><\/figure><figure class='gallery-item'>\n\t\t\t<div class='gallery-icon portrait'>\n\t\t\t\t<img loading=\"lazy\" decoding=\"async\" width=\"715\" height=\"953\" src=\"https:\/\/www.vidademadrid.com\/es\/wp-content\/uploads\/2016\/05\/la-chelinda-madrid-26.jpg\" class=\"attachment-full size-full\" alt=\"\" aria-describedby=\"gallery-1-2991\" srcset=\"https:\/\/www.vidademadrid.com\/es\/wp-content\/uploads\/2016\/05\/la-chelinda-madrid-26.jpg 715w, https:\/\/www.vidademadrid.com\/es\/wp-content\/uploads\/2016\/05\/la-chelinda-madrid-26-225x300.jpg 225w\" sizes=\"auto, (max-width: 715px) 100vw, 715px\" \/>\n\t\t\t<\/div>\n\t\t\t\t<figcaption class='wp-caption-text gallery-caption' id='gallery-1-2991'>\n\t\t\t\tMargarita\n\t\t\t\t<\/figcaption><\/figure><figure class='gallery-item'>\n\t\t\t<div class='gallery-icon portrait'>\n\t\t\t\t<img loading=\"lazy\" decoding=\"async\" width=\"715\" height=\"966\" src=\"https:\/\/www.vidademadrid.com\/es\/wp-content\/uploads\/2016\/05\/la-chelinda-madrid-27.jpg\" class=\"attachment-full size-full\" alt=\"\" aria-describedby=\"gallery-1-2992\" srcset=\"https:\/\/www.vidademadrid.com\/es\/wp-content\/uploads\/2016\/05\/la-chelinda-madrid-27.jpg 715w, https:\/\/www.vidademadrid.com\/es\/wp-content\/uploads\/2016\/05\/la-chelinda-madrid-27-222x300.jpg 222w\" sizes=\"auto, (max-width: 715px) 100vw, 715px\" \/>\n\t\t\t<\/div>\n\t\t\t\t<figcaption class='wp-caption-text gallery-caption' id='gallery-1-2992'>\n\t\t\t\tMargarita frozen de frutos rojos\n\t\t\t\t<\/figcaption><\/figure><figure class='gallery-item'>\n\t\t\t<div class='gallery-icon portrait'>\n\t\t\t\t<img loading=\"lazy\" decoding=\"async\" width=\"715\" height=\"966\" src=\"https:\/\/www.vidademadrid.com\/es\/wp-content\/uploads\/2016\/05\/la-chelinda-madrid-18.jpg\" class=\"attachment-full size-full\" alt=\"\" srcset=\"https:\/\/www.vidademadrid.com\/es\/wp-content\/uploads\/2016\/05\/la-chelinda-madrid-18.jpg 715w, https:\/\/www.vidademadrid.com\/es\/wp-content\/uploads\/2016\/05\/la-chelinda-madrid-18-222x300.jpg 222w\" sizes=\"auto, (max-width: 715px) 100vw, 715px\" \/>\n\t\t\t<\/div><\/figure><figure class='gallery-item'>\n\t\t\t<div class='gallery-icon portrait'>\n\t\t\t\t<img loading=\"lazy\" decoding=\"async\" width=\"715\" height=\"966\" src=\"https:\/\/www.vidademadrid.com\/es\/wp-content\/uploads\/2016\/05\/la-chelinda-madrid-28.jpg\" class=\"attachment-full size-full\" alt=\"\" aria-describedby=\"gallery-1-2993\" srcset=\"https:\/\/www.vidademadrid.com\/es\/wp-content\/uploads\/2016\/05\/la-chelinda-madrid-28.jpg 715w, https:\/\/www.vidademadrid.com\/es\/wp-content\/uploads\/2016\/05\/la-chelinda-madrid-28-222x300.jpg 222w\" sizes=\"auto, (max-width: 715px) 100vw, 715px\" \/>\n\t\t\t<\/div>\n\t\t\t\t<figcaption class='wp-caption-text gallery-caption' id='gallery-1-2993'>\n\t\t\t\tDetalle taco\n\t\t\t\t<\/figcaption><\/figure><figure class='gallery-item'>\n\t\t\t<div class='gallery-icon portrait'>\n\t\t\t\t<img loading=\"lazy\" decoding=\"async\" width=\"715\" height=\"966\" src=\"https:\/\/www.vidademadrid.com\/es\/wp-content\/uploads\/2016\/05\/la-chelinda-madrid-30.jpg\" class=\"attachment-full size-full\" alt=\"\" aria-describedby=\"gallery-1-2994\" srcset=\"https:\/\/www.vidademadrid.com\/es\/wp-content\/uploads\/2016\/05\/la-chelinda-madrid-30.jpg 715w, https:\/\/www.vidademadrid.com\/es\/wp-content\/uploads\/2016\/05\/la-chelinda-madrid-30-222x300.jpg 222w\" sizes=\"auto, (max-width: 715px) 100vw, 715px\" \/>\n\t\t\t<\/div>\n\t\t\t\t<figcaption class='wp-caption-text gallery-caption' id='gallery-1-2994'>\n\t\t\t\tBurrito (8\u20ac y 8,50\u20ac)\n\t\t\t\t<\/figcaption><\/figure><figure class='gallery-item'>\n\t\t\t<div class='gallery-icon portrait'>\n\t\t\t\t<img loading=\"lazy\" decoding=\"async\" width=\"715\" height=\"966\" src=\"https:\/\/www.vidademadrid.com\/es\/wp-content\/uploads\/2016\/05\/la-chelinda-madrid-32.jpg\" class=\"attachment-full size-full\" alt=\"\" aria-describedby=\"gallery-1-2995\" srcset=\"https:\/\/www.vidademadrid.com\/es\/wp-content\/uploads\/2016\/05\/la-chelinda-madrid-32.jpg 715w, https:\/\/www.vidademadrid.com\/es\/wp-content\/uploads\/2016\/05\/la-chelinda-madrid-32-222x300.jpg 222w\" sizes=\"auto, (max-width: 715px) 100vw, 715px\" \/>\n\t\t\t<\/div>\n\t\t\t\t<figcaption class='wp-caption-text gallery-caption' id='gallery-1-2995'>\n\t\t\t\tTarta de chocolate con cajeta (5,50\u20ac)\n\t\t\t\t<\/figcaption><\/figure><figure class='gallery-item'>\n\t\t\t<div class='gallery-icon portrait'>\n\t\t\t\t<img loading=\"lazy\" decoding=\"async\" width=\"715\" height=\"966\" src=\"https:\/\/www.vidademadrid.com\/es\/wp-content\/uploads\/2016\/05\/la-chelinda-madrid-36.jpg\" class=\"attachment-full size-full\" alt=\"\" srcset=\"https:\/\/www.vidademadrid.com\/es\/wp-content\/uploads\/2016\/05\/la-chelinda-madrid-36.jpg 715w, https:\/\/www.vidademadrid.com\/es\/wp-content\/uploads\/2016\/05\/la-chelinda-madrid-36-222x300.jpg 222w\" sizes=\"auto, (max-width: 715px) 100vw, 715px\" \/>\n\t\t\t<\/div><\/figure><figure class='gallery-item'>\n\t\t\t<div class='gallery-icon portrait'>\n\t\t\t\t<img loading=\"lazy\" decoding=\"async\" width=\"715\" height=\"966\" src=\"https:\/\/www.vidademadrid.com\/es\/wp-content\/uploads\/2016\/05\/la-chelinda-madrid-37.jpg\" class=\"attachment-full size-full\" alt=\"\" srcset=\"https:\/\/www.vidademadrid.com\/es\/wp-content\/uploads\/2016\/05\/la-chelinda-madrid-37.jpg 715w, https:\/\/www.vidademadrid.com\/es\/wp-content\/uploads\/2016\/05\/la-chelinda-madrid-37-222x300.jpg 222w\" sizes=\"auto, (max-width: 715px) 100vw, 715px\" \/>\n\t\t\t<\/div><\/figure><figure class='gallery-item'>\n\t\t\t<div class='gallery-icon landscape'>\n\t\t\t\t<img loading=\"lazy\" decoding=\"async\" width=\"715\" height=\"529\" src=\"https:\/\/www.vidademadrid.com\/es\/wp-content\/uploads\/2016\/05\/la-chelinda-madrid-39.jpg\" class=\"attachment-full size-full\" alt=\"\" srcset=\"https:\/\/www.vidademadrid.com\/es\/wp-content\/uploads\/2016\/05\/la-chelinda-madrid-39.jpg 715w, https:\/\/www.vidademadrid.com\/es\/wp-content\/uploads\/2016\/05\/la-chelinda-madrid-39-300x222.jpg 300w\" sizes=\"auto, (max-width: 715px) 100vw, 715px\" \/>\n\t\t\t<\/div><\/figure><figure class='gallery-item'>\n\t\t\t<div class='gallery-icon portrait'>\n\t\t\t\t<img loading=\"lazy\" decoding=\"async\" width=\"715\" height=\"966\" src=\"https:\/\/www.vidademadrid.com\/es\/wp-content\/uploads\/2016\/05\/la-chelinda-madrid-44.jpg\" class=\"attachment-full size-full\" alt=\"\" srcset=\"https:\/\/www.vidademadrid.com\/es\/wp-content\/uploads\/2016\/05\/la-chelinda-madrid-44.jpg 715w, https:\/\/www.vidademadrid.com\/es\/wp-content\/uploads\/2016\/05\/la-chelinda-madrid-44-222x300.jpg 222w\" sizes=\"auto, (max-width: 715px) 100vw, 715px\" \/>\n\t\t\t<\/div><\/figure>\n\t\t<\/div>\n\n<h2>S\u00edgueme en Instagram para m\u00e1s fotos \u00aben directo\u00bb como esta<\/h2>\n<blockquote class=\"instagram-media\" style=\"background: #FFF; border: 0; border-radius: 3px; box-shadow: 0 0 1px 0 rgba(0,0,0,0.5),0 1px 10px 0 rgba(0,0,0,0.15); margin: 1px; max-width: 658px; padding: 0; width: calc(100% - 2px);\" data-instgrm-captioned=\"\" data-instgrm-version=\"6\">\n<div style=\"padding: 8px;\">\n<div style=\"background: #F8F8F8; line-height: 0; margin-top: 40px; padding: 50.3240740741% 0; text-align: center; width: 100%;\"><\/div>\n<p style=\"margin: 8px 0 0 0; padding: 0 4px;\"><a style=\"color: #000; font-family: Arial,sans-serif; font-size: 14px; font-style: normal; font-weight: normal; line-height: 17px; text-decoration: none; word-wrap: break-word;\" href=\"https:\/\/www.instagram.com\/p\/BEwbYaJL_Mi\/\" target=\"_blank\" rel=\"noopener noreferrer\">Hoy cenamos mexicano en @la_chelinda! Todo muy rico! Os contar\u00e9 en el blog! #madrid #espa\u00f1a #mexico #comidamexicana #cocinamexicana #mexicano #cena #rica<\/a><\/p>\n<p style=\"color: #c9c8cd; font-family: Arial,sans-serif; font-size: 14px; line-height: 17px; margin-bottom: 0; margin-top: 8px; overflow: hidden; padding: 8px 0 7px; text-align: center; text-overflow: ellipsis; white-space: nowrap;\">Una foto pubblicata da Vida de Madrid (@vidademadrid) in data: <time style=\"font-family: Arial,sans-serif; font-size: 14px; line-height: 17px;\" datetime=\"2016-04-28T20:04:38+00:00\">28 Apr 2016 alle ore 13:04 PDT<\/time><\/p>\n<\/div>\n<\/blockquote>\n<p><script src=\"\/\/platform.instagram.com\/en_US\/embeds.js\" async=\"\" defer=\"defer\"><\/script><\/p>\n<div id=\"info\">\n<p><strong>La Chelinda Taqueria Bar<\/strong><\/p>\n<ul>\n<li>Direcci\u00f3n: Calle San Marcos, 8, 28004 Madrid<\/li>\n<li>Metro: Chueca o Gran V\u00eda<\/li>\n<li>Tel\u00e9fono: 917295335<\/li>\n<li><a href=\"http:\/\/lachelinda.es\/\" target=\"_blank\" rel=\"nofollow noopener noreferrer\">Web<\/a> &#8211; <a href=\"https:\/\/www.facebook.com\/Lachelindataqueriabar\" target=\"_blank\" rel=\"noopener noreferrer\">Facebook<\/a> &#8211; <a href=\"https:\/\/twitter.com\/lachelinda\" target=\"_blank\" rel=\"noopener noreferrer\">Twitter<\/a> &#8211; <a href=\"https:\/\/instagram.com\/la_chelinda\/\" target=\"_blank\" rel=\"noopener noreferrer\">Instagram<\/a><\/li>\n<\/ul>\n<p>Mapa<br \/>\n<iframe loading=\"lazy\" style=\"border: 0;\" src=\"https:\/\/www.google.com\/maps\/embed?pb=!1m18!1m12!1m3!1d3037.4220161732233!2d-3.7015222847172877!3d40.42165326326423!2m3!1f0!2f0!3f0!3m2!1i1024!2i768!4f13.1!3m3!1m2!1s0xd4228864141fec7%3A0x91210076a26b4ab2!2sCalle+San+Marcos%2C+8%2C+28004+Madrid%2C+Espa%C3%B1a!5e0!3m2!1ses!2sus!4v1472546965480\" width=\"715\" height=\"350\" frameborder=\"0\" allowfullscreen=\"allowfullscreen\"><\/iframe><\/p>\n<\/div>\n","protected":false},"excerpt":{"rendered":"<p>Buen rollo, buena comida y mariachis <\/p>\n","protected":false},"author":1,"featured_media":2981,"comment_status":"open","ping_status":"open","sticky":false,"template":"","format":"standard","meta":{"footnotes":""},"categories":[2],"tags":[8,48],"class_list":{"0":"post-2980","1":"post","2":"type-post","3":"status-publish","4":"format-standard","5":"has-post-thumbnail","7":"category-restaurantes-planes-foodie-madrid","8":"tag-centro-de-madrid","9":"tag-restaurantes-mexicanos"},"_links":{"self":[{"href":"https:\/\/www.vidademadrid.com\/es\/wp-json\/wp\/v2\/posts\/2980","targetHints":{"allow":["GET"]}}],"collection":[{"href":"https:\/\/www.vidademadrid.com\/es\/wp-json\/wp\/v2\/posts"}],"about":[{"href":"https:\/\/www.vidademadrid.com\/es\/wp-json\/wp\/v2\/types\/post"}],"author":[{"embeddable":true,"href":"https:\/\/www.vidademadrid.com\/es\/wp-json\/wp\/v2\/users\/1"}],"replies":[{"embeddable":true,"href":"https:\/\/www.vidademadrid.com\/es\/wp-json\/wp\/v2\/comments?post=2980"}],"version-history":[{"count":16,"href":"https:\/\/www.vidademadrid.com\/es\/wp-json\/wp\/v2\/posts\/2980\/revisions"}],"predecessor-version":[{"id":16139,"href":"https:\/\/www.vidademadrid.com\/es\/wp-json\/wp\/v2\/posts\/2980\/revisions\/16139"}],"wp:featuredmedia":[{"embeddable":true,"href":"https:\/\/www.vidademadrid.com\/es\/wp-json\/wp\/v2\/media\/2981"}],"wp:attachment":[{"href":"https:\/\/www.vidademadrid.com\/es\/wp-json\/wp\/v2\/media?parent=2980"}],"wp:term":[{"taxonomy":"category","embeddable":true,"href":"https:\/\/www.vidademadrid.com\/es\/wp-json\/wp\/v2\/categories?post=2980"},{"taxonomy":"post_tag","embeddable":true,"href":"https:\/\/www.vidademadrid.com\/es\/wp-json\/wp\/v2\/tags?post=2980"}],"curies":[{"name":"wp","href":"https:\/\/api.w.org\/{rel}","templated":true}]}}