{"id":29745,"date":"2021-01-15T15:00:03","date_gmt":"2021-01-15T14:00:03","guid":{"rendered":"https:\/\/www.vidademadrid.com\/es\/?p=29745"},"modified":"2021-02-23T11:39:57","modified_gmt":"2021-02-23T10:39:57","slug":"la-situacion-del-palacio-de-cristal-del-retiro-tras-las-nevadas","status":"publish","type":"post","link":"https:\/\/www.vidademadrid.com\/es\/29745\/la-situacion-del-palacio-de-cristal-del-retiro-tras-las-nevadas\/","title":{"rendered":"La situaci\u00f3n del Palacio de Cristal del Retiro tras las nevadas"},"content":{"rendered":"\n<script data-wid=\"auto\" type=\"text\/javascript\" src=\"https:\/\/content.viralize.tv\/display\/?zid=AADiaHd5cH72qFIl&#038;cid=AAb_a44zv49GPuNq&#038;activation=adfill&#038;vip_mode=playing&#038;vip_position=bottom-right\"><\/script>\n\n\n<script async=\"\" src=\"https:\/\/pagead2.googlesyndication.com\/pagead\/js\/adsbygoogle.js\"><\/script> <!-- Vertical2020 --><ins class=\"adsbygoogle\" style=\"display:block\" data-ad-client=\"ca-pub-7450064428034605\" data-ad-slot=\"4377430105\" data-ad-format=\"auto\" data-full-width-responsive=\"true\"><\/ins><script>(adsbygoogle = window.adsbygoogle || []).push({});<\/script>  \n<p>Hoy el alcalde de Madrid, Jos\u00e9 Luis Mart\u00ednez-Almeida, ha visitado el <strong>Parque del Retiro<\/strong> para conocer el estado de la situaci\u00f3n tras las <a href=\"https:\/\/www.vidademadrid.com\/es\/29383\/directo-madrid-tras-nevadas-servicios-transportes\/\">nevadas de la borrasca Filomena<\/a>, dando una importante informaci\u00f3n sobre la situaci\u00f3n de uno del puntos m\u00e1s emblem\u00e1ticos del parque, el Palacio de Cristal.&nbsp;<\/p>\n<h2>La situaci\u00f3n del Palacio de Cristal del Retiro tras las nevadas<\/h2>\n<p>En todo el Parque del Retiro se calcula que hay un <strong>un 68% de \u00e1rboles da\u00f1ados de los 17.400 que hay<\/strong>. El Retiro queda cerrado y lo estar\u00e1 durante algunas semanas para permitir el trabajo de revisi\u00f3n, poda y retirada del arbolado da\u00f1ado. Ayer se contractaron 1.100 efectivos que durante 50 d\u00edas se sumar\u00e1n a los trabajadores del Ayuntamiento para realizar estas tareas, que podr\u00edan durar hasta las primeras semanas de marzo.<\/p>\n<p><strong>Sobre el Palacio de Cristal del Parque del Retiro<\/strong>, el alcalde ha explicado: \u00abLas edificaciones del parque, algunas tan emblem\u00e1ticas como el Palacio de Cristal, <strong>han aguantado bien el temporal y no han sufrido da\u00f1os serios<\/strong> en su estructura\u00bb.<\/p>\n<script async=\"\" src=\"https:\/\/pagead2.googlesyndication.com\/pagead\/js\/adsbygoogle.js\"><\/script> <ins class=\"adsbygoogle\" style=\"display:block; text-align:center;\" data-ad-layout=\"in-article\" data-ad-format=\"fluid\" data-ad-client=\"ca-pub-7450064428034605\" data-ad-slot=\"5670045061\"><\/ins> <script>(adsbygoogle = window.adsbygoogle || []).push({});<\/script>\n\n\n\n<figure class=\"wp-block-embed is-type-wp-embed is-provider-vida-de-madrid wp-block-embed-vida-de-madrid\"><div class=\"wp-block-embed__wrapper\">\n<blockquote class=\"wp-embedded-content\" data-secret=\"1eiAkmfJEW\"><a href=\"https:\/\/www.vidademadrid.com\/es\/29143\/nieve-en-el-parque-del-retiro-7-de-enero-2021-video-y-fotos-para-descargar\/\">Nieve en el Parque del Retiro, 7 de enero 2021: v\u00eddeo y fotos para descargar<\/a><\/blockquote><iframe loading=\"lazy\" class=\"wp-embedded-content\" sandbox=\"allow-scripts\" security=\"restricted\" style=\"position: absolute; clip: rect(1px, 1px, 1px, 1px);\" title=\"\u00abNieve en el Parque del Retiro, 7 de enero 2021: v\u00eddeo y fotos para descargar\u00bb \u2014 Vida de Madrid\" src=\"https:\/\/www.vidademadrid.com\/es\/29143\/nieve-en-el-parque-del-retiro-7-de-enero-2021-video-y-fotos-para-descargar\/embed\/#?secret=1eiAkmfJEW\" data-secret=\"1eiAkmfJEW\" width=\"600\" height=\"338\" frameborder=\"0\" marginwidth=\"0\" marginheight=\"0\" scrolling=\"no\"><\/iframe>\n<\/div><\/figure>\n","protected":false},"excerpt":{"rendered":"<p>No hay da\u00f1os graves<\/p>\n","protected":false},"author":1,"featured_media":29746,"comment_status":"open","ping_status":"open","sticky":false,"template":"","format":"standard","meta":{"footnotes":""},"categories":[1],"tags":[58],"class_list":{"0":"post-29745","1":"post","2":"type-post","3":"status-publish","4":"format-standard","5":"has-post-thumbnail","7":"category-varios","8":"tag-parque-del-retiro"},"_links":{"self":[{"href":"https:\/\/www.vidademadrid.com\/es\/wp-json\/wp\/v2\/posts\/29745","targetHints":{"allow":["GET"]}}],"collection":[{"href":"https:\/\/www.vidademadrid.com\/es\/wp-json\/wp\/v2\/posts"}],"about":[{"href":"https:\/\/www.vidademadrid.com\/es\/wp-json\/wp\/v2\/types\/post"}],"author":[{"embeddable":true,"href":"https:\/\/www.vidademadrid.com\/es\/wp-json\/wp\/v2\/users\/1"}],"replies":[{"embeddable":true,"href":"https:\/\/www.vidademadrid.com\/es\/wp-json\/wp\/v2\/comments?post=29745"}],"version-history":[{"count":2,"href":"https:\/\/www.vidademadrid.com\/es\/wp-json\/wp\/v2\/posts\/29745\/revisions"}],"predecessor-version":[{"id":29748,"href":"https:\/\/www.vidademadrid.com\/es\/wp-json\/wp\/v2\/posts\/29745\/revisions\/29748"}],"wp:featuredmedia":[{"embeddable":true,"href":"https:\/\/www.vidademadrid.com\/es\/wp-json\/wp\/v2\/media\/29746"}],"wp:attachment":[{"href":"https:\/\/www.vidademadrid.com\/es\/wp-json\/wp\/v2\/media?parent=29745"}],"wp:term":[{"taxonomy":"category","embeddable":true,"href":"https:\/\/www.vidademadrid.com\/es\/wp-json\/wp\/v2\/categories?post=29745"},{"taxonomy":"post_tag","embeddable":true,"href":"https:\/\/www.vidademadrid.com\/es\/wp-json\/wp\/v2\/tags?post=29745"}],"curies":[{"name":"wp","href":"https:\/\/api.w.org\/{rel}","templated":true}]}}