{"id":29230,"date":"2021-01-08T13:07:49","date_gmt":"2021-01-08T12:07:49","guid":{"rendered":"https:\/\/www.vidademadrid.com\/es\/?p=29230"},"modified":"2021-01-10T18:29:40","modified_gmt":"2021-01-10T17:29:40","slug":"zbs-general-oraa-y-montesa-confinadas-en-salamanca-nunez-de-balboa-mapa-y-calles-confinadas","status":"publish","type":"post","link":"https:\/\/www.vidademadrid.com\/es\/29230\/zbs-general-oraa-y-montesa-confinadas-en-salamanca-nunez-de-balboa-mapa-y-calles-confinadas\/","title":{"rendered":"ZBS General Or\u00e1a y Montesa confinadas en Salamanca\/Nu\u00f1\u00e9z de Balboa. Mapa y calles confinadas"},"content":{"rendered":"\n<script data-wid=\"auto\" type=\"text\/javascript\" src=\"https:\/\/content.viralize.tv\/display\/?zid=AADiaHd5cH72qFIl&amp;cid=AAcATegBC55lVsPy&amp;activation=adfill&amp;vip_mode=playing&amp;vip_position=bottom-right\"><\/script>\n\n\n<h2>Actualizaci\u00f3n 10 de enero<\/h2>\n<p>En el BOCM es oficial el confinamiento de las 3 ZBS en el distrito Salamanca, pero se a\u00f1ade una excepci\u00f3n en la Zona b\u00e1sica de salud General Or\u00e1a, \u00absiendo posible el acceso hacia la zona perimetralmente delimitada por la calle Juan Bravo, la calle Serrano, la calle Marqu\u00e9s de Villamagna y el Paseo de la Castellana\u00bb.<\/p>\n<p><img loading=\"lazy\" decoding=\"async\" class=\"aligncenter size-full wp-image-29368\" src=\"https:\/\/www.vidademadrid.com\/es\/wp-content\/uploads\/2021\/01\/foto_00645.jpg\" alt=\"\" width=\"979\" height=\"709\" srcset=\"https:\/\/www.vidademadrid.com\/es\/wp-content\/uploads\/2021\/01\/foto_00645.jpg 979w, https:\/\/www.vidademadrid.com\/es\/wp-content\/uploads\/2021\/01\/foto_00645-300x217.jpg 300w, https:\/\/www.vidademadrid.com\/es\/wp-content\/uploads\/2021\/01\/foto_00645-768x556.jpg 768w, https:\/\/www.vidademadrid.com\/es\/wp-content\/uploads\/2021\/01\/foto_00645-696x504.jpg 696w, https:\/\/www.vidademadrid.com\/es\/wp-content\/uploads\/2021\/01\/foto_00645-580x420.jpg 580w, https:\/\/www.vidademadrid.com\/es\/wp-content\/uploads\/2021\/01\/foto_00645-324x235.jpg 324w\" sizes=\"auto, (max-width: 979px) 100vw, 979px\" \/><\/p>\n<h2>8 de enero<\/h2>\n<p>La Comunidad de Madrid ha anunciado hoy (v\u00eddeo arriba) el <a href=\"https:\/\/www.vidademadrid.com\/es\/29216\/zonas-basicas-de-salud-confinadas-en-madrid-desde-el-11-de-enero-2021\/\">confinamiento de nuevas Zonas B\u00e1sicas de Salud a partir del 11 de enero<\/a>. Entre ellas, las <strong>ZBS General Or\u00e1a<\/strong> y <strong>Montesa<\/strong>, ubicadas en el distrito Salamanca (en la zona alrededor de Nu\u00f1\u00e9z de Balboa), as\u00ed como la ZBS Baviera en el mismo distrito. A continuaci\u00f3n mapa y calles confinadas.<\/p>\n<p><script async=\"\" src=\"https:\/\/pagead2.googlesyndication.com\/pagead\/js\/adsbygoogle.js\"><\/script><\/p>\n<p><!-- Vertical2020 --><\/p>\n<p><ins class=\"adsbygoogle\" style=\"display: block;\" data-ad-client=\"ca-pub-7450064428034605\" data-ad-slot=\"4377430105\" data-ad-format=\"auto\" data-full-width-responsive=\"true\"><\/ins><script>(adsbygoogle = window.adsbygoogle || []).push({});<\/script><\/p>\n<h2>Mapa ZBS General Or\u00e1a confinada<\/h2>\n<p><script async=\"\" src=\"https:\/\/pagead2.googlesyndication.com\/pagead\/js\/adsbygoogle.js\"><\/script> <ins class=\"adsbygoogle\" style=\"display: block; text-align: center;\" data-ad-layout=\"in-article\" data-ad-format=\"fluid\" data-ad-client=\"ca-pub-7450064428034605\" data-ad-slot=\"5670045061\"><\/ins> <script>(adsbygoogle = window.adsbygoogle || []).push({});<\/script><\/p>\n<p>Para descargar el mapa oficial pincha <a href=\"https:\/\/www.madrid.org\/iestadis\/fijas\/estructu\/general\/territorio\/descarga\/zbs13_general_oraa.pdf\">aqu\u00ed<\/a><\/p>\n<h2>Mapa ZBS Montesa confinada<\/h2>\n<p><script async=\"\" src=\"https:\/\/pagead2.googlesyndication.com\/pagead\/js\/adsbygoogle.js\"><\/script> <ins class=\"adsbygoogle\" style=\"display: block;\" data-ad-format=\"fluid\" data-ad-layout-key=\"-7f+eo+1+2-5\" data-ad-client=\"ca-pub-7450064428034605\" data-ad-slot=\"7327027071\"><\/ins><script>(adsbygoogle = window.adsbygoogle || []).push({});<\/script><\/p>\n<p>Para descargar el mapa oficial pincha <a href=\"https:\/\/www.madrid.org\/iestadis\/fijas\/estructu\/general\/territorio\/descarga\/zbs13_montesa.pdf\">aqu\u00ed<\/a><\/p>\n<h2>Mapa ZBS Baviera confinada<\/h2>\n<p>Para descargar el mapa oficial pincha <a href=\"https:\/\/www.madrid.org\/iestadis\/fijas\/estructu\/general\/territorio\/descarga\/zbs13_baviera.pdf\">aqu\u00ed<\/a><\/p>\n<p>Para m\u00e1s detalles y las fechas, pincha aqu\u00ed abajo.<\/p>\n\n\n<figure class=\"wp-block-embed is-type-wp-embed is-provider-vida-de-madrid wp-block-embed-vida-de-madrid\"><div class=\"wp-block-embed__wrapper\">\n<blockquote class=\"wp-embedded-content\" data-secret=\"18KtaddmOh\"><a href=\"https:\/\/www.vidademadrid.com\/es\/29216\/zonas-basicas-de-salud-confinadas-en-madrid-desde-el-11-de-enero-2021\/\">Zonas B\u00e1sicas de Salud confinadas en Madrid desde el 11 de enero 2021<\/a><\/blockquote><iframe loading=\"lazy\" class=\"wp-embedded-content\" sandbox=\"allow-scripts\" security=\"restricted\" style=\"position: absolute; clip: rect(1px, 1px, 1px, 1px);\" title=\"\u00abZonas B\u00e1sicas de Salud confinadas en Madrid desde el 11 de enero 2021\u00bb \u2014 Vida de Madrid\" src=\"https:\/\/www.vidademadrid.com\/es\/29216\/zonas-basicas-de-salud-confinadas-en-madrid-desde-el-11-de-enero-2021\/embed\/#?secret=18KtaddmOh\" data-secret=\"18KtaddmOh\" width=\"600\" height=\"338\" frameborder=\"0\" marginwidth=\"0\" marginheight=\"0\" scrolling=\"no\"><\/iframe>\n<\/div><\/figure>\n\n\n\n<figure class=\"wp-block-embed is-type-wp-embed is-provider-vida-de-madrid wp-block-embed-vida-de-madrid\"><div class=\"wp-block-embed__wrapper\">\n<blockquote class=\"wp-embedded-content\" data-secret=\"TMerR4MAC9\"><a href=\"https:\/\/www.vidademadrid.com\/es\/26031\/zbs-madrid-datos-de-incidencia-covid\/\">ZBS Madrid, datos de incidencia covid. Actualizaci\u00f3n 6 de enero<\/a><\/blockquote><iframe loading=\"lazy\" class=\"wp-embedded-content\" sandbox=\"allow-scripts\" security=\"restricted\" style=\"position: absolute; clip: rect(1px, 1px, 1px, 1px);\" title=\"\u00abZBS Madrid, datos de incidencia covid. Actualizaci\u00f3n 6 de enero\u00bb \u2014 Vida de Madrid\" src=\"https:\/\/www.vidademadrid.com\/es\/26031\/zbs-madrid-datos-de-incidencia-covid\/embed\/#?secret=TMerR4MAC9\" data-secret=\"TMerR4MAC9\" width=\"600\" height=\"338\" frameborder=\"0\" marginwidth=\"0\" marginheight=\"0\" scrolling=\"no\"><\/iframe>\n<\/div><\/figure>\n","protected":false},"excerpt":{"rendered":"<p>Confinamiento por primera vez en estas dos ZBS<\/p>\n","protected":false},"author":1,"featured_media":29231,"comment_status":"open","ping_status":"open","sticky":false,"template":"","format":"standard","meta":{"footnotes":""},"categories":[1],"tags":[15],"class_list":{"0":"post-29230","1":"post","2":"type-post","3":"status-publish","4":"format-standard","5":"has-post-thumbnail","7":"category-varios","8":"tag-salamanca"},"_links":{"self":[{"href":"https:\/\/www.vidademadrid.com\/es\/wp-json\/wp\/v2\/posts\/29230","targetHints":{"allow":["GET"]}}],"collection":[{"href":"https:\/\/www.vidademadrid.com\/es\/wp-json\/wp\/v2\/posts"}],"about":[{"href":"https:\/\/www.vidademadrid.com\/es\/wp-json\/wp\/v2\/types\/post"}],"author":[{"embeddable":true,"href":"https:\/\/www.vidademadrid.com\/es\/wp-json\/wp\/v2\/users\/1"}],"replies":[{"embeddable":true,"href":"https:\/\/www.vidademadrid.com\/es\/wp-json\/wp\/v2\/comments?post=29230"}],"version-history":[{"count":5,"href":"https:\/\/www.vidademadrid.com\/es\/wp-json\/wp\/v2\/posts\/29230\/revisions"}],"predecessor-version":[{"id":29369,"href":"https:\/\/www.vidademadrid.com\/es\/wp-json\/wp\/v2\/posts\/29230\/revisions\/29369"}],"wp:featuredmedia":[{"embeddable":true,"href":"https:\/\/www.vidademadrid.com\/es\/wp-json\/wp\/v2\/media\/29231"}],"wp:attachment":[{"href":"https:\/\/www.vidademadrid.com\/es\/wp-json\/wp\/v2\/media?parent=29230"}],"wp:term":[{"taxonomy":"category","embeddable":true,"href":"https:\/\/www.vidademadrid.com\/es\/wp-json\/wp\/v2\/categories?post=29230"},{"taxonomy":"post_tag","embeddable":true,"href":"https:\/\/www.vidademadrid.com\/es\/wp-json\/wp\/v2\/tags?post=29230"}],"curies":[{"name":"wp","href":"https:\/\/api.w.org\/{rel}","templated":true}]}}