{"id":28984,"date":"2021-01-03T23:54:07","date_gmt":"2021-01-03T22:54:07","guid":{"rendered":"https:\/\/www.vidademadrid.com\/es\/?p=28984"},"modified":"2021-01-04T00:03:36","modified_gmt":"2021-01-03T23:03:36","slug":"los-reyes-magos-recorren-el-distrito-villaverde-en-coche-descapotable-fotos-y-video","status":"publish","type":"post","link":"https:\/\/www.vidademadrid.com\/es\/28984\/los-reyes-magos-recorren-el-distrito-villaverde-en-coche-descapotable-fotos-y-video\/","title":{"rendered":"Los Reyes Magos recorren el distrito Villaverde en coche descapotable. Fotos y v\u00eddeo"},"content":{"rendered":"<p>En el mismo d\u00eda en el que el Ayuntamiento de Madrid ha anunciado <a href=\"https:\/\/www.vidademadrid.com\/es\/25117\/madrid-llegada-cabalgata-reyes-magos-2021\/\">la gala en Conde Duque en en sustituci\u00f3n de la cabalgata en la Castellana<\/a>, en los <strong>barrios de Madrid<\/strong> han comenzado los eventos locales, organizados por las juntas de distrito, con protagonistas los <strong>Reyes Magos<\/strong>. Concretamente, ha empezado hoy domingo el evento <strong>\u00abSaluda a los Reyes Magos desde tu ventana\u00bb<\/strong>, organizado por la junta del distrito de Villaverde.<\/p>\n<p><script async=\"\" src=\"https:\/\/pagead2.googlesyndication.com\/pagead\/js\/adsbygoogle.js\"><\/script> <ins class=\"adsbygoogle\" style=\"display: block; text-align: center;\" data-ad-layout=\"in-article\" data-ad-format=\"fluid\" data-ad-client=\"ca-pub-7450064428034605\" data-ad-slot=\"5670045061\"><\/ins> <script>(adsbygoogle = window.adsbygoogle || []).push({});<\/script><\/p>\n<h2>Los Reyes Magos en el distrito Villaverde en coche descapotable. Fotos y v\u00eddeo<\/h2>\n<p><script async=\"\" src=\"https:\/\/pagead2.googlesyndication.com\/pagead\/js\/adsbygoogle.js\"><\/script><\/p>\n<!-- Vertical2020 -->\n<p><ins class=\"adsbygoogle\" style=\"display: block;\" data-ad-client=\"ca-pub-7450064428034605\" data-ad-slot=\"4377430105\" data-ad-format=\"auto\" data-full-width-responsive=\"true\"><\/ins><script>(adsbygoogle = window.adsbygoogle || []).push({});<\/script><\/p>\n<p>Este es el cartel con el que la junta del distrito ha anunciado el evento de tres d\u00edas (hoy, ma\u00f1ana y pasado ma\u00f1ana) en ocho zonas de Villaverde.\u00a0<\/p>\n<p><img loading=\"lazy\" decoding=\"async\" class=\"aligncenter size-full wp-image-28985\" src=\"https:\/\/www.vidademadrid.com\/es\/wp-content\/uploads\/2021\/01\/foto_00578.jpg\" alt=\"\" width=\"1227\" height=\"844\" srcset=\"https:\/\/www.vidademadrid.com\/es\/wp-content\/uploads\/2021\/01\/foto_00578.jpg 1227w, https:\/\/www.vidademadrid.com\/es\/wp-content\/uploads\/2021\/01\/foto_00578-300x206.jpg 300w, https:\/\/www.vidademadrid.com\/es\/wp-content\/uploads\/2021\/01\/foto_00578-1024x704.jpg 1024w, https:\/\/www.vidademadrid.com\/es\/wp-content\/uploads\/2021\/01\/foto_00578-768x528.jpg 768w, https:\/\/www.vidademadrid.com\/es\/wp-content\/uploads\/2021\/01\/foto_00578-218x150.jpg 218w, https:\/\/www.vidademadrid.com\/es\/wp-content\/uploads\/2021\/01\/foto_00578-696x479.jpg 696w, https:\/\/www.vidademadrid.com\/es\/wp-content\/uploads\/2021\/01\/foto_00578-1068x735.jpg 1068w, https:\/\/www.vidademadrid.com\/es\/wp-content\/uploads\/2021\/01\/foto_00578-611x420.jpg 611w, https:\/\/www.vidademadrid.com\/es\/wp-content\/uploads\/2021\/01\/foto_00578-100x70.jpg 100w\" sizes=\"auto, (max-width: 1227px) 100vw, 1227px\" \/><\/p>\n<p>En la web del Ayuntamiento <a href=\"https:\/\/www.madrid.es\/portales\/munimadrid\/es\/Inicio\/Cultura-ocio-y-deporte\/Actividades-y-eventos\/Exposicion-belen\/?vgnextfmt=default&amp;vgnextoid=86afd02ee8120610VgnVCM2000001f4a900aRCRD&amp;vgnextchannel=6381f073808fe410VgnVCM2000000c205a0aRCRD\">est\u00e1 publicado el evento<\/a> con esta informaci\u00f3n:<\/p>\n<blockquote>\n<p>\u00abMelchor, Gaspar y Baltasar recorren las calles de Villaverde para que las ni\u00f1as y ni\u00f1os les saluden desde sus balcones.<\/p>\n<p>De 10 a 14 y de 16 a 20 horas.<\/p>\n<p>D\u00eda 3 enero de 2021, barrios: ciudad los \u00c1ngeles, Espinillo y cruce de Villaverde.<\/p>\n<p>D\u00eda 4 de enero de 2021 barrios: Villaverde Alto y Marconi.<\/p>\n<p>D\u00eda 5, de enero de 2021 barrios: Villaverde Bajo y San Crist\u00f3bal.\u00bb<\/p>\n<\/blockquote>\n<p>En la presentaci\u00f3n de <strong>\u00abSaluda a los Reyes Magos desde tu ventana\u00bb<\/strong> no se mencionaba c\u00f3mo se ha organizado este recorrido, la respuesta ha llegado hoy cuando los vecinos de Villaverde han visto los Reyes Magos <strong>en un coche descapotable azul<\/strong>.<\/p>\n<p><strong>Estas algunas de las fotos y v\u00eddeos publicados en Twitter:<\/strong><\/p>\n<p><script async=\"\" src=\"https:\/\/pagead2.googlesyndication.com\/pagead\/js\/adsbygoogle.js\"><\/script> <ins class=\"adsbygoogle\" style=\"display: block;\" data-ad-format=\"fluid\" data-ad-layout-key=\"-7f+eo+1+2-5\" data-ad-client=\"ca-pub-7450064428034605\" data-ad-slot=\"7327027071\"><\/ins><script>(adsbygoogle = window.adsbygoogle || []).push({});<\/script><\/p>\n\n\n<figure class=\"wp-block-embed is-type-rich is-provider-twitter wp-block-embed-twitter\"><div class=\"wp-block-embed__wrapper\">\n<blockquote class=\"twitter-tweet\" data-width=\"550\" data-dnt=\"true\"><p lang=\"es\" dir=\"ltr\">Nos quitaron el convenio vecinal que organizaba la <a href=\"https:\/\/twitter.com\/hashtag\/CabalgataPopular?src=hash&amp;ref_src=twsrc%5Etfw\">#CabalgataPopular<\/a> y hoy la <a href=\"https:\/\/twitter.com\/JMD_villaverde?ref_src=twsrc%5Etfw\">@JMD_villaverde<\/a> hace este acto para saludar a los <a href=\"https:\/\/twitter.com\/hashtag\/ReyesMagos2021?src=hash&amp;ref_src=twsrc%5Etfw\">#ReyesMagos2021<\/a> en ruta por el distrito<br><br>Parece broma pero no lo es ?<br>Bochorno, rid\u00edculo, insultante, vergonzoso, cutre&#8230; y todo con dinero p\u00fablico <a href=\"https:\/\/t.co\/3hH20dBGdU\">pic.twitter.com\/3hH20dBGdU<\/a><\/p>&mdash; AV Unidad Villaverde (@LaUnidadEste) <a href=\"https:\/\/twitter.com\/LaUnidadEste\/status\/1345789470709317633?ref_src=twsrc%5Etfw\">January 3, 2021<\/a><\/blockquote><script async src=\"https:\/\/platform.twitter.com\/widgets.js\" charset=\"utf-8\"><\/script>\n<\/div><\/figure>\n\n\n\n<figure class=\"wp-block-embed is-type-rich is-provider-twitter wp-block-embed-twitter\"><div class=\"wp-block-embed__wrapper\">\n<blockquote class=\"twitter-tweet\" data-width=\"550\" data-dnt=\"true\"><p lang=\"es\" dir=\"ltr\">Normal&#8230;. Por cierto, alguien me ayuda? Solo veo dos Reyes <a href=\"https:\/\/t.co\/IHgt309vgy\">pic.twitter.com\/IHgt309vgy<\/a><\/p>&mdash; Bella Kal\u00ed (@noahladelbarrio) <a href=\"https:\/\/twitter.com\/noahladelbarrio\/status\/1345768472882642945?ref_src=twsrc%5Etfw\">January 3, 2021<\/a><\/blockquote><script async src=\"https:\/\/platform.twitter.com\/widgets.js\" charset=\"utf-8\"><\/script>\n<\/div><\/figure>\n\n\n\n<figure class=\"wp-block-embed is-type-rich is-provider-twitter wp-block-embed-twitter\"><div class=\"wp-block-embed__wrapper\">\n<blockquote class=\"twitter-tweet\" data-width=\"550\" data-dnt=\"true\"><p lang=\"es\" dir=\"ltr\">La verdad es que no doy cr\u00e9dito. Bueno, ni yo, ni las vecinas y vecinos de Villaverde. Creo que ten\u00edamos claro que este a\u00f1o todo es diferente y que habr\u00eda que ser algo imaginativos para mantener el esp\u00edritu de la cabalgata con todas las medidas de seguridad necesarias, pero esto? <a href=\"https:\/\/t.co\/B9RPfqdIT1\">pic.twitter.com\/B9RPfqdIT1<\/a><\/p>&mdash; Lilith (@Karolina_Pulido) <a href=\"https:\/\/twitter.com\/Karolina_Pulido\/status\/1345803949635465221?ref_src=twsrc%5Etfw\">January 3, 2021<\/a><\/blockquote><script async src=\"https:\/\/platform.twitter.com\/widgets.js\" charset=\"utf-8\"><\/script>\n<\/div><\/figure>\n\n\n<p>Si el programa no tendr\u00e1 cambios, los Reyes Magos seguir\u00e1n su original recorrido en Villaverde <strong>ma\u00f1ana 4 de enero<\/strong> en <strong>Villaverde Alto y Marconi<\/strong> y el <strong>martes 5 de enero<\/strong> en <strong>Villaverde Bajo, Butarque y San Crist\u00f3bal<\/strong>, en horarios de 10 a 14 horas y de 16 a 20 horas.<\/p>","protected":false},"excerpt":{"rendered":"<p>Las im\u00e1genes publicadas en Twitter<\/p>\n","protected":false},"author":1,"featured_media":28986,"comment_status":"open","ping_status":"open","sticky":false,"template":"","format":"standard","meta":{"footnotes":""},"categories":[1],"tags":[143,46],"class_list":{"0":"post-28984","1":"post","2":"type-post","3":"status-publish","4":"format-standard","5":"has-post-thumbnail","7":"category-varios","8":"tag-navidad-en-madrid","9":"tag-villaverde"},"_links":{"self":[{"href":"https:\/\/www.vidademadrid.com\/es\/wp-json\/wp\/v2\/posts\/28984","targetHints":{"allow":["GET"]}}],"collection":[{"href":"https:\/\/www.vidademadrid.com\/es\/wp-json\/wp\/v2\/posts"}],"about":[{"href":"https:\/\/www.vidademadrid.com\/es\/wp-json\/wp\/v2\/types\/post"}],"author":[{"embeddable":true,"href":"https:\/\/www.vidademadrid.com\/es\/wp-json\/wp\/v2\/users\/1"}],"replies":[{"embeddable":true,"href":"https:\/\/www.vidademadrid.com\/es\/wp-json\/wp\/v2\/comments?post=28984"}],"version-history":[{"count":6,"href":"https:\/\/www.vidademadrid.com\/es\/wp-json\/wp\/v2\/posts\/28984\/revisions"}],"predecessor-version":[{"id":28997,"href":"https:\/\/www.vidademadrid.com\/es\/wp-json\/wp\/v2\/posts\/28984\/revisions\/28997"}],"wp:featuredmedia":[{"embeddable":true,"href":"https:\/\/www.vidademadrid.com\/es\/wp-json\/wp\/v2\/media\/28986"}],"wp:attachment":[{"href":"https:\/\/www.vidademadrid.com\/es\/wp-json\/wp\/v2\/media?parent=28984"}],"wp:term":[{"taxonomy":"category","embeddable":true,"href":"https:\/\/www.vidademadrid.com\/es\/wp-json\/wp\/v2\/categories?post=28984"},{"taxonomy":"post_tag","embeddable":true,"href":"https:\/\/www.vidademadrid.com\/es\/wp-json\/wp\/v2\/tags?post=28984"}],"curies":[{"name":"wp","href":"https:\/\/api.w.org\/{rel}","templated":true}]}}