{"id":2880,"date":"2016-04-20T10:38:09","date_gmt":"2016-04-20T08:38:09","guid":{"rendered":"http:\/\/www.vidademadrid.com\/es\/?p=2880"},"modified":"2016-05-20T17:18:56","modified_gmt":"2016-05-20T15:18:56","slug":"habanera-larrumba-restaurante-madrid-colon","status":"publish","type":"post","link":"https:\/\/www.vidademadrid.com\/es\/2880\/habanera-larrumba-restaurante-madrid-colon\/","title":{"rendered":"Habanera, restaurante Larrumba en Col\u00f3n-calle Genova: el nuevo Riofr\u00edo 2016"},"content":{"rendered":"<p><script async src=\"\/\/pagead2.googlesyndication.com\/pagead\/js\/adsbygoogle.js\"><\/script><br \/>\n<!-- Vida vertical --><br \/>\n<ins class=\"adsbygoogle\"\n     style=\"display:inline-block;width:300px;height:600px\"\n     data-ad-client=\"ca-pub-7450064428034605\"\n     data-ad-slot=\"7296098777\"><\/ins><br \/>\n<script>\n(adsbygoogle = window.adsbygoogle || []).push({});\n<\/script><\/p>\n<p><em>Actualizaci\u00f3n 16 mayo 2016<\/em> &#8211; Todav\u00eda no he estado en Habanera pero tenemos algunas fotos en las redes:<\/p>\n<blockquote class=\"instagram-media\" data-instgrm-captioned data-instgrm-version=\"7\" style=\" background:#FFF; border:0; border-radius:3px; box-shadow:0 0 1px 0 rgba(0,0,0,0.5),0 1px 10px 0 rgba(0,0,0,0.15); margin: 1px; max-width:658px; padding:0; width:99.375%; width:-webkit-calc(100% - 2px); width:calc(100% - 2px);\">\n<div style=\"padding:8px;\">\n<div style=\" background:#F8F8F8; line-height:0; margin-top:40px; padding:60.3867403315% 0; text-align:center; width:100%;\">\n<div style=\" background:url(data:image\/png;base64,iVBORw0KGgoAAAANSUhEUgAAACwAAAAsCAMAAAApWqozAAAABGdBTUEAALGPC\/xhBQAAAAFzUkdCAK7OHOkAAAAMUExURczMzPf399fX1+bm5mzY9AMAAADiSURBVDjLvZXbEsMgCES5\/P8\/t9FuRVCRmU73JWlzosgSIIZURCjo\/ad+EQJJB4Hv8BFt+IDpQoCx1wjOSBFhh2XssxEIYn3ulI\/6MNReE07UIWJEv8UEOWDS88LY97kqyTliJKKtuYBbruAyVh5wOHiXmpi5we58Ek028czwyuQdLKPG1Bkb4NnM+VeAnfHqn1k4+GPT6uGQcvu2h2OVuIf\/gWUFyy8OWEpdyZSa3aVCqpVoVvzZZ2VTnn2wU8qzVjDDetO90GSy9mVLqtgYSy231MxrY6I2gGqjrTY0L8fxCxfCBbhWrsYYAAAAAElFTkSuQmCC); display:block; height:44px; margin:0 auto -44px; position:relative; top:-22px; width:44px;\"><\/div>\n<\/div>\n<p style=\" margin:8px 0 0 0; padding:0 4px;\"> <a href=\"https:\/\/www.instagram.com\/p\/BFdfsQfK76N\/\" style=\" color:#000; font-family:Arial,sans-serif; font-size:14px; font-style:normal; font-weight:normal; line-height:17px; text-decoration:none; word-wrap:break-word;\" target=\"_blank\">Viaja sin moverte de Madrid, te esperamos en HABANERA!! \u260e\ufe0f 91 7372017 #colon #newplace #habanera #food #foodie #foodpic #newplace #newrestaurant #newopening #instafood #gastro #madrid #restaurantesmadrid #foodporn #igers #design #deco #instadeco #larrumba #grupolarrumba #music #drinks #interiordesign #light #architecture #designer #cool #garden<\/a><\/p>\n<p style=\" color:#c9c8cd; font-family:Arial,sans-serif; font-size:14px; line-height:17px; margin-bottom:0; margin-top:8px; overflow:hidden; padding:8px 0 7px; text-align:center; text-overflow:ellipsis; white-space:nowrap;\">Una foto pubblicata da Restaurante Habanera (@habaneracolon) in data: <time style=\" font-family:Arial,sans-serif; font-size:14px; line-height:17px;\" datetime=\"2016-05-16T08:08:07+00:00\">16 Mag 2016 alle ore 01:08 PDT<\/time><\/p>\n<\/div>\n<\/blockquote>\n<p><script async defer src=\"\/\/platform.instagram.com\/en_US\/embeds.js\"><\/script><\/p>\n<blockquote class=\"instagram-media\" data-instgrm-captioned data-instgrm-version=\"7\" style=\" background:#FFF; border:0; border-radius:3px; box-shadow:0 0 1px 0 rgba(0,0,0,0.5),0 1px 10px 0 rgba(0,0,0,0.15); margin: 1px; max-width:658px; padding:0; width:99.375%; width:-webkit-calc(100% - 2px); width:calc(100% - 2px);\">\n<div style=\"padding:8px;\">\n<div style=\" background:#F8F8F8; line-height:0; margin-top:40px; padding:50.0% 0; text-align:center; width:100%;\">\n<div style=\" background:url(data:image\/png;base64,iVBORw0KGgoAAAANSUhEUgAAACwAAAAsCAMAAAApWqozAAAABGdBTUEAALGPC\/xhBQAAAAFzUkdCAK7OHOkAAAAMUExURczMzPf399fX1+bm5mzY9AMAAADiSURBVDjLvZXbEsMgCES5\/P8\/t9FuRVCRmU73JWlzosgSIIZURCjo\/ad+EQJJB4Hv8BFt+IDpQoCx1wjOSBFhh2XssxEIYn3ulI\/6MNReE07UIWJEv8UEOWDS88LY97kqyTliJKKtuYBbruAyVh5wOHiXmpi5we58Ek028czwyuQdLKPG1Bkb4NnM+VeAnfHqn1k4+GPT6uGQcvu2h2OVuIf\/gWUFyy8OWEpdyZSa3aVCqpVoVvzZZ2VTnn2wU8qzVjDDetO90GSy9mVLqtgYSy231MxrY6I2gGqjrTY0L8fxCxfCBbhWrsYYAAAAAElFTkSuQmCC); display:block; height:44px; margin:0 auto -44px; position:relative; top:-22px; width:44px;\"><\/div>\n<\/div>\n<p style=\" margin:8px 0 0 0; padding:0 4px;\"> <a href=\"https:\/\/www.instagram.com\/p\/BFZtVrKsSD0\/\" style=\" color:#000; font-family:Arial,sans-serif; font-size:14px; font-style:normal; font-weight:normal; line-height:17px; text-decoration:none; word-wrap:break-word;\" target=\"_blank\">Esta noche toca viaje a la Habana #lahabanera #cuba #plazadecolon #larrumba #grupolarrumba<\/a><\/p>\n<p style=\" color:#c9c8cd; font-family:Arial,sans-serif; font-size:14px; line-height:17px; margin-bottom:0; margin-top:8px; overflow:hidden; padding:8px 0 7px; text-align:center; text-overflow:ellipsis; white-space:nowrap;\">Una foto pubblicata da Klimer (@klimeres) in data: <time style=\" font-family:Arial,sans-serif; font-size:14px; line-height:17px;\" datetime=\"2016-05-14T20:50:24+00:00\">14 Mag 2016 alle ore 13:50 PDT<\/time><\/p>\n<\/div>\n<\/blockquote>\n<p><script async defer src=\"\/\/platform.instagram.com\/en_US\/embeds.js\"><\/script><\/p>\n<blockquote class=\"instagram-media\" data-instgrm-captioned data-instgrm-version=\"7\" style=\" background:#FFF; border:0; border-radius:3px; box-shadow:0 0 1px 0 rgba(0,0,0,0.5),0 1px 10px 0 rgba(0,0,0,0.15); margin: 1px; max-width:658px; padding:0; width:99.375%; width:-webkit-calc(100% - 2px); width:calc(100% - 2px);\">\n<div style=\"padding:8px;\">\n<div style=\" background:#F8F8F8; line-height:0; margin-top:40px; padding:50.0% 0; text-align:center; width:100%;\">\n<div style=\" background:url(data:image\/png;base64,iVBORw0KGgoAAAANSUhEUgAAACwAAAAsCAMAAAApWqozAAAABGdBTUEAALGPC\/xhBQAAAAFzUkdCAK7OHOkAAAAMUExURczMzPf399fX1+bm5mzY9AMAAADiSURBVDjLvZXbEsMgCES5\/P8\/t9FuRVCRmU73JWlzosgSIIZURCjo\/ad+EQJJB4Hv8BFt+IDpQoCx1wjOSBFhh2XssxEIYn3ulI\/6MNReE07UIWJEv8UEOWDS88LY97kqyTliJKKtuYBbruAyVh5wOHiXmpi5we58Ek028czwyuQdLKPG1Bkb4NnM+VeAnfHqn1k4+GPT6uGQcvu2h2OVuIf\/gWUFyy8OWEpdyZSa3aVCqpVoVvzZZ2VTnn2wU8qzVjDDetO90GSy9mVLqtgYSy231MxrY6I2gGqjrTY0L8fxCxfCBbhWrsYYAAAAAElFTkSuQmCC); display:block; height:44px; margin:0 auto -44px; position:relative; top:-22px; width:44px;\"><\/div>\n<\/div>\n<p style=\" margin:8px 0 0 0; padding:0 4px;\"> <a href=\"https:\/\/www.instagram.com\/p\/BFcaHQFuj6k\/\" style=\" color:#000; font-family:Arial,sans-serif; font-size:14px; font-style:normal; font-weight:normal; line-height:17px; text-decoration:none; word-wrap:break-word;\" target=\"_blank\">Sunday Funday ??<\/a><\/p>\n<p style=\" color:#c9c8cd; font-family:Arial,sans-serif; font-size:14px; line-height:17px; margin-bottom:0; margin-top:8px; overflow:hidden; padding:8px 0 7px; text-align:center; text-overflow:ellipsis; white-space:nowrap;\">Una foto pubblicata da Carmen (@carmenrodri24) in data: <time style=\" font-family:Arial,sans-serif; font-size:14px; line-height:17px;\" datetime=\"2016-05-15T22:00:08+00:00\">15 Mag 2016 alle ore 15:00 PDT<\/time><\/p>\n<\/div>\n<\/blockquote>\n<p><script async defer src=\"\/\/platform.instagram.com\/en_US\/embeds.js\"><\/script><\/p>\n<blockquote class=\"instagram-media\" data-instgrm-captioned data-instgrm-version=\"7\" style=\" background:#FFF; border:0; border-radius:3px; box-shadow:0 0 1px 0 rgba(0,0,0,0.5),0 1px 10px 0 rgba(0,0,0,0.15); margin: 1px; max-width:658px; padding:0; width:99.375%; width:-webkit-calc(100% - 2px); width:calc(100% - 2px);\">\n<div style=\"padding:8px;\">\n<div style=\" background:#F8F8F8; line-height:0; margin-top:40px; padding:50.0% 0; text-align:center; width:100%;\">\n<div style=\" background:url(data:image\/png;base64,iVBORw0KGgoAAAANSUhEUgAAACwAAAAsCAMAAAApWqozAAAABGdBTUEAALGPC\/xhBQAAAAFzUkdCAK7OHOkAAAAMUExURczMzPf399fX1+bm5mzY9AMAAADiSURBVDjLvZXbEsMgCES5\/P8\/t9FuRVCRmU73JWlzosgSIIZURCjo\/ad+EQJJB4Hv8BFt+IDpQoCx1wjOSBFhh2XssxEIYn3ulI\/6MNReE07UIWJEv8UEOWDS88LY97kqyTliJKKtuYBbruAyVh5wOHiXmpi5we58Ek028czwyuQdLKPG1Bkb4NnM+VeAnfHqn1k4+GPT6uGQcvu2h2OVuIf\/gWUFyy8OWEpdyZSa3aVCqpVoVvzZZ2VTnn2wU8qzVjDDetO90GSy9mVLqtgYSy231MxrY6I2gGqjrTY0L8fxCxfCBbhWrsYYAAAAAElFTkSuQmCC); display:block; height:44px; margin:0 auto -44px; position:relative; top:-22px; width:44px;\"><\/div>\n<\/div>\n<p style=\" margin:8px 0 0 0; padding:0 4px;\"> <a href=\"https:\/\/www.instagram.com\/p\/BFY1C19iFLC\/\" style=\" color:#000; font-family:Arial,sans-serif; font-size:14px; font-style:normal; font-weight:normal; line-height:17px; text-decoration:none; word-wrap:break-word;\" target=\"_blank\">\u7b2c\u4e00\u5929\u5f00\u4e1a\u9910\u5385?<\/a><\/p>\n<p style=\" color:#c9c8cd; font-family:Arial,sans-serif; font-size:14px; line-height:17px; margin-bottom:0; margin-top:8px; overflow:hidden; padding:8px 0 7px; text-align:center; text-overflow:ellipsis; white-space:nowrap;\">Una foto pubblicata da Xiaohan Chen (@zoxxexe) in data: <time style=\" font-family:Arial,sans-serif; font-size:14px; line-height:17px;\" datetime=\"2016-05-14T12:38:30+00:00\">14 Mag 2016 alle ore 05:38 PDT<\/time><\/p>\n<\/div>\n<\/blockquote>\n<p><script async defer src=\"\/\/platform.instagram.com\/en_US\/embeds.js\"><\/script><\/p>\n<p>M\u00e1s fotos <a href=\"#fotos\">aqu\u00ed<\/a>.<br \/>\n<script src=\"\/\/pagead2.googlesyndication.com\/pagead\/js\/adsbygoogle.js\" async=\"\"><\/script><!-- Vida 1 --> <ins class=\"adsbygoogle\" style=\"display: block;\" data-ad-client=\"ca-pub-7450064428034605\" data-ad-slot=\"2284573579\" data-ad-format=\"auto\"><\/ins><script>\/\/ <![CDATA[\n (adsbygoogle = window.adsbygoogle || []).push({}); \n\/\/ ]]><\/script><\/p>\n<p><em>Actualizaci\u00f3n 12 mayo 2016<\/em> &#8211; <strong>Habanera<\/strong> ya tiene fecha de apertura! Podemos confirmar, ahora es oficial, que el nuevo restaurante del grupo Larrumba se llama Habanera, como hemos escrito &#8211; primeros en la web &#8211; en nuestro art\u00edculo.<br \/>\nHabanera va a abrir el <strong>s\u00e1bado 14 mayo 2016<\/strong>. <strong>Aqu\u00ed los enlaces para saber todo<\/strong> y ver las primeras fotos de Habanera.<\/p>\n<p><em>S\u00edgueme en FB para saber m\u00e1s sobre las nuevas aperturas en Madrid<\/em><br \/>\n<iframe loading=\"lazy\" style=\"border: none; overflow: hidden;\" src=\"https:\/\/www.facebook.com\/plugins\/page.php?href=https%3A%2F%2Fwww.facebook.com%2FVidadeMadrid&#038;tabs&#038;width=340&#038;height=70&#038;small_header=true&#038;adapt_container_width=true&#038;hide_cover=true&#038;show_facepile=false&#038;appId=107638461912\" width=\"700\" height=\"70\" frameborder=\"0\" scrolling=\"no\"><\/iframe> <\/p>\n<p><em>20 abril 2016<\/em> &#8211; Todav\u00eda se habla muy poco &#8211; casi nada &#8211; del <strong>nuevo restaurante del Grupo Larrumba en calle G\u00e9nova<\/strong>, con vistas a la <strong>plaza Col\u00f3n<\/strong>. Aqu\u00ed, en Vida de Madrid, queremos recopilar toda la informaci\u00f3n que hemos encontrado investigando: \u00bfse llamar\u00e1 <strong>Habanera<\/strong>?<\/p>\n<p>Todas las aperturas del grupo Larrumba en Madrid han sido \u00e9xitos y actualmente el \u00faltimo local en llegar, el <strong><a href=\"http:\/\/www.vidademadrid.com\/es\/2021\/perrachica-restaurante-madrid-carta-resena\/\">Perrachica (rese\u00f1a)<\/a><\/strong> es considerado el restaurante m\u00e1s de moda de toda la ciudad.<\/p>\n<p><a name=\"articulo\"><\/a>Ya sabemos varias cosas de la nueva apertura 2016 del grupo Larrumba: el nuevo restuarante estar\u00e1 donde la emblem\u00e1tica cafeter\u00eda <strong>Riofr\u00edo<\/strong>, local que cerr\u00f3 en el 2014 despu\u00e9s de 40 a\u00f1os de actividad. El edificio est\u00e1 en calle G\u00e9nova 28, al lado de plaza Col\u00f3n, en frente de las torres de Col\u00f3n.<\/p>\n<p>El \u00abnuevo Riofr\u00edo\u00bb probablemente va a abrir <strong>antes de este verano 2016<\/strong>, como ha dicho en enero Chiqui Calleja a El Mundo.<\/p>\n<p>El <strong>nombre<\/strong> del restaurante: todav\u00eda nada de oficial, pero Vida de Madrid apuesta que el nombre elegido es \u00ab<strong>Habanera<\/strong>\u00ab. Ser\u00eda un nombre femenino, as\u00ed como todos los otros locales Larrumba (Pipa&amp;co, <a href=\"http:\/\/www.vidademadrid.com\/es\/1036\/marieta-madrid-carta-resena\/\">Marieta<\/a>, Juanita Cruz, Frida, Perrachica).<\/p>\n<p>El <strong>proyecto<\/strong> es del estudio de arquitectura e interiorismo <strong>Proyecto Singular<\/strong> (s\u00ed, lo mismos de Perrachica, Frida, Oven Gran V\u00eda&#8230; y m\u00e1s!). Construcci\u00f3n por <strong>Recoord<\/strong>.<\/p>\n<p>La <strong>sociedad<\/strong> se llama <strong>La Rumba Colon Sl<\/strong> y ha sido constituida en septiembre del a\u00f1o pasado.<\/p>\n<p>Podemos descubrir algo m\u00e1s desde las cuentas Instagram de uno de los propietarios, Fernando Nicol\u00e1s, y su novia, la actriz Alejandra Onieva (muy famosa tambi\u00e9n en Italia por su parte en El secreto de Puente Viejo).<\/p>\n<h2 id=\"fotos\">Fotos<\/h2>\n<blockquote class=\"instagram-media\" style=\"background: #FFF; border: 0; border-radius: 3px; box-shadow: 0 0 1px 0 rgba(0,0,0,0.5),0 1px 10px 0 rgba(0,0,0,0.15); margin: 1px; max-width: 658px; padding: 0; width: calc(100% - 2px);\" data-instgrm-captioned=\"\" data-instgrm-version=\"7\">\n<div style=\"padding: 8px;\">\n<div style=\"background: #F8F8F8; line-height: 0; margin-top: 40px; padding: 50.0% 0; text-align: center; width: 100%;\"><\/div>\n<p style=\"margin: 8px 0 0 0; padding: 0 4px;\"><a style=\"color: #000; font-family: Arial,sans-serif; font-size: 14px; font-style: normal; font-weight: normal; line-height: 17px; text-decoration: none; word-wrap: break-word;\" href=\"https:\/\/www.instagram.com\/p\/BFS9VvpK72b\/\" target=\"_blank\">Ya estoy casi lista, me est\u00e1n terminando de poner guapa para recibiros con mi mejor sonrisa, os espero a partir de este s\u00e1bado 14 de Mayo!! \u260e\ufe0f 91 7372017 #colon #newplace #habanera #food #foodie #foodpic #newplace #newrestaurant #newopening #instafood #gastro #madrid #restaurantesmadrid #foodporn #igers #design #deco #instadeco #larrumba #grupolarrumba #music #drinks #interiordesign #light #architecture #designer #cool #garden<\/a><\/p>\n<p style=\"color: #c9c8cd; font-family: Arial,sans-serif; font-size: 14px; line-height: 17px; margin-bottom: 0; margin-top: 8px; overflow: hidden; padding: 8px 0 7px; text-align: center; text-overflow: ellipsis; white-space: nowrap;\">Una foto pubblicata da Restaurante Habanera (@habaneracolon) in data: <time style=\"font-family: Arial,sans-serif; font-size: 14px; line-height: 17px;\" datetime=\"2016-05-12T05:55:32+00:00\">11 Mag 2016 alle ore 22:55 PDT<\/time><\/p>\n<\/div>\n<\/blockquote>\n<p><script src=\"\/\/platform.instagram.com\/en_US\/embeds.js\" async=\"\" defer=\"defer\"><\/script><\/p>\n<div id='gallery-1' class='gallery galleryid-2880 gallery-columns-1 gallery-size-full'><figure class='gallery-item'>\n\t\t\t<div class='gallery-icon landscape'>\n\t\t\t\t<img loading=\"lazy\" decoding=\"async\" width=\"715\" height=\"529\" src=\"https:\/\/www.vidademadrid.com\/es\/wp-content\/uploads\/2016\/04\/habanera-madrid-1.jpg\" class=\"attachment-full size-full\" alt=\"\" srcset=\"https:\/\/www.vidademadrid.com\/es\/wp-content\/uploads\/2016\/04\/habanera-madrid-1.jpg 715w, https:\/\/www.vidademadrid.com\/es\/wp-content\/uploads\/2016\/04\/habanera-madrid-1-300x222.jpg 300w\" sizes=\"auto, (max-width: 715px) 100vw, 715px\" \/>\n\t\t\t<\/div><\/figure><figure class='gallery-item'>\n\t\t\t<div class='gallery-icon portrait'>\n\t\t\t\t<img loading=\"lazy\" decoding=\"async\" width=\"715\" height=\"966\" src=\"https:\/\/www.vidademadrid.com\/es\/wp-content\/uploads\/2016\/04\/habanera-madrid-3.jpg\" class=\"attachment-full size-full\" alt=\"\" srcset=\"https:\/\/www.vidademadrid.com\/es\/wp-content\/uploads\/2016\/04\/habanera-madrid-3.jpg 715w, https:\/\/www.vidademadrid.com\/es\/wp-content\/uploads\/2016\/04\/habanera-madrid-3-222x300.jpg 222w\" sizes=\"auto, (max-width: 715px) 100vw, 715px\" \/>\n\t\t\t<\/div><\/figure><figure class='gallery-item'>\n\t\t\t<div class='gallery-icon landscape'>\n\t\t\t\t<img loading=\"lazy\" decoding=\"async\" width=\"715\" height=\"529\" src=\"https:\/\/www.vidademadrid.com\/es\/wp-content\/uploads\/2016\/04\/habanera-madrid-2-.jpg\" class=\"attachment-full size-full\" alt=\"\" srcset=\"https:\/\/www.vidademadrid.com\/es\/wp-content\/uploads\/2016\/04\/habanera-madrid-2-.jpg 715w, https:\/\/www.vidademadrid.com\/es\/wp-content\/uploads\/2016\/04\/habanera-madrid-2--300x222.jpg 300w\" sizes=\"auto, (max-width: 715px) 100vw, 715px\" \/>\n\t\t\t<\/div><\/figure>\n\t\t<\/div>\n\n<blockquote class=\"instagram-media\" style=\"background: #FFF; border: 0; border-radius: 3px; box-shadow: 0 0 1px 0 rgba(0,0,0,0.5),0 1px 10px 0 rgba(0,0,0,0.15); margin: 1px; max-width: 658px; padding: 0; width: calc(100% - 2px);\" data-instgrm-captioned=\"\" data-instgrm-version=\"6\">\n<div style=\"padding: 8px;\">\n<div style=\"background: #F8F8F8; line-height: 0; margin-top: 40px; padding: 50.0% 0; text-align: center; width: 100%;\"><\/div>\n<p style=\"margin: 8px 0 0 0; padding: 0 4px;\"><a style=\"color: #000; font-family: Arial,sans-serif; font-size: 14px; font-style: normal; font-weight: normal; line-height: 17px; text-decoration: none; word-wrap: break-word;\" href=\"https:\/\/www.instagram.com\/p\/BCh_2mYNLTy\/\" target=\"_blank\">??????<\/a><\/p>\n<p style=\"color: #c9c8cd; font-family: Arial,sans-serif; font-size: 14px; line-height: 17px; margin-bottom: 0; margin-top: 8px; overflow: hidden; padding: 8px 0 7px; text-align: center; text-overflow: ellipsis; white-space: nowrap;\">Una foto pubblicata da Fernando Nicolas (@fnicolasgonzalez) in data: <time style=\"font-family: Arial,sans-serif; font-size: 14px; line-height: 17px;\" datetime=\"2016-03-04T12:31:56+00:00\">4 Mar 2016 alle ore 04:31 PST<\/time><\/p>\n<\/div>\n<\/blockquote>\n<p><script src=\"\/\/platform.instagram.com\/en_US\/embeds.js\" async=\"\" defer=\"defer\"><\/script><\/p>\n<blockquote class=\"instagram-media\" style=\"background: #FFF; border: 0; border-radius: 3px; box-shadow: 0 0 1px 0 rgba(0,0,0,0.5),0 1px 10px 0 rgba(0,0,0,0.15); margin: 1px; max-width: 658px; padding: 0; width: calc(100% - 2px);\" data-instgrm-captioned=\"\" data-instgrm-version=\"6\">\n<div style=\"padding: 8px;\">\n<div style=\"background: #F8F8F8; line-height: 0; margin-top: 40px; padding: 50.0% 0; text-align: center; width: 100%;\"><\/div>\n<p><a style=\"color: #000; font-family: Arial,sans-serif; font-size: 14px; font-style: normal; font-weight: normal; line-height: 17px; text-decoration: none; word-wrap: break-word;\" href=\"https:\/\/www.instagram.com\/p\/BC3MmQGuaiS\/\" target=\"_blank\">Genios de la madera!! #lahabana @proyecto_singular #autentico<\/a><\/p>\n<p>Una foto pubblicata da Proyecto Singular (@proyecto_singular) in data: <time style=\"font-family: Arial,sans-serif; font-size: 14px; line-height: 17px;\" datetime=\"2016-03-12T18:07:20+00:00\">12 Mar 2016 alle ore 10:07 PST<\/time>\n<\/div>\n<\/blockquote>\n<p><script src=\"\/\/platform.instagram.com\/en_US\/embeds.js\" async=\"\" defer=\"defer\"><\/script><\/p>\n<blockquote class=\"instagram-media\" style=\"background: #FFF; border: 0; border-radius: 3px; box-shadow: 0 0 1px 0 rgba(0,0,0,0.5),0 1px 10px 0 rgba(0,0,0,0.15); margin: 1px; max-width: 658px; padding: 0; width: calc(100% - 2px);\" data-instgrm-captioned=\"\" data-instgrm-version=\"6\">\n<div style=\"padding: 8px;\">\n<div style=\"background: #F8F8F8; line-height: 0; margin-top: 40px; padding: 40.4166666667% 0; text-align: center; width: 100%;\"><\/div>\n<p style=\"margin: 8px 0 0 0; padding: 0 4px;\"><a style=\"color: #000; font-family: Arial,sans-serif; font-size: 14px; font-style: normal; font-weight: normal; line-height: 17px; text-decoration: none; word-wrap: break-word;\" href=\"https:\/\/www.instagram.com\/p\/7sFNloNLTf\/\" target=\"_blank\">Hoy es un dia historico para el grupo LARRUMBA, en Marzo abriremos las puertas de un proyectazo que nos llena de ilusion..??????<\/a><\/p>\n<p style=\"color: #c9c8cd; font-family: Arial,sans-serif; font-size: 14px; line-height: 17px; margin-bottom: 0; margin-top: 8px; overflow: hidden; padding: 8px 0 7px; text-align: center; text-overflow: ellipsis; white-space: nowrap;\">Una foto pubblicata da Fernando Nicolas (@fnicolasgonzalez) in data: <time style=\"font-family: Arial,sans-serif; font-size: 14px; line-height: 17px;\" datetime=\"2015-09-16T10:51:24+00:00\">16 Set 2015 alle ore 03:51 PDT<\/time><\/p>\n<\/div>\n<\/blockquote>\n<p><script src=\"\/\/platform.instagram.com\/en_US\/embeds.js\" async=\"\" defer=\"defer\"><\/script><\/p>\n<blockquote class=\"instagram-media\" style=\"background: #FFF; border: 0; border-radius: 3px; box-shadow: 0 0 1px 0 rgba(0,0,0,0.5),0 1px 10px 0 rgba(0,0,0,0.15); margin: 1px; max-width: 658px; padding: 0; width: calc(100% - 2px);\" data-instgrm-captioned=\"\" data-instgrm-version=\"6\">\n<div style=\"padding: 8px;\">\n<div style=\"background: #F8F8F8; line-height: 0; margin-top: 40px; padding: 50.0% 0; text-align: center; width: 100%;\"><\/div>\n<p><a style=\"color: #000; font-family: Arial,sans-serif; font-size: 14px; font-style: normal; font-weight: normal; line-height: 17px; text-decoration: none; word-wrap: break-word;\" href=\"https:\/\/www.instagram.com\/p\/-JpoYSyyrE\/\" target=\"_blank\">New project ??? ??????#grupolarrumba<\/a><\/p>\n<p>Una foto pubblicata da Alejandra Onieva (@ale_onieva) in data: <time style=\"font-family: Arial,sans-serif; font-size: 14px; line-height: 17px;\" datetime=\"2015-11-16T15:30:24+00:00\">16 Nov 2015 alle ore 07:30 PST<\/time>\n<\/div>\n<\/blockquote>\n<p><script src=\"\/\/platform.instagram.com\/en_US\/embeds.js\" async=\"\" defer=\"defer\"><\/script><\/p>\n<h2>V\u00eddeo &#8211; as\u00ed era el Riofr\u00edo antes del cierre<\/h2>\n<p><iframe loading=\"lazy\" src=\"https:\/\/www.youtube.com\/embed\/z7aS3UwtJ_o?rel=0\" width=\"715\" height=\"402\" frameborder=\"0\" allowfullscreen=\"allowfullscreen\"><\/iframe><\/p>\n","protected":false},"excerpt":{"rendered":"<p>\u00bfNuevo \u00e9xito despu\u00e9s de Perrachica?<\/p>\n","protected":false},"author":1,"featured_media":2881,"comment_status":"open","ping_status":"open","sticky":false,"template":"","format":"standard","meta":{"footnotes":""},"categories":[2],"tags":[8],"class_list":{"0":"post-2880","1":"post","2":"type-post","3":"status-publish","4":"format-standard","5":"has-post-thumbnail","7":"category-restaurantes-planes-foodie-madrid","8":"tag-centro-de-madrid"},"_links":{"self":[{"href":"https:\/\/www.vidademadrid.com\/es\/wp-json\/wp\/v2\/posts\/2880","targetHints":{"allow":["GET"]}}],"collection":[{"href":"https:\/\/www.vidademadrid.com\/es\/wp-json\/wp\/v2\/posts"}],"about":[{"href":"https:\/\/www.vidademadrid.com\/es\/wp-json\/wp\/v2\/types\/post"}],"author":[{"embeddable":true,"href":"https:\/\/www.vidademadrid.com\/es\/wp-json\/wp\/v2\/users\/1"}],"replies":[{"embeddable":true,"href":"https:\/\/www.vidademadrid.com\/es\/wp-json\/wp\/v2\/comments?post=2880"}],"version-history":[{"count":32,"href":"https:\/\/www.vidademadrid.com\/es\/wp-json\/wp\/v2\/posts\/2880\/revisions"}],"predecessor-version":[{"id":3259,"href":"https:\/\/www.vidademadrid.com\/es\/wp-json\/wp\/v2\/posts\/2880\/revisions\/3259"}],"wp:featuredmedia":[{"embeddable":true,"href":"https:\/\/www.vidademadrid.com\/es\/wp-json\/wp\/v2\/media\/2881"}],"wp:attachment":[{"href":"https:\/\/www.vidademadrid.com\/es\/wp-json\/wp\/v2\/media?parent=2880"}],"wp:term":[{"taxonomy":"category","embeddable":true,"href":"https:\/\/www.vidademadrid.com\/es\/wp-json\/wp\/v2\/categories?post=2880"},{"taxonomy":"post_tag","embeddable":true,"href":"https:\/\/www.vidademadrid.com\/es\/wp-json\/wp\/v2\/tags?post=2880"}],"curies":[{"name":"wp","href":"https:\/\/api.w.org\/{rel}","templated":true}]}}