{"id":2853,"date":"2016-04-18T12:09:06","date_gmt":"2016-04-18T10:09:06","guid":{"rendered":"http:\/\/www.vidademadrid.com\/es\/?p=2853"},"modified":"2020-05-08T13:47:14","modified_gmt":"2020-05-08T11:47:14","slug":"adidas-gran-via-21-madrid-nueva-tienda-2016","status":"publish","type":"post","link":"https:\/\/www.vidademadrid.com\/es\/2853\/adidas-gran-via-21-madrid-nueva-tienda-2016\/","title":{"rendered":"Adidas Gran V\u00eda 21 en Madrid: apertura nueva tienda el 21 abril 2016"},"content":{"rendered":"<p><strong>Actualizaci\u00f3n:<\/strong> foto del 20 abril.<br \/>\n<script async src=\"\/\/pagead2.googlesyndication.com\/pagead\/js\/adsbygoogle.js\"><\/script> <!-- Vida 1 --> <ins class=\"adsbygoogle\" style=\"display:block\" data-ad-client=\"ca-pub-7450064428034605\" data-ad-slot=\"2284573579\" data-ad-format=\"auto\"><\/ins> <script> (adsbygoogle = window.adsbygoogle || []).push({}); <\/script> <\/p>\n<blockquote class=\"twitter-tweet\" data-lang=\"es\">\n<p lang=\"es\" dir=\"ltr\">Nueva tienda <a href=\"https:\/\/twitter.com\/hashtag\/adidas?src=hash\">#adidas<\/a> en <a href=\"https:\/\/twitter.com\/hashtag\/granvia?src=hash\">#granvia<\/a>: abre ma\u00f1ana <a href=\"https:\/\/twitter.com\/hashtag\/madrid?src=hash\">#madrid<\/a> <a href=\"https:\/\/twitter.com\/adidas_ES\">@adidas_ES<\/a> <a href=\"https:\/\/t.co\/Xp7hJytDzL\">pic.twitter.com\/Xp7hJytDzL<\/a><\/p>\n<p>&mdash; Vida de Madrid (@VidaDeMadrid) <a href=\"https:\/\/twitter.com\/VidaDeMadrid\/status\/722878634961289216\">20 de abril de 2016<\/a><\/p><\/blockquote>\n<p><script async src=\"\/\/platform.twitter.com\/widgets.js\" charset=\"utf-8\"><\/script><\/p>\n<p>Despu\u00e9s de <a href=\"http:\/\/www.vidademadrid.com\/es\/325\/primark-en-la-gran-via-que-locura-fotos-y-video-de-la-inauguracion\/\">Primark<\/a>, llega la apertura de una grande <strong>nueva tienda en la Gran V\u00eda de Madrid<\/strong>, la de <strong>Adidas<\/strong>.<\/p>\n<p>Ser\u00e1 la tienda Adidas m\u00e1s grande de Espa\u00f1a, de 2.100 metros cuadrados. No es tan grande como Primark (12.400 metros cuadrados), pero s\u00ed un espacio muy importante, en un lugar supercentrico: en la <strong>Gran V\u00eda 21<\/strong>, justo a la esquina con calle Montera, a un metro de la salida de metro.<\/p>\n<p>Ya hay fecha de apertura: <strong>el jueves 21 abril 2016<\/strong>. De momento no sabemos si habr\u00e1 <strong>fiesta de inauguraci\u00f3n<\/strong>, os tendremos informados a trav\u00e9s de nuestro <strong>Facebook y Twitter<\/strong> (\u00a1s\u00edguenos!).<\/p>\n<p><iframe loading=\"lazy\" src=\"https:\/\/www.facebook.com\/plugins\/page.php?href=https%3A%2F%2Fwww.facebook.com%2FVidadeMadrid&#038;tabs&#038;width=340&#038;height=70&#038;small_header=true&#038;adapt_container_width=true&#038;hide_cover=true&#038;show_facepile=false&#038;appId=107638461912\" width=\"340\" height=\"70\" style=\"border:none;overflow:hidden\" scrolling=\"no\" frameborder=\"0\" allowTransparency=\"true\"><\/iframe><\/p>\n<p><a href=\"https:\/\/twitter.com\/VidaDeMadrid\" class=\"twitter-follow-button\" data-show-count=\"false\" data-size=\"large\">Follow @VidaDeMadrid<\/a><br \/>\n<script>!function(d,s,id){var js,fjs=d.getElementsByTagName(s)[0],p=\/^http:\/.test(d.location)?'http':'https';if(!d.getElementById(id)){js=d.createElement(s);js.id=id;js.src=p+':\/\/platform.twitter.com\/widgets.js';fjs.parentNode.insertBefore(js,fjs);}}(document, 'script', 'twitter-wjs');<\/script><\/p>\n<p>La mega-tienda Adidas Gran V\u00eda 21 tiene tres plantas, una totalmente dedicada al f\u00fatbol (\u00abThe Football World\u00bb). <\/p>\n<p><strong>\u00bfComo llegar?<\/strong> La puerta de la nueva tienda Adidas est\u00e1 donde el acceso \u00ab<em>Gran V\u00eda, 21 (esq. Montera, 48)<\/em>\u00bb del metro Gran V\u00eda (l\u00edneas 1 y 5).<\/p>\n<p><script async src=\"\/\/pagead2.googlesyndication.com\/pagead\/js\/adsbygoogle.js\"><\/script> <!-- Vida 1 --> <ins class=\"adsbygoogle\" style=\"display:block\" data-ad-client=\"ca-pub-7450064428034605\" data-ad-slot=\"2284573579\" data-ad-format=\"auto\"><\/ins> <script> (adsbygoogle = window.adsbygoogle || []).push({}); <\/script> <\/p>\n<p><strong>\u00bfD\u00edas de apertura y horario?<\/strong> La nueva tienda estar\u00e1 abierta todos los d\u00edas, domingo incluido. Horarios (no confirmados): 10-22.<\/p>\n<p><em>Foto: elaboraci\u00f3n Vida de Madrid de imagen Google Street View.<\/em> <\/p>\n","protected":false},"excerpt":{"rendered":"<p>Es la tienda Adidas m\u00e1s grande de Espa\u00f1a <\/p>\n","protected":false},"author":1,"featured_media":2854,"comment_status":"open","ping_status":"open","sticky":false,"template":"","format":"standard","meta":{"footnotes":""},"categories":[11],"tags":[92],"class_list":{"0":"post-2853","1":"post","2":"type-post","3":"status-publish","4":"format-standard","5":"has-post-thumbnail","7":"category-eventos-madrid","8":"tag-gran-via"},"_links":{"self":[{"href":"https:\/\/www.vidademadrid.com\/es\/wp-json\/wp\/v2\/posts\/2853","targetHints":{"allow":["GET"]}}],"collection":[{"href":"https:\/\/www.vidademadrid.com\/es\/wp-json\/wp\/v2\/posts"}],"about":[{"href":"https:\/\/www.vidademadrid.com\/es\/wp-json\/wp\/v2\/types\/post"}],"author":[{"embeddable":true,"href":"https:\/\/www.vidademadrid.com\/es\/wp-json\/wp\/v2\/users\/1"}],"replies":[{"embeddable":true,"href":"https:\/\/www.vidademadrid.com\/es\/wp-json\/wp\/v2\/comments?post=2853"}],"version-history":[{"count":13,"href":"https:\/\/www.vidademadrid.com\/es\/wp-json\/wp\/v2\/posts\/2853\/revisions"}],"predecessor-version":[{"id":2908,"href":"https:\/\/www.vidademadrid.com\/es\/wp-json\/wp\/v2\/posts\/2853\/revisions\/2908"}],"wp:featuredmedia":[{"embeddable":true,"href":"https:\/\/www.vidademadrid.com\/es\/wp-json\/wp\/v2\/media\/2854"}],"wp:attachment":[{"href":"https:\/\/www.vidademadrid.com\/es\/wp-json\/wp\/v2\/media?parent=2853"}],"wp:term":[{"taxonomy":"category","embeddable":true,"href":"https:\/\/www.vidademadrid.com\/es\/wp-json\/wp\/v2\/categories?post=2853"},{"taxonomy":"post_tag","embeddable":true,"href":"https:\/\/www.vidademadrid.com\/es\/wp-json\/wp\/v2\/tags?post=2853"}],"curies":[{"name":"wp","href":"https:\/\/api.w.org\/{rel}","templated":true}]}}