{"id":28351,"date":"2020-12-16T15:27:34","date_gmt":"2020-12-16T14:27:34","guid":{"rendered":"https:\/\/www.vidademadrid.com\/es\/?p=28351"},"modified":"2021-04-20T17:38:30","modified_gmt":"2021-04-20T15:38:30","slug":"asi-sera-el-pasillo-de-conexion-entre-sol-y-gran-via","status":"publish","type":"post","link":"https:\/\/www.vidademadrid.com\/es\/28351\/asi-sera-el-pasillo-de-conexion-entre-sol-y-gran-via\/","title":{"rendered":"As\u00ed ser\u00e1 el pasillo de conexi\u00f3n entre Sol y Gran V\u00eda"},"content":{"rendered":"<p><a href=\"https:\/\/www.vidademadrid.com\/es\/28346\/metro-gran-via-verano-2020-reabre\/\"><strong>La nueva estaci\u00f3n metro de Gran V\u00eda abrir\u00e1 en verano 2021<\/strong><\/a> y una de sus novedades es el pasillo de conexi\u00f3n entre Puerta del Sol y Gran V\u00eda. Un <strong>t\u00fanel peatonal<\/strong> que permitir\u00e1 a los viajeros moverse entre las estaciones de Cercan\u00edas de Sol hasta Gran V\u00eda, sin tener que subir a superficie. Te contamos aqu\u00ed todos los detalles sobre el nuevo pasillo.\u00a0<\/p>\n\n\n<script async=\"\" src=\"https:\/\/pagead2.googlesyndication.com\/pagead\/js\/adsbygoogle.js\"><\/script> <ins class=\"adsbygoogle\" style=\"display:block; text-align:center;\" data-ad-layout=\"in-article\" data-ad-format=\"fluid\" data-ad-client=\"ca-pub-7450064428034605\" data-ad-slot=\"5670045061\"><\/ins> <script>(adsbygoogle = window.adsbygoogle || []).push({});<\/script>\n\n\n<h2>As\u00ed ser\u00e1 el pasillo de conexi\u00f3n entre Sol y Gran V\u00eda<\/h2>\n<figure id=\"attachment_28352\" aria-describedby=\"caption-attachment-28352\" style=\"width: 1200px\" class=\"wp-caption aligncenter\"><img loading=\"lazy\" decoding=\"async\" class=\"size-full wp-image-28352\" src=\"https:\/\/www.vidademadrid.com\/es\/wp-content\/uploads\/2020\/12\/metro-gran-via-conexion-sol.jpg\" alt=\"\" width=\"1200\" height=\"600\" srcset=\"https:\/\/www.vidademadrid.com\/es\/wp-content\/uploads\/2020\/12\/metro-gran-via-conexion-sol.jpg 1200w, https:\/\/www.vidademadrid.com\/es\/wp-content\/uploads\/2020\/12\/metro-gran-via-conexion-sol-300x150.jpg 300w, https:\/\/www.vidademadrid.com\/es\/wp-content\/uploads\/2020\/12\/metro-gran-via-conexion-sol-768x384.jpg 768w, https:\/\/www.vidademadrid.com\/es\/wp-content\/uploads\/2020\/12\/metro-gran-via-conexion-sol-1024x512.jpg 1024w, https:\/\/www.vidademadrid.com\/es\/wp-content\/uploads\/2020\/12\/metro-gran-via-conexion-sol-696x348.jpg 696w, https:\/\/www.vidademadrid.com\/es\/wp-content\/uploads\/2020\/12\/metro-gran-via-conexion-sol-1068x534.jpg 1068w, https:\/\/www.vidademadrid.com\/es\/wp-content\/uploads\/2020\/12\/metro-gran-via-conexion-sol-840x420.jpg 840w\" sizes=\"auto, (max-width: 1200px) 100vw, 1200px\" \/><figcaption id=\"caption-attachment-28352\" class=\"wp-caption-text\">Foto: @Adif_es<\/figcaption><\/figure>\n<p>Hoy los responsables de Adif -constructora del t\u00fanel- y de Metro de Madrid han visitado las dos obras y comunicado alg\u00fan dato sobre lo que ser\u00e1 el <strong>nuevo pasillo de conexi\u00f3n entre Sol y Gran V\u00eda<\/strong>.&nbsp;<\/p>\n<p>Gracias al pasillo, los viajeros de Cercan\u00edas de Sol podr\u00e1n entrar o salir directamente desde la Gran V\u00eda. Se prev\u00e9 que un 75% de los viajeros de Cercan\u00edas seguir\u00e1n utilizando los accesos de Sol y que un 25% utilizar\u00e1n el pasillo y los accesos de Gran V\u00eda. Adif estima que <strong>ser\u00e1n 22.000 los viajeros diarios que se beneficiar\u00e1n del pasillo<\/strong>.<\/p>\n<p><strong>La galer\u00eda entre Sol y Gran V\u00eda ya exist\u00eda<\/strong>, como cuentan desde Adif: \u00abCuando se construy\u00f3 la actual estaci\u00f3n de Cercan\u00edas de Sol, se edific\u00f3 una galer\u00eda que, bajo la calle Montera, pr\u00e1cticamente un\u00eda la estaci\u00f3n de Sol con la de Gran V\u00eda. De esta galer\u00eda, de una longitud aproximada de <strong>100 m<\/strong> y un ancho de 5,50 m, con un desnivel de unos 12 metros, <strong>tan solo se hab\u00eda ejecutado la estructura<\/strong>, quedando a la vista el hormig\u00f3n de las b\u00f3vedas\u00bb.<\/p>\n<p>Las obras actuales, con un presupuesto de 3.181.227,02 euros (IVA incluido) consisten en dotar a la galer\u00eda de los <a href=\"http:\/\/prensa.adif.es\/ade\/u08\/GAP\/Prensa.nsf\/Vo000A\/3CF752F078224459C125864000419233?OpenDocument\">elementos<\/a> necesarios para que las personas pueden utilizarla: \u00abSe han revestido las paredes y techos con materiales antivand\u00e1licos y se han montado las instalaciones de protecci\u00f3n contra incendios (ventilaci\u00f3n, detecci\u00f3n, extinci\u00f3n y alarma). Adem\u00e1s, se instalaron <strong>cuatro rampas mec\u00e1nicas<\/strong> para salvar el desnivel existente entre ambas estaciones.&nbsp;Tambi\u00e9n est\u00e1 previsto dotar a la galer\u00eda de todas las instalaciones necesarias para su funcionamiento: iluminaci\u00f3n, se\u00f1alizaci\u00f3n, informaci\u00f3n al viajero, redes de comunicaciones, etc. En el vest\u00edbulo previo a la conexi\u00f3n de la galer\u00eda se crear\u00e1 un nuevo control de acceso con tornos y m\u00e1quinas de autoventa\u00bb.<\/p>\n<p>Adif informa que a\u00fan <strong>no puede trabajar a los \u00faltimos 10 metros de la galer\u00eda<\/strong>, ya que siguen ah\u00ed cuadros el\u00e9ctricos, detectores, c\u00e1maras, iluminaci\u00f3n, que se rematar\u00e1n una vez que finalicen las obras de Metro de Madrid en Gran V\u00eda.<\/p>\n\n\n<script async=\"\" src=\"https:\/\/pagead2.googlesyndication.com\/pagead\/js\/adsbygoogle.js\"><\/script> <!-- Vertical2020 --><ins class=\"adsbygoogle\" style=\"display:block\" data-ad-client=\"ca-pub-7450064428034605\" data-ad-slot=\"4377430105\" data-ad-format=\"auto\" data-full-width-responsive=\"true\"><\/ins><script>(adsbygoogle = window.adsbygoogle || []).push({});<\/script>\n\n\n\n<figure class=\"wp-block-embed is-type-rich is-provider-vida-de-madrid\"><div class=\"wp-block-embed__wrapper\">\n<blockquote class=\"wp-embedded-content\" data-secret=\"9FOTcqabQs\"><a href=\"https:\/\/www.vidademadrid.com\/es\/28346\/metro-gran-via-verano-2020-reabre\/\">Metro Gran V\u00eda: este mes el cerramiento del pozo en Montera, en verano 2021 reabre la estaci\u00f3n<\/a><\/blockquote><iframe loading=\"lazy\" class=\"wp-embedded-content\" sandbox=\"allow-scripts\" security=\"restricted\" style=\"position: absolute; clip: rect(1px, 1px, 1px, 1px);\" title=\"&#171;Metro Gran V\u00eda: este mes el cerramiento del pozo en Montera, en verano 2021 reabre la estaci\u00f3n&#187; &#8212; Vida de Madrid\" src=\"https:\/\/www.vidademadrid.com\/es\/28346\/metro-gran-via-verano-2020-reabre\/embed\/#?secret=9FOTcqabQs\" data-secret=\"9FOTcqabQs\" width=\"600\" height=\"338\" frameborder=\"0\" marginwidth=\"0\" marginheight=\"0\" scrolling=\"no\"><\/iframe>\n<\/div><\/figure>\n","protected":false},"excerpt":{"rendered":"<p>La galer\u00eda, de 100 metros, ya exist\u00eda pero tan solo se hab\u00eda ejecutado la estructura<\/p>\n","protected":false},"author":1,"featured_media":28362,"comment_status":"open","ping_status":"open","sticky":false,"template":"","format":"standard","meta":{"footnotes":""},"categories":[23],"tags":[74,175],"class_list":{"0":"post-28351","1":"post","2":"type-post","3":"status-publish","4":"format-standard","5":"has-post-thumbnail","7":"category-transportes-huelgas-madrid","8":"tag-metro-de-madrid","9":"tag-puerta-del-sol"},"_links":{"self":[{"href":"https:\/\/www.vidademadrid.com\/es\/wp-json\/wp\/v2\/posts\/28351","targetHints":{"allow":["GET"]}}],"collection":[{"href":"https:\/\/www.vidademadrid.com\/es\/wp-json\/wp\/v2\/posts"}],"about":[{"href":"https:\/\/www.vidademadrid.com\/es\/wp-json\/wp\/v2\/types\/post"}],"author":[{"embeddable":true,"href":"https:\/\/www.vidademadrid.com\/es\/wp-json\/wp\/v2\/users\/1"}],"replies":[{"embeddable":true,"href":"https:\/\/www.vidademadrid.com\/es\/wp-json\/wp\/v2\/comments?post=28351"}],"version-history":[{"count":4,"href":"https:\/\/www.vidademadrid.com\/es\/wp-json\/wp\/v2\/posts\/28351\/revisions"}],"predecessor-version":[{"id":28364,"href":"https:\/\/www.vidademadrid.com\/es\/wp-json\/wp\/v2\/posts\/28351\/revisions\/28364"}],"wp:featuredmedia":[{"embeddable":true,"href":"https:\/\/www.vidademadrid.com\/es\/wp-json\/wp\/v2\/media\/28362"}],"wp:attachment":[{"href":"https:\/\/www.vidademadrid.com\/es\/wp-json\/wp\/v2\/media?parent=28351"}],"wp:term":[{"taxonomy":"category","embeddable":true,"href":"https:\/\/www.vidademadrid.com\/es\/wp-json\/wp\/v2\/categories?post=28351"},{"taxonomy":"post_tag","embeddable":true,"href":"https:\/\/www.vidademadrid.com\/es\/wp-json\/wp\/v2\/tags?post=28351"}],"curies":[{"name":"wp","href":"https:\/\/api.w.org\/{rel}","templated":true}]}}