{"id":28272,"date":"2020-12-13T23:09:21","date_gmt":"2020-12-13T22:09:21","guid":{"rendered":"https:\/\/www.vidademadrid.com\/es\/?p=28272"},"modified":"2025-10-04T10:09:44","modified_gmt":"2025-10-04T08:09:44","slug":"nicolas-coronado-masterchef-madrid-donde-vive","status":"publish","type":"post","link":"https:\/\/www.vidademadrid.com\/es\/28272\/nicolas-coronado-masterchef-madrid-donde-vive\/","title":{"rendered":"Nicol\u00e1s Coronado, de \u2018MasterChef\u2019 a nuevo soltero de oro en Madrid"},"content":{"rendered":"<p align=\"justify\"><span style=\"font-size: medium;\">Seis perros, cinco gallinas y cuatro cabras. Estos son los compa\u00f1eros de piso de <strong>Nicol\u00e1s Coronado<\/strong> en su casa ubicada <strong>a las afueras de Madrid<\/strong>. El actor madrile\u00f1o de 32 a\u00f1os lleva la interpretaci\u00f3n en las venas y el \u2018hijo de\u2019 en la frente. Pero, \u00bfqu\u00e9 sabemos realmente de Nicol\u00e1s Coronado?&nbsp;<\/span><\/p>\n<h2 align=\"justify\">El madrile\u00f1o Nicol\u00e1s Coronado, de \u2018MasterChef\u2019 a nuevo soltero de oro<\/h2>\n<p><script async=\"\" src=\"https:\/\/pagead2.googlesyndication.com\/pagead\/js\/adsbygoogle.js\"><\/script> <ins class=\"adsbygoogle\" style=\"display:block\" data-ad-format=\"fluid\" data-ad-layout-key=\"-7f+eo+1+2-5\" data-ad-client=\"ca-pub-7450064428034605\" data-ad-slot=\"7327027071\"><\/ins><script>(adsbygoogle = window.adsbygoogle || []).push({});<\/script><\/p>\n<p align=\"justify\"><span style=\"font-size: medium;\">Los fogones de <\/span><span style=\"font-size: medium;\"><i>\u2018<a href=\"http:\/\/www.vidademadrid.com\/es\/tag\/masterchef\">Masterchef<\/a>\u2019<\/i><\/span><span style=\"font-size: medium;\"> han sido el \u00faltimo escaparate donde dejarse ver y salir de su retiro ubicado <strong>en la sierra de Madrid<\/strong>. Su concentraci\u00f3n e implicaci\u00f3n en el programa le ha pasado factura y, desde hace unos d\u00edas, vuelve a ser el \u2018soltero de oro\u2019 y el chico que todas las madres quieren para sus hijas.<\/span><\/p>\n<p align=\"justify\"><span style=\"font-size: medium;\">Seg\u00fan la empresa <\/span><span style=\"font-size: medium;\"><i>Personality Media<\/i><\/span><span style=\"font-size: medium;\">, antes de entrar en <\/span><span style=\"font-size: medium;\"><i>\u2018MasterChef Celebrity\u2019<\/i><\/span><span style=\"font-size: medium;\"> s\u00f3lo el 16% de la poblaci\u00f3n sab\u00eda qui\u00e9n era Nicol\u00e1s Coronado. Justo unos d\u00edas antes de que viera la luz la nueva edici\u00f3n del <\/span><span style=\"font-size: medium;\"><i>reality <\/i><\/span><span style=\"font-size: medium;\">cocinillas, su perfil en Instagram @nicolas_coronado respiraba un estilo buc\u00f3lico, respeto por la naturaleza, amor por la familia, admiraci\u00f3n por los animales y la vida en calma\u2026 y sus fotos <a href=\"https:\/\/www.instagram.com\/p\/BdKqQrCAb2c\" target=\"_blank\" rel=\"noopener noreferrer\">no llegaban a 1000 <\/a><\/span><a href=\"_wp_link_placeholder\"><span style=\"font-size: medium;\"><i>likes<\/i><\/span><\/a><span style=\"font-size: medium;\">. <strong>Tres meses y 74,5 mil seguidores despu\u00e9s<\/strong>, su \u00faltima foto se acerca con velocidad a los 18.000 <\/span><span style=\"font-size: medium;\"><i>likes<\/i><\/span><span style=\"font-size: medium;\">. Est\u00e1 claro que algo ha cambiado y este cambio se traduce en rentabilidad.<\/span><\/p>\n<blockquote class=\"instagram-media\" style=\"background: #FFF; border: 0; border-radius: 3px; box-shadow: 0 0 1px 0 rgba(0,0,0,0.5),0 1px 10px 0 rgba(0,0,0,0.15); margin: 1px; max-width: 540px; min-width: 326px; padding: 0; width: calc(100% - 2px);\" data-instgrm-captioned=\"\" data-instgrm-permalink=\"https:\/\/www.instagram.com\/p\/CIthhZ2loeG\/?utm_source=ig_embed&amp;utm_campaign=loading\" data-instgrm-version=\"13\">\n<div style=\"padding: 16px;\">\n<div style=\"display: flex; flex-direction: row; align-items: center;\">\n<div style=\"background-color: #f4f4f4; border-radius: 50%; flex-grow: 0; height: 40px; margin-right: 14px; width: 40px;\">&nbsp;<\/div>\n<div style=\"display: flex; flex-direction: column; flex-grow: 1; justify-content: center;\">\n<div style=\"background-color: #f4f4f4; border-radius: 4px; flex-grow: 0; height: 14px; margin-bottom: 6px; width: 100px;\">&nbsp;<\/div>\n<div style=\"background-color: #f4f4f4; border-radius: 4px; flex-grow: 0; height: 14px; width: 60px;\">&nbsp;<\/div>\n<\/div>\n<\/div>\n<div style=\"padding: 19% 0;\">&nbsp;<\/div>\n<div style=\"display: block; height: 50px; margin: 0 auto 12px; width: 50px;\">&nbsp;<\/div>\n<div style=\"padding-top: 8px;\">\n<div style=\"color: #3897f0; font-family: Arial,sans-serif; font-size: 14px; font-style: normal; font-weight: 550; line-height: 18px;\">Visualizza questo post su Instagram<\/div>\n<\/div>\n<div style=\"padding: 12.5% 0;\">&nbsp;<\/div>\n<div style=\"display: flex; flex-direction: row; margin-bottom: 14px; align-items: center;\">\n<div>\n<div style=\"background-color: #f4f4f4; border-radius: 50%; height: 12.5px; width: 12.5px; transform: translateX(0px) translateY(7px);\">&nbsp;<\/div>\n<div style=\"background-color: #f4f4f4; height: 12.5px; transform: rotate(-45deg) translateX(3px) translateY(1px); width: 12.5px; flex-grow: 0; margin-right: 14px; margin-left: 2px;\">&nbsp;<\/div>\n<div style=\"background-color: #f4f4f4; border-radius: 50%; height: 12.5px; width: 12.5px; transform: translateX(9px) translateY(-18px);\">&nbsp;<\/div>\n<\/div>\n<div style=\"margin-left: 8px;\">\n<div style=\"background-color: #f4f4f4; border-radius: 50%; flex-grow: 0; height: 20px; width: 20px;\">&nbsp;<\/div>\n<div style=\"width: 0; height: 0; border-top: 2px solid transparent; border-left: 6px solid #f4f4f4; border-bottom: 2px solid transparent; transform: translateX(16px) translateY(-4px) rotate(30deg);\">&nbsp;<\/div>\n<\/div>\n<div style=\"margin-left: auto;\">\n<div style=\"width: 0px; border-top: 8px solid #F4F4F4; border-right: 8px solid transparent; transform: translateY(16px);\">&nbsp;<\/div>\n<div style=\"background-color: #f4f4f4; flex-grow: 0; height: 12px; width: 16px; transform: translateY(-4px);\">&nbsp;<\/div>\n<div style=\"width: 0; height: 0; border-top: 8px solid #F4F4F4; border-left: 8px solid transparent; transform: translateY(-4px) translateX(8px);\">&nbsp;<\/div>\n<\/div>\n<\/div>\n<div style=\"display: flex; flex-direction: column; flex-grow: 1; justify-content: center; margin-bottom: 24px;\">\n<div style=\"background-color: #f4f4f4; border-radius: 4px; flex-grow: 0; height: 14px; margin-bottom: 6px; width: 224px;\">&nbsp;<\/div>\n<div style=\"background-color: #f4f4f4; border-radius: 4px; flex-grow: 0; height: 14px; width: 144px;\">&nbsp;<\/div>\n<\/div>\n<p style=\"color: #c9c8cd; font-family: Arial,sans-serif; font-size: 14px; line-height: 17px; margin-bottom: 0; margin-top: 8px; overflow: hidden; padding: 8px 0 7px; text-align: center; text-overflow: ellipsis; white-space: nowrap;\"><a style=\"color: #c9c8cd; font-family: Arial,sans-serif; font-size: 14px; font-style: normal; font-weight: normal; line-height: 17px; text-decoration: none;\" href=\"https:\/\/www.instagram.com\/p\/CIthhZ2loeG\/?utm_source=ig_embed&amp;utm_campaign=loading\" target=\"_blank\" rel=\"noopener noreferrer\">Un post condiviso da Nicolas Coronado (@nicolas_coronado)<\/a><\/p>\n<\/div>\n<\/blockquote>\n<p><script async=\"\" src=\"\/\/www.instagram.com\/embed.js\"><\/script><\/p>\n<p align=\"justify\"><span style=\"font-size: medium;\">Lo de ponerse delante de la c\u00e1mara se le da bien, con solo un a\u00f1o empez\u00f3 a aparecer en anuncios y su cara dio la vuelta al mundo cuando, con solo unos meses, <strong>se convert\u00eda en la portada del disco \u2018Los chicos no lloran\u2019 de su t\u00edo Miguel Bos\u00e9<\/strong>.<\/span><\/p>\n<p align=\"justify\"><img loading=\"lazy\" decoding=\"async\" class=\"aligncenter size-full wp-image-28273\" src=\"https:\/\/www.vidademadrid.com\/es\/wp-content\/uploads\/2020\/12\/foto_00316.jpg\" alt=\"\" width=\"678\" height=\"642\" srcset=\"https:\/\/www.vidademadrid.com\/es\/wp-content\/uploads\/2020\/12\/foto_00316.jpg 678w, https:\/\/www.vidademadrid.com\/es\/wp-content\/uploads\/2020\/12\/foto_00316-300x284.jpg 300w, https:\/\/www.vidademadrid.com\/es\/wp-content\/uploads\/2020\/12\/foto_00316-444x420.jpg 444w\" sizes=\"auto, (max-width: 678px) 100vw, 678px\" \/><\/p>\n<p><script async=\"\" src=\"https:\/\/pagead2.googlesyndication.com\/pagead\/js\/adsbygoogle.js\"><\/script> <!-- Vertical2020 --><ins class=\"adsbygoogle\" style=\"display:block\" data-ad-client=\"ca-pub-7450064428034605\" data-ad-slot=\"4377430105\" data-ad-format=\"auto\" data-full-width-responsive=\"true\"><\/ins><script>(adsbygoogle = window.adsbygoogle || []).push({});<\/script><\/p>\n<p align=\"justify\"><span style=\"font-size: medium;\">Chico polifac\u00e9tico y amante del arte en todas sus variantes, Nicolas comenz\u00f3 <strong>su carrera como actor<\/strong> en 2009 con la pel\u00edcula \u2018No soy como t\u00fa\u2019, camino que continu\u00f3 explotando y le vali\u00f3 para hacer alguna serie espa\u00f1ola, protagonizar cerca de siete pel\u00edculas y alg\u00fan cortometraje como apunta la revista Jaleos del coraz\u00f3n de El Espa\u00f1ol.<\/span><\/p>\n<h2 align=\"justify\">Nicol\u00e1s Coronado, d\u00f3nde vive en Madrid<\/h2>\n<p><script async=\"\" src=\"https:\/\/pagead2.googlesyndication.com\/pagead\/js\/adsbygoogle.js\"><\/script> <ins class=\"adsbygoogle\" style=\"display:block; text-align:center;\" data-ad-layout=\"in-article\" data-ad-format=\"fluid\" data-ad-client=\"ca-pub-7450064428034605\" data-ad-slot=\"5670045061\"><\/ins> <script>(adsbygoogle = window.adsbygoogle || []).push({});<\/script><\/p>\n<p align=\"justify\"><span style=\"font-size: medium;\">Pero donde Nicolas es 100% \u00e9l es en <strong>su casa de campo situada a las afueras de Madrid<\/strong>. All\u00ed es f\u00e1cil encontrar esbozos y lienzos, a medio camino, de un anhelado y so\u00f1ado, futuro pintor. Un artista al que le gusta practicar yoga y meditaci\u00f3n mientras planifica su proyecto m\u00e1s ilusionante, su propia protectora de animales.<\/span><\/p>\n","protected":false},"excerpt":{"rendered":"<p>El actor ama estar en  su casa de campo situada a las afueras de Madrid<\/p>\n","protected":false},"author":11,"featured_media":28274,"comment_status":"open","ping_status":"open","sticky":false,"template":"","format":"standard","meta":{"footnotes":""},"categories":[85,5],"tags":[],"class_list":{"0":"post-28272","1":"post","2":"type-post","3":"status-publish","4":"format-standard","5":"has-post-thumbnail","7":"category-cine-series-television","8":"category-vida-madrilena"},"_links":{"self":[{"href":"https:\/\/www.vidademadrid.com\/es\/wp-json\/wp\/v2\/posts\/28272","targetHints":{"allow":["GET"]}}],"collection":[{"href":"https:\/\/www.vidademadrid.com\/es\/wp-json\/wp\/v2\/posts"}],"about":[{"href":"https:\/\/www.vidademadrid.com\/es\/wp-json\/wp\/v2\/types\/post"}],"author":[{"embeddable":true,"href":"https:\/\/www.vidademadrid.com\/es\/wp-json\/wp\/v2\/users\/11"}],"replies":[{"embeddable":true,"href":"https:\/\/www.vidademadrid.com\/es\/wp-json\/wp\/v2\/comments?post=28272"}],"version-history":[{"count":1,"href":"https:\/\/www.vidademadrid.com\/es\/wp-json\/wp\/v2\/posts\/28272\/revisions"}],"predecessor-version":[{"id":28275,"href":"https:\/\/www.vidademadrid.com\/es\/wp-json\/wp\/v2\/posts\/28272\/revisions\/28275"}],"wp:featuredmedia":[{"embeddable":true,"href":"https:\/\/www.vidademadrid.com\/es\/wp-json\/wp\/v2\/media\/28274"}],"wp:attachment":[{"href":"https:\/\/www.vidademadrid.com\/es\/wp-json\/wp\/v2\/media?parent=28272"}],"wp:term":[{"taxonomy":"category","embeddable":true,"href":"https:\/\/www.vidademadrid.com\/es\/wp-json\/wp\/v2\/categories?post=28272"},{"taxonomy":"post_tag","embeddable":true,"href":"https:\/\/www.vidademadrid.com\/es\/wp-json\/wp\/v2\/tags?post=28272"}],"curies":[{"name":"wp","href":"https:\/\/api.w.org\/{rel}","templated":true}]}}