{"id":28167,"date":"2020-12-10T10:22:32","date_gmt":"2020-12-10T09:22:32","guid":{"rendered":"https:\/\/www.vidademadrid.com\/es\/?p=28167"},"modified":"2020-12-10T10:23:05","modified_gmt":"2020-12-10T09:23:05","slug":"la-moraleja-incidencia-covid-datos","status":"publish","type":"post","link":"https:\/\/www.vidademadrid.com\/es\/28167\/la-moraleja-incidencia-covid-datos\/","title":{"rendered":"La Moraleja aumenta su incidencia covid y ahora es la ZBS de la Comunidad de Madrid m\u00e1s afectada"},"content":{"rendered":"<p>Ayer la Comunidad de Madrid ha publicado los <a href=\"https:\/\/www.vidademadrid.com\/es\/26031\/zbs-madrid-datos-de-incidencia-covid\/\">nuevos datos covid por Zona B\u00e1sica de Salud<\/a>, con noticias no buenas para los vecinos de <strong>La Moraleja<\/strong>, que a pesar de estar bajo restricciones ha aumentado su incidencia y se situa ahora como la m\u00e1s afectada de toda la regi\u00f3n.<\/p>\n\n\n<script async src=\"https:\/\/pagead2.googlesyndication.com\/pagead\/js\/adsbygoogle.js\"><\/script> <ins class=\"adsbygoogle\" style=\"display:block; text-align:center;\" data-ad-layout=\"in-article\" data-ad-format=\"fluid\" data-ad-client=\"ca-pub-7450064428034605\" data-ad-slot=\"5670045061\"><\/ins> <script>(adsbygoogle = window.adsbygoogle || []).push({});<\/script>\n\n\n\n<h3>ZBS La Moraleja aumenta su incidencia covid<\/h3><script async=\"\" src=\"https:\/\/pagead2.googlesyndication.com\/pagead\/js\/adsbygoogle.js\"><\/script> <!-- Vertical2020 --><ins class=\"adsbygoogle\" style=\"display:block\" data-ad-client=\"ca-pub-7450064428034605\" data-ad-slot=\"4377430105\" data-ad-format=\"auto\" data-full-width-responsive=\"true\"><\/ins><script>(adsbygoogle = window.adsbygoogle || []).push({});<\/script>  \n\n<p>La Zona B\u00e1sica de Salud <a href=\"https:\/\/www.vidademadrid.com\/es\/27513\/zbs-la-moraleja-confinada-pdf-con-mapa-y-calles-confinadas\/\">\u00abLa Moraleja\u00bb (aqu\u00ed mapa y calles)<\/a> es actualmente la con <strong>mayor incidencia covid a 14 d\u00edas de toda la Comunidad de Madrid<\/strong>. Su dato actual es de <strong>424,78<\/strong>, siendo una de la dos ZBS que superan el umbral de 400 y una de las 16 que superan incidencia 300.<\/p>\n<p>La situaci\u00f3n preocupa, ya que La Moraleja <strong>est\u00e1 confinada desde el 23 de noviembre<\/strong>. A pesar de las restricciones, la ZBS no solo no ha conseguido bajar su incidencia del 50% (algo que permitir\u00eda levantar las restricciones este domingo 13), pero ha aumentado ese dato. El dato de la semana del confinamiento era de 403,75, es decir el 5% mejor que ahora.<\/p>\n<p>En los \u00faltimos 14 d\u00edas <strong>101 nuevos positivos<\/strong> se han detectado en la zona de salud de La Moraleja.<\/p>\n<p>Ma\u00f1ana la Consejer\u00eda de Sanidad comunicar\u00e1 la situaci\u00f3n epidemiol\u00f3gica y los nuevos confinamientos que se aplicar\u00e1n a partir de lunes 14 de diciembre. Con los datos actuales, La Moraleja se enfrenta a m\u00e1s d\u00edas de confinamiento.<\/p>\n<script async=\"\" src=\"https:\/\/pagead2.googlesyndication.com\/pagead\/js\/adsbygoogle.js\"><\/script> <ins class=\"adsbygoogle\" style=\"display:block\" data-ad-format=\"fluid\" data-ad-layout-key=\"-7f+eo+1+2-5\" data-ad-client=\"ca-pub-7450064428034605\" data-ad-slot=\"7327027071\"><\/ins><script>(adsbygoogle = window.adsbygoogle || []).push({});<\/script>\n\n\n\n<figure class=\"wp-block-embed is-type-rich is-provider-vida-de-madrid\"><div class=\"wp-block-embed__wrapper\">\n<blockquote class=\"wp-embedded-content\" data-secret=\"2HlAGECQDI\"><a href=\"https:\/\/www.vidademadrid.com\/es\/26031\/zbs-madrid-datos-de-incidencia-covid\/\">ZBS Madrid, datos de incidencia covid. Actualizaci\u00f3n 9 de diciembre<\/a><\/blockquote><iframe loading=\"lazy\" class=\"wp-embedded-content\" sandbox=\"allow-scripts\" security=\"restricted\" style=\"position: absolute; clip: rect(1px, 1px, 1px, 1px);\" title=\"&#171;ZBS Madrid, datos de incidencia covid. Actualizaci\u00f3n 9 de diciembre&#187; &#8212; Vida de Madrid\" src=\"https:\/\/www.vidademadrid.com\/es\/26031\/zbs-madrid-datos-de-incidencia-covid\/embed\/#?secret=2HlAGECQDI\" data-secret=\"2HlAGECQDI\" width=\"600\" height=\"338\" frameborder=\"0\" marginwidth=\"0\" marginheight=\"0\" scrolling=\"no\"><\/iframe>\n<\/div><\/figure>\n","protected":false},"excerpt":{"rendered":"<p>101 nuevos positivos detectados en 14 d\u00edas<\/p>\n","protected":false},"author":1,"featured_media":28171,"comment_status":"open","ping_status":"open","sticky":false,"template":"","format":"standard","meta":{"footnotes":""},"categories":[12],"tags":[54,116],"class_list":{"0":"post-28167","1":"post","2":"type-post","3":"status-publish","4":"format-standard","5":"has-post-thumbnail","7":"category-actualidad-noticias-madrid","8":"tag-coronavirus","9":"tag-la-moraleja"},"_links":{"self":[{"href":"https:\/\/www.vidademadrid.com\/es\/wp-json\/wp\/v2\/posts\/28167","targetHints":{"allow":["GET"]}}],"collection":[{"href":"https:\/\/www.vidademadrid.com\/es\/wp-json\/wp\/v2\/posts"}],"about":[{"href":"https:\/\/www.vidademadrid.com\/es\/wp-json\/wp\/v2\/types\/post"}],"author":[{"embeddable":true,"href":"https:\/\/www.vidademadrid.com\/es\/wp-json\/wp\/v2\/users\/1"}],"replies":[{"embeddable":true,"href":"https:\/\/www.vidademadrid.com\/es\/wp-json\/wp\/v2\/comments?post=28167"}],"version-history":[{"count":2,"href":"https:\/\/www.vidademadrid.com\/es\/wp-json\/wp\/v2\/posts\/28167\/revisions"}],"predecessor-version":[{"id":28173,"href":"https:\/\/www.vidademadrid.com\/es\/wp-json\/wp\/v2\/posts\/28167\/revisions\/28173"}],"wp:featuredmedia":[{"embeddable":true,"href":"https:\/\/www.vidademadrid.com\/es\/wp-json\/wp\/v2\/media\/28171"}],"wp:attachment":[{"href":"https:\/\/www.vidademadrid.com\/es\/wp-json\/wp\/v2\/media?parent=28167"}],"wp:term":[{"taxonomy":"category","embeddable":true,"href":"https:\/\/www.vidademadrid.com\/es\/wp-json\/wp\/v2\/categories?post=28167"},{"taxonomy":"post_tag","embeddable":true,"href":"https:\/\/www.vidademadrid.com\/es\/wp-json\/wp\/v2\/tags?post=28167"}],"curies":[{"name":"wp","href":"https:\/\/api.w.org\/{rel}","templated":true}]}}