{"id":28092,"date":"2020-12-05T11:08:19","date_gmt":"2020-12-05T10:08:19","guid":{"rendered":"https:\/\/www.vidademadrid.com\/es\/?p=28092"},"modified":"2020-12-05T11:08:21","modified_gmt":"2020-12-05T10:08:21","slug":"atardecer-y-luces-de-navidad-en-plaza-de-oriente-fotos-y-video","status":"publish","type":"post","link":"https:\/\/www.vidademadrid.com\/es\/28092\/atardecer-y-luces-de-navidad-en-plaza-de-oriente-fotos-y-video\/","title":{"rendered":"Atardecer y luces de Navidad en Plaza de Oriente &#8211; fotos y v\u00eddeo"},"content":{"rendered":"<p>Cuando los incre\u00edbles colores del <strong>atardecer de Madrid<\/strong> se juntan a la iluminaci\u00f3n de las <a href=\"https:\/\/www.vidademadrid.com\/es\/27782\/mapa-luces-navidad-madrid\/\"><strong>luces de Navidad<\/strong><\/a>, el resultado es realmente \u00fanico. En las siguientes fotos y v\u00eddeo, el espect\u00e1culo que hemos visto hace unos d\u00edas justo a las 18 h, horario en el que se encienden las luces y los \u00e1rboles por las calles de Madrid. As\u00ed luc\u00edan <strong>Plaza de Oriente y el Palacio Real<\/strong>.<\/p>\n<h2>Atardecer y luces de Navidad en Plaza de Oriente &#8211; fotos<\/h2>\n\n\n<script async src=\"https:\/\/pagead2.googlesyndication.com\/pagead\/js\/adsbygoogle.js\"><\/script> <ins class=\"adsbygoogle\" style=\"display:block; text-align:center;\" data-ad-layout=\"in-article\" data-ad-format=\"fluid\" data-ad-client=\"ca-pub-7450064428034605\" data-ad-slot=\"5670045061\"><\/ins> <script>(adsbygoogle = window.adsbygoogle || []).push({});<\/script>\n\n\n\n\n<ul class=\"wp-block-gallery columns-1 is-cropped wp-block-gallery-1 is-layout-flex wp-block-gallery-is-layout-flex\"><li class=\"blocks-gallery-item\"><figure><img loading=\"lazy\" decoding=\"async\" width=\"768\" height=\"1024\" src=\"https:\/\/www.vidademadrid.com\/es\/wp-content\/uploads\/2020\/12\/IMG_20201203_180159-768x1024.jpg\" alt=\"\" data-id=\"28094\" data-link=\"https:\/\/www.vidademadrid.com\/es\/?attachment_id=28094\" class=\"wp-image-28094\" srcset=\"https:\/\/www.vidademadrid.com\/es\/wp-content\/uploads\/2020\/12\/IMG_20201203_180159-768x1024.jpg 768w, https:\/\/www.vidademadrid.com\/es\/wp-content\/uploads\/2020\/12\/IMG_20201203_180159-225x300.jpg 225w, https:\/\/www.vidademadrid.com\/es\/wp-content\/uploads\/2020\/12\/IMG_20201203_180159-696x928.jpg 696w, https:\/\/www.vidademadrid.com\/es\/wp-content\/uploads\/2020\/12\/IMG_20201203_180159-1068x1424.jpg 1068w, https:\/\/www.vidademadrid.com\/es\/wp-content\/uploads\/2020\/12\/IMG_20201203_180159-1920x2560.jpg 1920w, https:\/\/www.vidademadrid.com\/es\/wp-content\/uploads\/2020\/12\/IMG_20201203_180159-315x420.jpg 315w\" sizes=\"auto, (max-width: 768px) 100vw, 768px\" \/><figcaption>Foto: Vida de Madrid<\/figcaption><\/figure><\/li><li class=\"blocks-gallery-item\"><figure><img loading=\"lazy\" decoding=\"async\" width=\"1024\" height=\"1004\" src=\"https:\/\/www.vidademadrid.com\/es\/wp-content\/uploads\/2020\/12\/plaza-oriente-1024x1004.jpeg\" alt=\"\" data-id=\"28095\" data-link=\"https:\/\/www.vidademadrid.com\/es\/?attachment_id=28095\" class=\"wp-image-28095\" srcset=\"https:\/\/www.vidademadrid.com\/es\/wp-content\/uploads\/2020\/12\/plaza-oriente-1024x1004.jpeg 1024w, https:\/\/www.vidademadrid.com\/es\/wp-content\/uploads\/2020\/12\/plaza-oriente-300x294.jpeg 300w, https:\/\/www.vidademadrid.com\/es\/wp-content\/uploads\/2020\/12\/plaza-oriente-768x753.jpeg 768w, https:\/\/www.vidademadrid.com\/es\/wp-content\/uploads\/2020\/12\/plaza-oriente-696x682.jpeg 696w, https:\/\/www.vidademadrid.com\/es\/wp-content\/uploads\/2020\/12\/plaza-oriente-1068x1047.jpeg 1068w, https:\/\/www.vidademadrid.com\/es\/wp-content\/uploads\/2020\/12\/plaza-oriente-1920x1882.jpeg 1920w, https:\/\/www.vidademadrid.com\/es\/wp-content\/uploads\/2020\/12\/plaza-oriente-429x420.jpeg 429w, https:\/\/www.vidademadrid.com\/es\/wp-content\/uploads\/2020\/12\/plaza-oriente.jpeg 2048w\" sizes=\"auto, (max-width: 1024px) 100vw, 1024px\" \/><figcaption> <br>Foto: Vida de Madrid <\/figcaption><\/figure><\/li><\/ul>\n\n\n<script async=\"\" src=\"https:\/\/pagead2.googlesyndication.com\/pagead\/js\/adsbygoogle.js\"><\/script> <ins class=\"adsbygoogle\" style=\"display:block\" data-ad-format=\"fluid\" data-ad-layout-key=\"-7f+eo+1+2-5\" data-ad-client=\"ca-pub-7450064428034605\" data-ad-slot=\"7327027071\"><\/ins><script>(adsbygoogle = window.adsbygoogle || []).push({});<\/script>\n<h2>Atardecer y luces de Navidad en Plaza de Oriente &#8211; v\u00eddeo<\/h2>\n<p>V\u00eddeo antes y despu\u00e9s desde nuestra cuenta TikTok:<\/p>\n\n\n<blockquote class=\"tiktok-embed\" cite=\"https:\/\/www.tiktok.com\/@vida_demadrid\/video\/6902097793859538178\" data-video-id=\"6902097793859538178\" style=\"max-width: 605px;min-width: 325px;\" > <section> <a target=\"_blank\" title=\"@vida_demadrid\" href=\"https:\/\/www.tiktok.com\/@vida_demadrid\" rel=\"noopener noreferrer\">@vida_demadrid<\/a> <p>hoy en plaza de Oriente <a title=\"atardecer\" target=\"_blank\" href=\"https:\/\/www.tiktok.com\/tag\/atardecer\" rel=\"noopener noreferrer\">##atardecer<\/a> <a title=\"navidad2020\" target=\"_blank\" href=\"https:\/\/www.tiktok.com\/tag\/navidad2020\" rel=\"noopener noreferrer\">##navidad2020<\/a> <a title=\"madrid\" target=\"_blank\" href=\"https:\/\/www.tiktok.com\/tag\/madrid\" rel=\"noopener noreferrer\">##madrid<\/a> <a title=\"madridcentro\" target=\"_blank\" href=\"https:\/\/www.tiktok.com\/tag\/madridcentro\" rel=\"noopener noreferrer\">##madridcentro<\/a> <a title=\"navidadmadrid\" target=\"_blank\" href=\"https:\/\/www.tiktok.com\/tag\/navidadmadrid\" rel=\"noopener noreferrer\">##navidadmadrid<\/a> <a title=\"atardecermadrid\" target=\"_blank\" href=\"https:\/\/www.tiktok.com\/tag\/atardecermadrid\" rel=\"noopener noreferrer\">##atardecermadrid<\/a> <a title=\"palacioreal\" target=\"_blank\" href=\"https:\/\/www.tiktok.com\/tag\/palacioreal\" rel=\"noopener noreferrer\">##palacioreal<\/a> <a title=\"parati\" target=\"_blank\" href=\"https:\/\/www.tiktok.com\/tag\/parati\" rel=\"noopener noreferrer\">##parati<\/a> <a title=\"amor\" target=\"_blank\" href=\"https:\/\/www.tiktok.com\/tag\/amor\" rel=\"noopener noreferrer\">##amor<\/a><\/p> <a target=\"_blank\" title=\"\u266c Absolutely Anything (feat. Or3o) - CG5\" href=\"https:\/\/www.tiktok.com\/music\/Absolutely-Anything-feat-Or3o-6537743289095820303\" rel=\"noopener noreferrer\">\u266c Absolutely Anything (feat. Or3o) &#8211; CG5<\/a> <\/section> <\/blockquote> <script async src=\"https:\/\/www.tiktok.com\/embed.js\"><\/script>\n\n\n\n<script async src=\"https:\/\/pagead2.googlesyndication.com\/pagead\/js\/adsbygoogle.js\"><\/script> <!-- Vertical2020 --><ins class=\"adsbygoogle\" style=\"display:block\" data-ad-client=\"ca-pub-7450064428034605\" data-ad-slot=\"4377430105\" data-ad-format=\"auto\" data-full-width-responsive=\"true\"><\/ins><script>(adsbygoogle = window.adsbygoogle || []).push({});<\/script>  \n\n","protected":false},"excerpt":{"rendered":"<p>Las luces de Madrid a las 18 h<\/p>\n","protected":false},"author":1,"featured_media":28093,"comment_status":"open","ping_status":"open","sticky":false,"template":"","format":"standard","meta":{"footnotes":""},"categories":[101,3],"tags":[],"class_list":{"0":"post-28092","1":"post","2":"type-post","3":"status-publish","4":"format-standard","5":"has-post-thumbnail","7":"category-ferias-fiestas-mercados-madrid","8":"category-visita-madrid"},"_links":{"self":[{"href":"https:\/\/www.vidademadrid.com\/es\/wp-json\/wp\/v2\/posts\/28092","targetHints":{"allow":["GET"]}}],"collection":[{"href":"https:\/\/www.vidademadrid.com\/es\/wp-json\/wp\/v2\/posts"}],"about":[{"href":"https:\/\/www.vidademadrid.com\/es\/wp-json\/wp\/v2\/types\/post"}],"author":[{"embeddable":true,"href":"https:\/\/www.vidademadrid.com\/es\/wp-json\/wp\/v2\/users\/1"}],"replies":[{"embeddable":true,"href":"https:\/\/www.vidademadrid.com\/es\/wp-json\/wp\/v2\/comments?post=28092"}],"version-history":[{"count":1,"href":"https:\/\/www.vidademadrid.com\/es\/wp-json\/wp\/v2\/posts\/28092\/revisions"}],"predecessor-version":[{"id":28096,"href":"https:\/\/www.vidademadrid.com\/es\/wp-json\/wp\/v2\/posts\/28092\/revisions\/28096"}],"wp:featuredmedia":[{"embeddable":true,"href":"https:\/\/www.vidademadrid.com\/es\/wp-json\/wp\/v2\/media\/28093"}],"wp:attachment":[{"href":"https:\/\/www.vidademadrid.com\/es\/wp-json\/wp\/v2\/media?parent=28092"}],"wp:term":[{"taxonomy":"category","embeddable":true,"href":"https:\/\/www.vidademadrid.com\/es\/wp-json\/wp\/v2\/categories?post=28092"},{"taxonomy":"post_tag","embeddable":true,"href":"https:\/\/www.vidademadrid.com\/es\/wp-json\/wp\/v2\/tags?post=28092"}],"curies":[{"name":"wp","href":"https:\/\/api.w.org\/{rel}","templated":true}]}}