{"id":28035,"date":"2020-12-04T10:40:56","date_gmt":"2020-12-04T09:40:56","guid":{"rendered":"https:\/\/www.vidademadrid.com\/es\/?p=28035"},"modified":"2020-12-04T10:46:34","modified_gmt":"2020-12-04T09:46:34","slug":"una-rotura-de-una-tuberia-en-la-calle-alcala-corta-el-trafico-de-la-linea-4-de-metro","status":"publish","type":"post","link":"https:\/\/www.vidademadrid.com\/es\/28035\/una-rotura-de-una-tuberia-en-la-calle-alcala-corta-el-trafico-de-la-linea-4-de-metro\/","title":{"rendered":"Una rotura de una tuber\u00eda en la Calle Alcal\u00e1 corta el tr\u00e1fico de la l\u00ednea 4 de Metro"},"content":{"rendered":"<p>La rotura de una tuber\u00eda del <strong>Canal de Isabel II<\/strong> este jueves sobre las <strong>17:45 horas<\/strong> ha inundado la <strong>calle Alcal\u00e1<\/strong> <strong>de Madrid<\/strong> y el s\u00f3tano de un local, y ha obligado a cortar varias estaciones de la <strong>L\u00ednea 4 de Metro<\/strong>.<\/p>\n<p><script async=\"\" src=\"\/\/pagead2.googlesyndication.com\/pagead\/js\/adsbygoogle.js\"><\/script> <!-- Vida 1 --> <ins class=\"adsbygoogle\" style=\"display: block;\" data-ad-client=\"ca-pub-7450064428034605\" data-ad-slot=\"2284573579\" data-ad-format=\"auto\"><\/ins> <script> (adsbygoogle = window.adsbygoogle || []).push({}); <\/script><\/p>\n<h2>Una rotura de una tuber\u00eda en la Calle Alcal\u00e1 corta el tr\u00e1fico de la l\u00ednea 4 de Metro<\/h2>\n<p><script async=\"\" src=\"\/\/pagead2.googlesyndication.com\/pagead\/js\/adsbygoogle.js\"><\/script> <!-- Vida 2 --> <ins class=\"adsbygoogle\" style=\"display: inline-block; width: 336px; height: 280px;\" data-ad-client=\"ca-pub-7450064428034605\" data-ad-slot=\"9336835571\"><\/ins> <script> (adsbygoogle = window.adsbygoogle || []).push({}); <\/script>La rotura de una tuber\u00eda ha provocado un peque\u00f1o caos en el <strong>distrito de Salamanca<\/strong> este jueves por la tarde. La<strong> Calle Alcal\u00e1<\/strong> con <strong>Pr\u00edncipe de Vergara<\/strong> se ha inundado, tambi\u00e9n el s\u00f3tano de un local, y varias estaciones de la <strong>L\u00ednea 4 de Metro de Madrid<\/strong> han tenido que cortar su servicio.<\/p>\n<p>Seg\u00fan ha informado en redes sociales <strong>Emergencias de Madrid<\/strong> los bomberos y la polic\u00eda han tenido que acudir a la zona para para asegurarla, dirigir el tr\u00e1fico y desaguar el local inundado.<\/p>\n<p><script async=\"\" src=\"\/\/pagead2.googlesyndication.com\/pagead\/js\/adsbygoogle.js\"><\/script> <!-- Vida vertical --> <ins class=\"adsbygoogle\" style=\"display: inline-block; width: 300px; height: 600px;\" data-ad-client=\"ca-pub-7450064428034605\" data-ad-slot=\"7296098777\"><\/ins> <script> (adsbygoogle = window.adsbygoogle || []).push({}); <\/script><\/p>\n<figure id=\"attachment_28039\" aria-describedby=\"caption-attachment-28039\" style=\"width: 2048px\" class=\"wp-caption aligncenter\"><a href=\"https:\/\/www.vidademadrid.com\/es\/wp-content\/uploads\/2020\/12\/EoVTf_-XUAE29tT.jpg\"><img loading=\"lazy\" decoding=\"async\" class=\"size-full wp-image-28039\" src=\"https:\/\/www.vidademadrid.com\/es\/wp-content\/uploads\/2020\/12\/EoVTf_-XUAE29tT.jpg\" alt=\"\" width=\"2048\" height=\"1536\" srcset=\"https:\/\/www.vidademadrid.com\/es\/wp-content\/uploads\/2020\/12\/EoVTf_-XUAE29tT.jpg 2048w, https:\/\/www.vidademadrid.com\/es\/wp-content\/uploads\/2020\/12\/EoVTf_-XUAE29tT-300x225.jpg 300w, https:\/\/www.vidademadrid.com\/es\/wp-content\/uploads\/2020\/12\/EoVTf_-XUAE29tT-768x576.jpg 768w, https:\/\/www.vidademadrid.com\/es\/wp-content\/uploads\/2020\/12\/EoVTf_-XUAE29tT-1024x768.jpg 1024w, https:\/\/www.vidademadrid.com\/es\/wp-content\/uploads\/2020\/12\/EoVTf_-XUAE29tT-696x522.jpg 696w, https:\/\/www.vidademadrid.com\/es\/wp-content\/uploads\/2020\/12\/EoVTf_-XUAE29tT-1068x801.jpg 1068w, https:\/\/www.vidademadrid.com\/es\/wp-content\/uploads\/2020\/12\/EoVTf_-XUAE29tT-1920x1440.jpg 1920w, https:\/\/www.vidademadrid.com\/es\/wp-content\/uploads\/2020\/12\/EoVTf_-XUAE29tT-560x420.jpg 560w, https:\/\/www.vidademadrid.com\/es\/wp-content\/uploads\/2020\/12\/EoVTf_-XUAE29tT-80x60.jpg 80w, https:\/\/www.vidademadrid.com\/es\/wp-content\/uploads\/2020\/12\/EoVTf_-XUAE29tT-265x198.jpg 265w\" sizes=\"auto, (max-width: 2048px) 100vw, 2048px\" \/><\/a><figcaption id=\"caption-attachment-28039\" class=\"wp-caption-text\">Foto: Twitter @EmergenciasMad<\/figcaption><\/figure>\n<p><script async=\"\" src=\"https:\/\/platform.twitter.com\/widgets.js\" charset=\"utf-8\"><\/script>Adem\u00e1s, como consecuencia de la rotura de la tuber\u00eda el agua ha brotado con fuerza lo que ha producido un socav\u00f3n en la acera, aunque la calzada no se ha visto afectada. Tambi\u00e9n se ha cortado el tr\u00e1fico Pr\u00edncipe de Vergara entre las calles Alcal\u00e1 y Jorge Juan.<\/p>\n<blockquote class=\"twitter-tweet\">\n<p dir=\"ltr\" lang=\"es\">.<a href=\"https:\/\/twitter.com\/BomberosMad?ref_src=twsrc%5Etfw\">@BomberosMad<\/a> est\u00e1 trabajando en la calle Alcal\u00e1 con Pr\u00edncipe de Vergara distrito <a href=\"https:\/\/twitter.com\/hashtag\/Salamanca?src=hash&amp;ref_src=twsrc%5Etfw\">#Salamanca<\/a> donde ha habido una rotura en la canalizaci\u00f3n de agua. Han asegurado la zona y est\u00e1n desaguando un local inundado. <a href=\"https:\/\/twitter.com\/policiademadrid?ref_src=twsrc%5Etfw\">@policiademadrid<\/a> regula el tr\u00e1fico en este punto. <a href=\"https:\/\/t.co\/hMxLSAdOSm\">pic.twitter.com\/hMxLSAdOSm<\/a><\/p>\n<p>\u2014 Emergencias Madrid (@EmergenciasMad) <a href=\"https:\/\/twitter.com\/EmergenciasMad\/status\/1334563351901446145?ref_src=twsrc%5Etfw\">December 3, 2020<\/a><\/p><\/blockquote>\n","protected":false},"excerpt":{"rendered":"<p>Tambi\u00e9n se ha inundado el s\u00f3tano de un local<\/p>\n","protected":false},"author":9,"featured_media":28036,"comment_status":"open","ping_status":"open","sticky":false,"template":"","format":"standard","meta":{"footnotes":""},"categories":[12],"tags":[15],"class_list":{"0":"post-28035","1":"post","2":"type-post","3":"status-publish","4":"format-standard","5":"has-post-thumbnail","7":"category-actualidad-noticias-madrid","8":"tag-salamanca"},"_links":{"self":[{"href":"https:\/\/www.vidademadrid.com\/es\/wp-json\/wp\/v2\/posts\/28035","targetHints":{"allow":["GET"]}}],"collection":[{"href":"https:\/\/www.vidademadrid.com\/es\/wp-json\/wp\/v2\/posts"}],"about":[{"href":"https:\/\/www.vidademadrid.com\/es\/wp-json\/wp\/v2\/types\/post"}],"author":[{"embeddable":true,"href":"https:\/\/www.vidademadrid.com\/es\/wp-json\/wp\/v2\/users\/9"}],"replies":[{"embeddable":true,"href":"https:\/\/www.vidademadrid.com\/es\/wp-json\/wp\/v2\/comments?post=28035"}],"version-history":[{"count":4,"href":"https:\/\/www.vidademadrid.com\/es\/wp-json\/wp\/v2\/posts\/28035\/revisions"}],"predecessor-version":[{"id":28046,"href":"https:\/\/www.vidademadrid.com\/es\/wp-json\/wp\/v2\/posts\/28035\/revisions\/28046"}],"wp:featuredmedia":[{"embeddable":true,"href":"https:\/\/www.vidademadrid.com\/es\/wp-json\/wp\/v2\/media\/28036"}],"wp:attachment":[{"href":"https:\/\/www.vidademadrid.com\/es\/wp-json\/wp\/v2\/media?parent=28035"}],"wp:term":[{"taxonomy":"category","embeddable":true,"href":"https:\/\/www.vidademadrid.com\/es\/wp-json\/wp\/v2\/categories?post=28035"},{"taxonomy":"post_tag","embeddable":true,"href":"https:\/\/www.vidademadrid.com\/es\/wp-json\/wp\/v2\/tags?post=28035"}],"curies":[{"name":"wp","href":"https:\/\/api.w.org\/{rel}","templated":true}]}}