{"id":27782,"date":"2020-11-27T12:38:34","date_gmt":"2020-11-27T11:38:34","guid":{"rendered":"https:\/\/www.vidademadrid.com\/es\/?p=27782"},"modified":"2020-11-27T12:50:18","modified_gmt":"2020-11-27T11:50:18","slug":"mapa-luces-navidad-madrid","status":"publish","type":"post","link":"https:\/\/www.vidademadrid.com\/es\/27782\/mapa-luces-navidad-madrid\/","title":{"rendered":"Mapa con las luces de Navidad 2020 de Madrid"},"content":{"rendered":"<p>Descubre el <strong>mapa con todas las luces de Navidad 2020 de Madrid<\/strong> con m\u00e1s de <strong>30 nuevas ubicaciones<\/strong> que contar\u00e1n con novedosos dise\u00f1os. El alumbrado navide\u00f1o est\u00e1 compuesto por m\u00e1s de <strong>10,8 millones de bombillas<\/strong> de tecnolog\u00eda led.<\/p>\n<h2>Mapa con las luces de Navidad 2020 de Madrid<\/h2>\n<p><script async=\"\" src=\"\/\/pagead2.googlesyndication.com\/pagead\/js\/adsbygoogle.js\"><\/script> <!-- Vida vertical --> <ins class=\"adsbygoogle\" style=\"display:inline-block;width:300px;height:600px\" data-ad-client=\"ca-pub-7450064428034605\" data-ad-slot=\"7296098777\"><\/ins> <script> (adsbygoogle = window.adsbygoogle || []).push({}); <\/script><\/p>\n<p>Las <a href=\"https:\/\/www.vidademadrid.com\/es\/26706\/luces-navidad-madrid-2020-fecha-encendido\/\"><strong>luces de Navidad de Madrid<\/strong> iluminar\u00e1n la capital hasta el pr\u00f3ximo d\u00eda <strong>6 de enero<\/strong><\/a>. Esta Navidad 2020 la ciudad suma <strong>30 ubicaciones nuevas<\/strong> con alumbrado navide\u00f1o y estar\u00e1 compuesto por m\u00e1s de <strong>10,8 millones de bombillas<\/strong> de tecnolog\u00eda led, lo que supone un m\u00ednimo consumo energ\u00e9tico, as\u00ed como un menor impacto ambiental.<\/p>\n<p>En total, las calles iluminadas en los 21 distritos de la capital son m\u00e1s de <strong>210<\/strong>. Entre esos nuevos espacios destacan la calle Alcal\u00e1 entre Sevilla y Sol; el eje Duque de Medinaceli-Jes\u00fas; las plazas El\u00edptica, de las Salesas, del Encuentro y de Oporto; los desarrollos de Sanchinarro y las Tablas; el mercado de Usera; o el entorno del reci\u00e9n desmontado puente de Joaqu\u00edn Costa-Francisco Silvela.<\/p>\n<p>Como novedad, esta <a href=\"https:\/\/www.vidademadrid.com\/es\/tag\/navidad-en-madrid\"><strong>Navidad 2020<\/strong><\/a> se han incorporado propuestas de dise\u00f1adores de moda gracias al convenio firmado entre el Ayuntamiento y la Asociaci\u00f3n de Creadores de Moda de Espa\u00f1a (ACME). En este sentido, el alumbrado estrena una <a href=\"https:\/\/www.vidademadrid.com\/es\/26883\/navidad-menina-gigante-colon-madrid\/\"><strong>gran Menina luminosa<\/strong> en la plaza de Col\u00f3n dise\u00f1ada por <strong>Andr\u00e9s Sard\u00e1<\/strong><\/a>, un <strong>nuevo <a href=\"https:\/\/www.vidademadrid.com\/es\/27278\/nuevo-arbol-navidad-2020-puerta-del-sol\/\">abeto en la Puerta del Sol obra de Devota &amp; Lomba<\/a><\/strong> y una renovada<strong> calle Goya a cargo de Juan Duyos.<\/strong><\/p>\n<p><strong>MAPA:<\/strong><\/p>\n\n\n<iframe loading=\"lazy\" src=\"https:\/\/www.google.com\/maps\/d\/embed?mid=1pXBUfoGLRzI-WR_aIfog5huufr3frStq\" width=\"100%\" height=\"480\"><\/iframe>\n\n<i>Elaboraci\u00f3n Vida de Madrid con datos abiertos del Geoportal del Ayuntamiento de Madrid. Fotos\/v\u00eddeos del mapa: Vida de Madrid y (donde no mencionado) del Ayuntamiento de Madrid. Puedes a\u00f1adir el mapa a tu m\u00f3vil utilizando el bot\u00f3n \u00abAmpliar\u00bb.<\/i>\n\n\n\n<script async=\"\" src=\"https:\/\/pagead2.googlesyndication.com\/pagead\/js\/adsbygoogle.js\"><\/script> <ins class=\"adsbygoogle\" style=\"display:block\" data-ad-format=\"fluid\" data-ad-layout-key=\"-7f+eo+1+2-5\" data-ad-client=\"ca-pub-7450064428034605\" data-ad-slot=\"7327027071\"><\/ins><script>(adsbygoogle = window.adsbygoogle || []).push({});<\/script>\n\n\n<h3>Horarios luces de Navidad 2020 en Madrid<\/h3>\n<p><strong>De 18:00 a 00:00 h<\/strong><\/p>\n<p>(24 de diciembre y 5 de enero, de 18:00 a 03:00 h.; 31 de diciembre, de 18:00 a 06:00 h.)<\/p>\n<p><a href=\"https:\/\/www.vidademadrid.com\/es\/tag\/navidad-en-madrid\"><strong>Descubre m\u00e1s planes en nuestro especial Navidad 2020<\/strong><\/a><\/p>\n\n\n<script async=\"\" src=\"https:\/\/pagead2.googlesyndication.com\/pagead\/js\/adsbygoogle.js\"><\/script> <ins class=\"adsbygoogle\" style=\"display:block; text-align:center;\" data-ad-layout=\"in-article\" data-ad-format=\"fluid\" data-ad-client=\"ca-pub-7450064428034605\" data-ad-slot=\"5670045061\"><\/ins> <script>(adsbygoogle = window.adsbygoogle || []).push({});<\/script>\n","protected":false},"excerpt":{"rendered":"<p>El alumbrado est\u00e1 compuesto por m\u00e1s de 10,8 millones de bombillas de tecnolog\u00eda led.<\/p>\n","protected":false},"author":9,"featured_media":27799,"comment_status":"open","ping_status":"open","sticky":false,"template":"","format":"standard","meta":{"footnotes":""},"categories":[101,3],"tags":[143],"class_list":{"0":"post-27782","1":"post","2":"type-post","3":"status-publish","4":"format-standard","5":"has-post-thumbnail","7":"category-ferias-fiestas-mercados-madrid","8":"category-visita-madrid","9":"tag-navidad-en-madrid"},"_links":{"self":[{"href":"https:\/\/www.vidademadrid.com\/es\/wp-json\/wp\/v2\/posts\/27782","targetHints":{"allow":["GET"]}}],"collection":[{"href":"https:\/\/www.vidademadrid.com\/es\/wp-json\/wp\/v2\/posts"}],"about":[{"href":"https:\/\/www.vidademadrid.com\/es\/wp-json\/wp\/v2\/types\/post"}],"author":[{"embeddable":true,"href":"https:\/\/www.vidademadrid.com\/es\/wp-json\/wp\/v2\/users\/9"}],"replies":[{"embeddable":true,"href":"https:\/\/www.vidademadrid.com\/es\/wp-json\/wp\/v2\/comments?post=27782"}],"version-history":[{"count":4,"href":"https:\/\/www.vidademadrid.com\/es\/wp-json\/wp\/v2\/posts\/27782\/revisions"}],"predecessor-version":[{"id":27802,"href":"https:\/\/www.vidademadrid.com\/es\/wp-json\/wp\/v2\/posts\/27782\/revisions\/27802"}],"wp:featuredmedia":[{"embeddable":true,"href":"https:\/\/www.vidademadrid.com\/es\/wp-json\/wp\/v2\/media\/27799"}],"wp:attachment":[{"href":"https:\/\/www.vidademadrid.com\/es\/wp-json\/wp\/v2\/media?parent=27782"}],"wp:term":[{"taxonomy":"category","embeddable":true,"href":"https:\/\/www.vidademadrid.com\/es\/wp-json\/wp\/v2\/categories?post=27782"},{"taxonomy":"post_tag","embeddable":true,"href":"https:\/\/www.vidademadrid.com\/es\/wp-json\/wp\/v2\/tags?post=27782"}],"curies":[{"name":"wp","href":"https:\/\/api.w.org\/{rel}","templated":true}]}}