{"id":27127,"date":"2020-11-12T12:09:23","date_gmt":"2020-11-12T11:09:23","guid":{"rendered":"https:\/\/www.vidademadrid.com\/es\/?p=27127"},"modified":"2020-11-12T12:19:20","modified_gmt":"2020-11-12T11:19:20","slug":"vida-sigue-sigue-leyendo-emt-madrid-libros","status":"publish","type":"post","link":"https:\/\/www.vidademadrid.com\/es\/27127\/vida-sigue-sigue-leyendo-emt-madrid-libros\/","title":{"rendered":"\u00abLa vida sigue&#8230;sigue leyendo\u00bb:  vinilos en los autobuses EMT para leer el comienzo de un libro"},"content":{"rendered":"<p>Las \u00c1reas de Medio Ambiente y Movilidad y de Cultura, Turismo y Deporte del <strong>Ayuntamiento de Madrid<\/strong> y la <strong>EMT<\/strong> han lanzado la campa\u00f1a <em><strong>La vida sigue&#8230;sigue leyendo<\/strong><\/em>, que consiste en la colocaci\u00f3n en los <strong>autobuses <\/strong>de<strong> vinilos<\/strong> en los que el viajero puede leer el comienzo de un libro.<\/p>\n<p><script async=\"\" src=\"\/\/pagead2.googlesyndication.com\/pagead\/js\/adsbygoogle.js\"><\/script><\/p>\n<p><!-- Vida 1 --><ins class=\"adsbygoogle\" style=\"display: block;\" data-ad-client=\"ca-pub-7450064428034605\" data-ad-slot=\"2284573579\" data-ad-format=\"auto\"><\/ins> <script> (adsbygoogle = window.adsbygoogle || []).push({}); <\/script><\/p>\n<h2>\u00abLa vida sigue&#8230;sigue leyendo\u00bb: nueva campa\u00f1a del Ayuntamiento de Madrid con la EMT<\/h2>\n<p><script async=\"\" src=\"\/\/pagead2.googlesyndication.com\/pagead\/js\/adsbygoogle.js\"><\/script><\/p>\n<p><!-- Vida 2 --><ins class=\"adsbygoogle\" style=\"display: inline-block; width: 336px; height: 280px;\" data-ad-client=\"ca-pub-7450064428034605\" data-ad-slot=\"9336835571\"><\/ins> <script> (adsbygoogle = window.adsbygoogle || []).push({}); <\/script><\/p>\n<p>Las \u00c1reas de Medio Ambiente y Movilidad y de Cultura, Turismo y Deporte del <strong>Ayuntamiento de Madrid<\/strong> junto con la <strong>Empresa Municipal de Transporte (EMT)<\/strong> han lanzado una campa\u00f1a para fomentar la lectura dentro de los autobuses.<\/p>\n<p><em><strong>La vida sigue&#8230;sigue leyendo <\/strong><\/em>es el nombre de esta nueva campa\u00f1a que consiste en la colocaci\u00f3n en toda la flota de <strong>autobuses de la EMT <\/strong>de<strong> vinilos<\/strong> en los que el viajero puede leer el comienzo de un libro. Si al usuario le interesa lo que est\u00e1 leyendo puede descargar el primer cap\u00edtulo o las primeras p\u00e1ginas gratis gracias a un c\u00f3digo QR.<\/p>\n<h2>Libros que podemos leer en los autobuses de la EMT<\/h2>\n<p><script async=\"\" src=\"\/\/pagead2.googlesyndication.com\/pagead\/js\/adsbygoogle.js\"><\/script> <!-- Vida vertical --> <ins class=\"adsbygoogle\" style=\"display: inline-block; width: 300px; height: 600px;\" data-ad-client=\"ca-pub-7450064428034605\" data-ad-slot=\"7296098777\"><\/ins> <script> (adsbygoogle = window.adsbygoogle || []).push({}); <\/script>En los autobuses de la EMT podremos encontrar desde un cl\u00e1sico como <em><strong>Insolaci\u00f3n<\/strong>,<\/em>\u00a0de <strong>Emilia Pardo Baz\u00e1n<\/strong> (cuyo centenario se celebra el pr\u00f3ximo a\u00f1o) hasta una autora milenial como <strong>El\u00edsabet Benavent<\/strong>, que participa con su \u00faltimo libro\u00a0<strong><em>Un cuento perfecto<\/em><\/strong>, pasando por superventas como\u00a0<strong><em>El infinito en un junco<\/em><\/strong>, de <strong>Irene Vallejo<\/strong> y novedades reci\u00e9n llegadas a las librer\u00edas como\u00a0<strong><em>Madrid<\/em><\/strong>, de <strong>Andr\u00e9s Trapiello<\/strong>.<\/p>\n<p>En esta primera fase de <em><strong>La vida sigue&#8230;sigue leyendo\u00a0<\/strong><\/em>los viajeros podr\u00e1n leer\u00a0hasta 15 t\u00edtulos, n\u00famero que ir\u00e1 aumentando en pr\u00f3ximas ediciones.<\/p>\n<p style=\"font-weight: 400;\">T\u00edtulos de esta primera fase:<\/p>\n<ul style=\"font-weight: 400;\">\n<li style=\"list-style-type: none;\">\n<ul style=\"font-weight: 400;\">\n<li style=\"font-style: inherit; font-weight: inherit;\"><i><em style=\"font-weight: inherit;\">Campos de Castilla<\/em><\/i>, Antonio Machado, Reino de Cordelia.<\/li>\n<\/ul>\n<\/li>\n<\/ul>\n<ul style=\"font-weight: 400;\">\n<li style=\"list-style-type: none;\">\n<ul style=\"font-weight: 400;\">\n<li style=\"font-style: inherit; font-weight: inherit;\"><i><em style=\"font-weight: inherit;\">Insolaci\u00f3n<\/em><\/i>, Emilia Pardo Baz\u00e1n, Reino de Cordelia.<\/li>\n<\/ul>\n<\/li>\n<\/ul>\n<ul style=\"font-weight: 400;\">\n<li style=\"list-style-type: none;\">\n<ul style=\"font-weight: 400;\">\n<li style=\"font-style: inherit; font-weight: inherit;\"><i><em style=\"font-weight: inherit;\">Gente que se fue<\/em><\/i>, David Gistau, C\u00edrculo de Tiza.<\/li>\n<\/ul>\n<\/li>\n<\/ul>\n<ul style=\"font-weight: 400;\">\n<li style=\"list-style-type: none;\">\n<ul style=\"font-weight: 400;\">\n<li style=\"font-style: inherit; font-weight: inherit;\"><i><em style=\"font-weight: inherit;\">Nada importa<\/em><\/i>, Jes\u00fas Terr\u00e9s, C\u00edrculo de Tiza.<\/li>\n<\/ul>\n<\/li>\n<\/ul>\n<ul style=\"font-weight: 400;\">\n<li style=\"list-style-type: none;\">\n<ul style=\"font-weight: 400;\">\n<li style=\"font-style: inherit; font-weight: inherit;\"><i><em style=\"font-weight: inherit;\">El infinito en un junco<\/em><\/i>, Irene Vallejo, Siruela.<\/li>\n<\/ul>\n<\/li>\n<\/ul>\n<ul style=\"font-weight: 400;\">\n<li style=\"list-style-type: none;\">\n<ul style=\"font-weight: 400;\">\n<li style=\"font-style: inherit; font-weight: inherit;\"><i><em style=\"font-weight: inherit;\">El r\u00edo baja sucio<\/em><\/i>, David Trueba, Siruela.<\/li>\n<\/ul>\n<\/li>\n<\/ul>\n<ul style=\"font-weight: 400;\">\n<li style=\"list-style-type: none;\">\n<ul style=\"font-weight: 400;\">\n<li style=\"font-style: inherit; font-weight: inherit;\"><i><em style=\"font-weight: inherit;\">Agitaci\u00f3n<\/em><\/i>, Jorge Freire, P\u00e1ginas de Espuma.<\/li>\n<\/ul>\n<\/li>\n<\/ul>\n<ul style=\"font-weight: 400;\">\n<li style=\"list-style-type: none;\">\n<ul style=\"font-weight: 400;\">\n<li style=\"font-style: inherit; font-weight: inherit;\"><i><em style=\"font-weight: inherit;\">Vindictas. Cuentistas latinoamericanas<\/em><\/i>, P\u00e1ginas de Espuma.<\/li>\n<\/ul>\n<\/li>\n<\/ul>\n<ul style=\"font-weight: 400;\">\n<li style=\"list-style-type: none;\">\n<ul style=\"font-weight: 400;\">\n<li style=\"font-style: inherit; font-weight: inherit;\"><i><em style=\"font-weight: inherit;\">Panza de burro<\/em><\/i>, Andrea Abreu, Barrett.<\/li>\n<\/ul>\n<\/li>\n<\/ul>\n<ul style=\"font-weight: 400;\">\n<li style=\"list-style-type: none;\">\n<ul style=\"font-weight: 400;\">\n<li style=\"font-style: inherit; font-weight: inherit;\"><i><em style=\"font-weight: inherit;\">Viaje al sur<\/em><\/i>, Juan Mars\u00e9, Lumen.<\/li>\n<\/ul>\n<\/li>\n<\/ul>\n<ul style=\"font-weight: 400;\">\n<li style=\"list-style-type: none;\">\n<ul style=\"font-weight: 400;\">\n<li style=\"font-style: inherit; font-weight: inherit;\"><i><em style=\"font-weight: inherit;\">Salvar el fuego<\/em><\/i>, Guillermo Arriaga, Alfaguara.<\/li>\n<\/ul>\n<\/li>\n<\/ul>\n<ul style=\"font-weight: 400;\">\n<li style=\"list-style-type: none;\">\n<ul style=\"font-weight: 400;\">\n<li style=\"font-style: inherit; font-weight: inherit;\"><i><em style=\"font-weight: inherit;\">Ya sentar\u00e1s cabeza<\/em><\/i>, Ignacio Peyr\u00f3, Libros del Asteroide.<\/li>\n<\/ul>\n<\/li>\n<\/ul>\n<ul style=\"font-weight: 400;\">\n<li style=\"list-style-type: none;\">\n<ul style=\"font-weight: 400;\">\n<li style=\"font-style: inherit; font-weight: inherit;\"><i><em style=\"font-weight: inherit;\">Un cuento perfecto<\/em><\/i>, El\u00edsabet Benavent, Suma de Letras.<\/li>\n<\/ul>\n<\/li>\n<\/ul>\n<ul style=\"font-weight: 400;\">\n<li style=\"list-style-type: none;\">\n<ul style=\"font-weight: 400;\">\n<li style=\"font-style: inherit; font-weight: inherit;\"><i><em style=\"font-weight: inherit;\">Madrid<\/em><\/i>, Andr\u00e9s Trapiello, Destino.<\/li>\n<\/ul>\n<\/li>\n<\/ul>\n<ul style=\"font-weight: 400;\">\n<li style=\"font-style: inherit; font-weight: inherit;\"><i><em style=\"font-weight: inherit;\">Alegr\u00eda<\/em><\/i>, Manuel Vilas, Planeta.<\/li>\n<\/ul>\n","protected":false},"excerpt":{"rendered":"<p>Consiste en la colocaci\u00f3n en los autobuses de vinilos en los que el viajero puede leer el comienzo de un libro.<\/p>\n","protected":false},"author":9,"featured_media":27130,"comment_status":"open","ping_status":"open","sticky":false,"template":"","format":"standard","meta":{"footnotes":""},"categories":[12,23],"tags":[72],"class_list":{"0":"post-27127","1":"post","2":"type-post","3":"status-publish","4":"format-standard","5":"has-post-thumbnail","7":"category-actualidad-noticias-madrid","8":"category-transportes-huelgas-madrid","9":"tag-emt-madrid"},"_links":{"self":[{"href":"https:\/\/www.vidademadrid.com\/es\/wp-json\/wp\/v2\/posts\/27127","targetHints":{"allow":["GET"]}}],"collection":[{"href":"https:\/\/www.vidademadrid.com\/es\/wp-json\/wp\/v2\/posts"}],"about":[{"href":"https:\/\/www.vidademadrid.com\/es\/wp-json\/wp\/v2\/types\/post"}],"author":[{"embeddable":true,"href":"https:\/\/www.vidademadrid.com\/es\/wp-json\/wp\/v2\/users\/9"}],"replies":[{"embeddable":true,"href":"https:\/\/www.vidademadrid.com\/es\/wp-json\/wp\/v2\/comments?post=27127"}],"version-history":[{"count":4,"href":"https:\/\/www.vidademadrid.com\/es\/wp-json\/wp\/v2\/posts\/27127\/revisions"}],"predecessor-version":[{"id":27140,"href":"https:\/\/www.vidademadrid.com\/es\/wp-json\/wp\/v2\/posts\/27127\/revisions\/27140"}],"wp:featuredmedia":[{"embeddable":true,"href":"https:\/\/www.vidademadrid.com\/es\/wp-json\/wp\/v2\/media\/27130"}],"wp:attachment":[{"href":"https:\/\/www.vidademadrid.com\/es\/wp-json\/wp\/v2\/media?parent=27127"}],"wp:term":[{"taxonomy":"category","embeddable":true,"href":"https:\/\/www.vidademadrid.com\/es\/wp-json\/wp\/v2\/categories?post=27127"},{"taxonomy":"post_tag","embeddable":true,"href":"https:\/\/www.vidademadrid.com\/es\/wp-json\/wp\/v2\/tags?post=27127"}],"curies":[{"name":"wp","href":"https:\/\/api.w.org\/{rel}","templated":true}]}}