{"id":26763,"date":"2020-10-30T12:46:06","date_gmt":"2020-10-30T11:46:06","guid":{"rendered":"https:\/\/www.vidademadrid.com\/es\/?p=26763"},"modified":"2021-04-06T19:55:59","modified_gmt":"2021-04-06T17:55:59","slug":"un-beso-en-madrid-alejandro-sanz-tini-nueva-cancion-video-y-letra","status":"publish","type":"post","link":"https:\/\/www.vidademadrid.com\/es\/26763\/un-beso-en-madrid-alejandro-sanz-tini-nueva-cancion-video-y-letra\/","title":{"rendered":"&#8216;Un beso en Madrid&#8217;: la nueva canci\u00f3n de Alejandro Sanz y TINI"},"content":{"rendered":"<p>&#8216;<strong>Un beso en Madrid<\/strong>&#8216; es la <strong>nueva canci\u00f3n de Alejandro Sanz y TINI<\/strong> que ya est\u00e1 disponible en todas las plataformas digitales junto con su emotivo <strong>videoclip<\/strong> reci\u00e9n estrenado. Te contamos la historia y su <strong>letra<\/strong>.\u00a0<\/p>\n<p><script async=\"\" src=\"https:\/\/pagead2.googlesyndication.com\/pagead\/js\/adsbygoogle.js\"><\/script> <ins class=\"adsbygoogle\" style=\"display: block; text-align: center;\" data-ad-layout=\"in-article\" data-ad-format=\"fluid\" data-ad-client=\"ca-pub-7450064428034605\" data-ad-slot=\"5670045061\"><\/ins> <script>(adsbygoogle = window.adsbygoogle || []).push({});<\/script><\/p>\n<h2>&#8216;Un beso en Madrid&#8217;: Historia<\/h2>\n<p><script async=\"\" src=\"https:\/\/pagead2.googlesyndication.com\/pagead\/js\/adsbygoogle.js\"><\/script> <ins class=\"adsbygoogle\" style=\"display: block;\" data-ad-format=\"fluid\" data-ad-layout-key=\"-7f+eo+1+2-5\" data-ad-client=\"ca-pub-7450064428034605\" data-ad-slot=\"7327027071\"><\/ins><script>(adsbygoogle = window.adsbygoogle || []).push({});<\/script><\/p>\n<p>&#8216;<strong>Un beso en Madrid<\/strong>&#8216; es la <strong>nueva canci\u00f3n de Alejandro Sanz y TINI<\/strong>, una balada rom\u00e1ntica que pone nombre a su primera colaboraci\u00f3n y que aparecer\u00e1 en el tercer \u00e1lbum de la argentina. La canci\u00f3n ya est\u00e1 disponible en todas las plataformas digitales, as\u00ed como su correspondiente <strong>videoclip<\/strong>.<\/p>\n<p>Dicha colaboraci\u00f3n deja huella de la complicidad de estos dos artistas cuyos caminos se cruzaron precisamente en <strong>Madrid<\/strong>, en el plat\u00f3 de grabaci\u00f3n del programa <strong>La Voz<\/strong>, donde son coach y asesora. As\u00ed, en el videoclip pueden verse lugares emblem\u00e1ticos de la capital como el <strong>Museo del Ferrocarril<\/strong>, el <strong>Parque de El Retiro<\/strong>, el <strong>Templo de Debod<\/strong> y la <strong>Plaza de Callao<\/strong>.<\/p>\n<p>En un recorrido por estos puntos se\u00f1alados, <strong>Alejandro Sanz y TINI<\/strong> ponen banda sonora a la historia del reencuentro de una pareja. El videoclip incluye, adem\u00e1s, recuerdos rom\u00e1nticos de su vida juntos en Madrid.\u00a0<\/p>\n<h2>&#8216;Un beso en Madrid&#8217;: V\u00eddeo y letra<\/h2>\n<p><script async=\"\" src=\"https:\/\/pagead2.googlesyndication.com\/pagead\/js\/adsbygoogle.js\"><\/script> <!-- Vertical2020 --><ins class=\"adsbygoogle\" style=\"display: block;\" data-ad-client=\"ca-pub-7450064428034605\" data-ad-slot=\"4377430105\" data-ad-format=\"auto\" data-full-width-responsive=\"true\"><\/ins><script>(adsbygoogle = window.adsbygoogle || []).push({});<\/script><\/p>\n<p style=\"text-align: center;\"><em>Recuerdo que contigo fue tan diferente<\/em><br \/><em>Tan natural (Tan natural)<\/em><br \/><em>Jugando, me dec\u00edas que le\u00edas mi mente<\/em><br \/><em>Y era verdad (Y era verdad)<\/em><\/p>\n<p style=\"text-align: center;\"><em>A\u00fan guardo cada carta que me diste (-te)<\/em><br \/><em>Y aunque hay palabras que nunca dijiste (-te)<\/em><br \/><em>El tiempo que tuvimos no fue suficiente para olvidar, no<\/em><\/p>\n<p style=\"text-align: center;\"><em>Aunque yo s\u00e9 que es tarde para recordar<\/em><br \/><em>Una noche rota<\/em><br \/><em>Fue la \u00faltima vez que te perd\u00ed<\/em><br \/><em>Una vida loca<\/em><\/p>\n<p style=\"text-align: center;\"><em>Cuando sin quer\u0435r me desped\u00ed<\/em><br \/><em>Y hoy qu\u0435 t\u00fa ya no est\u00e1s, t\u00fa ya no est\u00e1s<\/em><br \/><em>T\u00fa ya no est\u00e1s aqu\u00ed<\/em><br \/><em>S\u00e9 qued\u00f3 en mi boca<\/em><br \/><em>Una historia, una canci\u00f3n y un beso en Madrid<\/em><\/p>\n<p style=\"text-align: center;\"><em>Parecen solo d\u00edas y va casi<\/em><br \/><em>Un a\u00f1o y aunque llor\u00e9<\/em><br \/><em>Yo s\u00e9 que estamos bien<\/em><br \/><em>Pero a veces te extra\u00f1o<\/em><br \/><em>Yo te ador\u00e9<\/em><\/p>\n<p style=\"text-align: center;\"><em>Yo te ador\u00e9 con locura<\/em><br \/><em>Y aunque el tiempo todo lo cura<\/em><br \/><em>Hay amores que se olvidan<\/em><br \/><em>Hay que amores que siempre duran<\/em><br \/><em>Esto no fue una aventura<\/em><br \/><em>Pero tuvo que terminar<\/em><\/p>\n<p style=\"text-align: center;\"><em>Aunque yo s\u00e9 que es tarde para recordar<\/em><br \/><em>Una noche rota<\/em><br \/><em>Fue la \u00faltima vez que te perd\u00ed<\/em><br \/><em>Una vida loca<\/em><\/p>\n<p style=\"text-align: center;\"><em>Cuando sin querer me desped\u00ed<\/em><br \/><em>Y hoy que t\u00fa ya no est\u00e1s, t\u00fa ya no est\u00e1s<\/em><br \/><em>T\u00fa ya no est\u00e1s aqu\u00ed<\/em><br \/><em>S\u00e9 qued\u00f3 en mi boca<\/em><\/p>\n<p style=\"text-align: center;\"><em>Una historia, una canci\u00f3n y un beso en Madrid (No)<\/em><br \/><em>S\u00e9 que hubo un beso en Madrid<\/em><br \/><em>Un beso en Madrid (Hubo)<\/em><\/p>\n<p style=\"text-align: center;\"><em>Una historia, una canci\u00f3n y un beso en Madrid, no<\/em><br \/><em>Un beso en Madrid (Hoy quedan en m\u00ed)<\/em><br \/><em>Una historia, una canci\u00f3n y un beso en Madrid<\/em><\/p>\n\n\n<figure class=\"wp-block-embed-youtube wp-block-embed is-type-video is-provider-youtube wp-embed-aspect-16-9 wp-has-aspect-ratio\"><div class=\"wp-block-embed__wrapper\">\n<iframe loading=\"lazy\" title=\"TINI, Alejandro Sanz - Un Beso en Madrid\" width=\"696\" height=\"392\" src=\"https:\/\/www.youtube.com\/embed\/hC8gC5fRIEQ?feature=oembed\" frameborder=\"0\" allow=\"accelerometer; autoplay; clipboard-write; encrypted-media; gyroscope; picture-in-picture\" allowfullscreen><\/iframe>\n<\/div><\/figure>\n","protected":false},"excerpt":{"rendered":"<p>Ya disponible en todas las plataformas digitales<\/p>\n","protected":false},"author":10,"featured_media":26764,"comment_status":"open","ping_status":"open","sticky":false,"template":"","format":"standard","meta":{"footnotes":""},"categories":[111],"tags":[168],"class_list":{"0":"post-26763","1":"post","2":"type-post","3":"status-publish","4":"format-standard","5":"has-post-thumbnail","7":"category-exposiciones-madrid","8":"tag-alejandro-sanz"},"_links":{"self":[{"href":"https:\/\/www.vidademadrid.com\/es\/wp-json\/wp\/v2\/posts\/26763","targetHints":{"allow":["GET"]}}],"collection":[{"href":"https:\/\/www.vidademadrid.com\/es\/wp-json\/wp\/v2\/posts"}],"about":[{"href":"https:\/\/www.vidademadrid.com\/es\/wp-json\/wp\/v2\/types\/post"}],"author":[{"embeddable":true,"href":"https:\/\/www.vidademadrid.com\/es\/wp-json\/wp\/v2\/users\/10"}],"replies":[{"embeddable":true,"href":"https:\/\/www.vidademadrid.com\/es\/wp-json\/wp\/v2\/comments?post=26763"}],"version-history":[{"count":4,"href":"https:\/\/www.vidademadrid.com\/es\/wp-json\/wp\/v2\/posts\/26763\/revisions"}],"predecessor-version":[{"id":27300,"href":"https:\/\/www.vidademadrid.com\/es\/wp-json\/wp\/v2\/posts\/26763\/revisions\/27300"}],"wp:featuredmedia":[{"embeddable":true,"href":"https:\/\/www.vidademadrid.com\/es\/wp-json\/wp\/v2\/media\/26764"}],"wp:attachment":[{"href":"https:\/\/www.vidademadrid.com\/es\/wp-json\/wp\/v2\/media?parent=26763"}],"wp:term":[{"taxonomy":"category","embeddable":true,"href":"https:\/\/www.vidademadrid.com\/es\/wp-json\/wp\/v2\/categories?post=26763"},{"taxonomy":"post_tag","embeddable":true,"href":"https:\/\/www.vidademadrid.com\/es\/wp-json\/wp\/v2\/tags?post=26763"}],"curies":[{"name":"wp","href":"https:\/\/api.w.org\/{rel}","templated":true}]}}