{"id":26481,"date":"2020-10-24T10:22:02","date_gmt":"2020-10-24T08:22:02","guid":{"rendered":"https:\/\/www.vidademadrid.com\/es\/?p=26481"},"modified":"2020-10-24T10:22:05","modified_gmt":"2020-10-24T08:22:05","slug":"toque-de-queda-texto-oficial-bocm-reuniones-madrid","status":"publish","type":"post","link":"https:\/\/www.vidademadrid.com\/es\/26481\/toque-de-queda-texto-oficial-bocm-reuniones-madrid\/","title":{"rendered":"Texto oficial en el BOCM del \u00abtoque de queda\u00bb: limitaci\u00f3n a reuniones de 0 a 6 horas en Madrid"},"content":{"rendered":"<p><a href=\"https:\/\/www.vidademadrid.com\/es\/26475\/bocm-259-del-24-de-octubre-texto-oficial-de-las-nuevas-medidas-en-madrid\/\"><strong>En el BOCM de hoy<\/strong><\/a>, con todas las <a href=\"https:\/\/www.vidademadrid.com\/es\/26414\/nuevas-restricciones-madrid-tras-estado-de-alarma-24-octubre\/\">nuevas medidas que entrar\u00e1n en vigor hoy mismo a las 16.47 h<\/a>, est\u00e1 incluido tambi\u00e9n <strong>el punto sobre el \u00abtoque de queda\u00bb<\/strong>. El texto adoptado por la Comunidad de Madrid se refiere a las reuniones, modificando el anterior punto sobre las reuniones limitadas a 6 personas. Las modificaciones a ese punto quedan as\u00ed:<\/p>\n\n\n<script async src=\"https:\/\/pagead2.googlesyndication.com\/pagead\/js\/adsbygoogle.js\"><\/script> <ins class=\"adsbygoogle\"  style=\"display:block\" data-ad-format=\"fluid\" data-ad-layout-key=\"-7f+eo+1+2-5\" data-ad-client=\"ca-pub-7450064428034605\" data-ad-slot=\"7327027071\"><\/ins><script>(adsbygoogle = window.adsbygoogle || []).push({});<\/script>\n\n\n\n\n<figure class=\"wp-block-pullquote\"><blockquote><p>La participaci\u00f3n en agrupaciones de personas para el desarrollo de cualquier actividad o evento de car\u00e1cter familiar o social, tanto en la v\u00eda p\u00fablica como en espacios p\u00fablicos y privados, se limita a un n\u00famero m\u00e1ximo de seis personas salvo que se trate de convivientes. Entre las 00:00 y las 06:00 horas se limitar\u00e1 a los convivientes, salvo que la participaci\u00f3n de no convivientes se produzca por motivos de asistencia y cuidado a mayores o enfermos, dependientes o personas con discapacidad, o por causa de fuerza mayor o situaci\u00f3n de necesidad.<br> No estar\u00e1n incluidas en esta limitaci\u00f3n aquellas actividades para las que se establezcan medidas espec\u00edficas en la presente Orden, de tal manera que el n\u00famero de participantes o asistentes a las mismas se regir\u00e1 por las limitaciones de aforo o asistencia dispuestas espec\u00edficamente para dicha actividad.<br> Tampoco ser\u00e1 aplicable en el caso de actividades laborales e institucionales<\/p><\/blockquote><\/figure>\n\n\n\n<script async src=\"https:\/\/pagead2.googlesyndication.com\/pagead\/js\/adsbygoogle.js\"><\/script> <ins class=\"adsbygoogle\" style=\"display:block; text-align:center;\" data-ad-layout=\"in-article\" data-ad-format=\"fluid\" data-ad-client=\"ca-pub-7450064428034605\" data-ad-slot=\"5670045061\"><\/ins> <script>(adsbygoogle = window.adsbygoogle || []).push({});<\/script>\n\n\n\n<p>En el texto oficial, que se refiere a toda la Comunidad de Madrid, se especifica que entre las 24 h y las 6 h se podr\u00e1 estar (en la calle o en casa) solo con personas convivientes. Las <strong>excepciones<\/strong> son: motivos de asistencia a mayores, causa de fuerza mayor, situaci\u00f3n de necesidad, actividades de trabajo o institucionales. En el BOCM se explica que <em>\u00abEsta medida trata de prevenir determinadas reuniones familiares o sociales entre no convivientes en <strong>una concreta franja horaria, como es la madrugada, en la que se observa un mayor riesgo de transmisi\u00f3n<\/strong> por las circunstancias y horarios en que se realizan, que pueden conllevar una mayor confianza y relajaci\u00f3n en la observancia de las necesarias medidas de prevenci\u00f3n y seguridad\u00bb<\/em>.<\/p>\n<p>Ser\u00e1 entonces posible salir solos para dar un paseo o para actividad f\u00edsica.<\/p>\n\n\n<script async src=\"https:\/\/pagead2.googlesyndication.com\/pagead\/js\/adsbygoogle.js\"><\/script> <!-- Vertical2020 --><ins class=\"adsbygoogle\" style=\"display:block\" data-ad-client=\"ca-pub-7450064428034605\" data-ad-slot=\"4377430105\" data-ad-format=\"auto\" data-full-width-responsive=\"true\"><\/ins><script>(adsbygoogle = window.adsbygoogle || []).push({});<\/script>  \n\n","protected":false},"excerpt":{"rendered":"<p>El texto modifica el anterior punto sobre las reuniones<\/p>\n","protected":false},"author":1,"featured_media":26482,"comment_status":"open","ping_status":"open","sticky":false,"template":"","format":"standard","meta":{"footnotes":""},"categories":[12],"tags":[54],"class_list":{"0":"post-26481","1":"post","2":"type-post","3":"status-publish","4":"format-standard","5":"has-post-thumbnail","7":"category-actualidad-noticias-madrid","8":"tag-coronavirus"},"_links":{"self":[{"href":"https:\/\/www.vidademadrid.com\/es\/wp-json\/wp\/v2\/posts\/26481","targetHints":{"allow":["GET"]}}],"collection":[{"href":"https:\/\/www.vidademadrid.com\/es\/wp-json\/wp\/v2\/posts"}],"about":[{"href":"https:\/\/www.vidademadrid.com\/es\/wp-json\/wp\/v2\/types\/post"}],"author":[{"embeddable":true,"href":"https:\/\/www.vidademadrid.com\/es\/wp-json\/wp\/v2\/users\/1"}],"replies":[{"embeddable":true,"href":"https:\/\/www.vidademadrid.com\/es\/wp-json\/wp\/v2\/comments?post=26481"}],"version-history":[{"count":1,"href":"https:\/\/www.vidademadrid.com\/es\/wp-json\/wp\/v2\/posts\/26481\/revisions"}],"predecessor-version":[{"id":26483,"href":"https:\/\/www.vidademadrid.com\/es\/wp-json\/wp\/v2\/posts\/26481\/revisions\/26483"}],"wp:featuredmedia":[{"embeddable":true,"href":"https:\/\/www.vidademadrid.com\/es\/wp-json\/wp\/v2\/media\/26482"}],"wp:attachment":[{"href":"https:\/\/www.vidademadrid.com\/es\/wp-json\/wp\/v2\/media?parent=26481"}],"wp:term":[{"taxonomy":"category","embeddable":true,"href":"https:\/\/www.vidademadrid.com\/es\/wp-json\/wp\/v2\/categories?post=26481"},{"taxonomy":"post_tag","embeddable":true,"href":"https:\/\/www.vidademadrid.com\/es\/wp-json\/wp\/v2\/tags?post=26481"}],"curies":[{"name":"wp","href":"https:\/\/api.w.org\/{rel}","templated":true}]}}