{"id":26449,"date":"2020-10-23T15:13:28","date_gmt":"2020-10-23T13:13:28","guid":{"rendered":"https:\/\/www.vidademadrid.com\/es\/?p=26449"},"modified":"2020-10-26T11:55:31","modified_gmt":"2020-10-26T10:55:31","slug":"calles-confinadas-en-tetuan-mapa-zonas-villaamil-e-infanta-mercedes","status":"publish","type":"post","link":"https:\/\/www.vidademadrid.com\/es\/26449\/calles-confinadas-en-tetuan-mapa-zonas-villaamil-e-infanta-mercedes\/","title":{"rendered":"Calles confinadas en Tet\u00faan: mapa zonas Villaamil e Infanta Mercedes"},"content":{"rendered":"\n<script data-wid=\"auto\" type=\"text\/javascript\" src=\"https:\/\/content.viralize.tv\/display\/?zid=AADiaHd5cH72qFIl&amp;cid=AAaxcEQC1CKC9cxU&amp;activation=adfill&amp;vip_mode=playing&amp;vip_position=bottom-right\"><\/script>\n\n\n<p>Las <strong>Zonas B\u00e1sica de Salud de Villaamil e Infanta Mercedes<\/strong> son las dos zonas de <strong>Tet\u00faan<\/strong> que ser\u00e1n confinadas a partir del lunes 26 de octubre.<\/p>\n<p><a href=\"https:\/\/www.vidademadrid.com\/es\/26414\/nuevas-restricciones-madrid-tras-estado-de-alarma-24-octubre\/\">Las nuevas medidas anunciadas por la Comunidad de Madrid incluyen restricciones en las Zonas B\u00e1sicas de Salud con m\u00e1s contagios<\/a>, entre ellas Villaamil e Infanta Mercedes: aqu\u00ed a continuaci\u00f3n el mapa de estas zonas con las calles afectadas.<\/p>\n<p>Recordamos que desde el lunes no se podr\u00e1 entrar o salir en las zonas afectadas, excepto motivos de trabajo, estudio u otros motivos urgentes.<\/p>\n<h2>Calles confinadas en Tet\u00faan: mapa zona Villaamil<\/h2>\n<p>La <strong>zona de Villaamil<\/strong> , en Tetu\u00e1n, tiene como limites la calle del Marqu\u00e9s de Viana, Bravo Murillo hasta metro Estrecho, Francos Rodr\u00edguez y calle de Ofelia Nieto. Aqu\u00ed el mapa de Villaamil y m\u00e1s abajo el enlace para descargar PDF en alta resoluci\u00f3n.<\/p>\n<p><img loading=\"lazy\" decoding=\"async\" class=\"aligncenter size-full wp-image-26450\" src=\"https:\/\/www.vidademadrid.com\/es\/wp-content\/uploads\/2020\/10\/villaamil.jpg\" alt=\"\" width=\"1013\" height=\"865\" srcset=\"https:\/\/www.vidademadrid.com\/es\/wp-content\/uploads\/2020\/10\/villaamil.jpg 1013w, https:\/\/www.vidademadrid.com\/es\/wp-content\/uploads\/2020\/10\/villaamil-300x256.jpg 300w, https:\/\/www.vidademadrid.com\/es\/wp-content\/uploads\/2020\/10\/villaamil-768x656.jpg 768w, https:\/\/www.vidademadrid.com\/es\/wp-content\/uploads\/2020\/10\/villaamil-696x594.jpg 696w, https:\/\/www.vidademadrid.com\/es\/wp-content\/uploads\/2020\/10\/villaamil-492x420.jpg 492w\" sizes=\"auto, (max-width: 1013px) 100vw, 1013px\" \/><\/p>\n<p><script async=\"\" src=\"https:\/\/pagead2.googlesyndication.com\/pagead\/js\/adsbygoogle.js\"><\/script> <ins class=\"adsbygoogle\" style=\"display: block;\" data-ad-format=\"fluid\" data-ad-layout-key=\"-7f+eo+1+2-5\" data-ad-client=\"ca-pub-7450064428034605\" data-ad-slot=\"7327027071\"><\/ins><script>(adsbygoogle = window.adsbygoogle || []).push({});<\/script><\/p>\n<p>Para descargar el mapa de la Zona B\u00e1sica de Salud de Villaamil, pincha <a href=\"https:\/\/www.madrid.org\/iestadis\/fijas\/estructu\/general\/territorio\/descarga\/zbs13_villaamil.pdf\">aqu\u00ed<\/a>.<\/p>\n<h2>Calles confinadas en Tet\u00faan: mapa zona Infanta Mercedes<\/h2>\n<p>La <strong>zona de Infanta Mercedes<\/strong>, confinada desde el lunes, limita a este con la Castellana a la altura del Bernab\u00e9u, al norte con Calle del Profesor Waksman, al oeste con Bravo Murillo (altura Estrecho) y al sur con Teruel, \u00c1vila y General Per\u00f3n. Aqu\u00ed el mapa, luego el link para descargar el PDF.<\/p>\n<p>\u00a0<\/p>\n<p><img loading=\"lazy\" decoding=\"async\" class=\"aligncenter size-full wp-image-26451\" src=\"https:\/\/www.vidademadrid.com\/es\/wp-content\/uploads\/2020\/10\/foto_04490.jpg\" alt=\"\" width=\"1076\" height=\"731\" srcset=\"https:\/\/www.vidademadrid.com\/es\/wp-content\/uploads\/2020\/10\/foto_04490.jpg 1076w, https:\/\/www.vidademadrid.com\/es\/wp-content\/uploads\/2020\/10\/foto_04490-300x204.jpg 300w, https:\/\/www.vidademadrid.com\/es\/wp-content\/uploads\/2020\/10\/foto_04490-768x522.jpg 768w, https:\/\/www.vidademadrid.com\/es\/wp-content\/uploads\/2020\/10\/foto_04490-1024x696.jpg 1024w, https:\/\/www.vidademadrid.com\/es\/wp-content\/uploads\/2020\/10\/foto_04490-696x473.jpg 696w, https:\/\/www.vidademadrid.com\/es\/wp-content\/uploads\/2020\/10\/foto_04490-1068x726.jpg 1068w, https:\/\/www.vidademadrid.com\/es\/wp-content\/uploads\/2020\/10\/foto_04490-618x420.jpg 618w\" sizes=\"auto, (max-width: 1076px) 100vw, 1076px\" \/><\/p>\n<p><script async=\"\" src=\"https:\/\/pagead2.googlesyndication.com\/pagead\/js\/adsbygoogle.js\"><\/script> <ins class=\"adsbygoogle\" style=\"display: block;\" data-ad-format=\"fluid\" data-ad-layout-key=\"-7f+eo+1+2-5\" data-ad-client=\"ca-pub-7450064428034605\" data-ad-slot=\"7327027071\"><\/ins><script>(adsbygoogle = window.adsbygoogle || []).push({});<\/script><\/p>\n<p>Para descargar el mapa de la Zona B\u00e1sica de Salud de Infanta Mercedes, pincha <a href=\"https:\/\/www.madrid.org\/iestadis\/fijas\/estructu\/general\/territorio\/descarga\/zbs13_infanta_mercedes.pdf\">aqu\u00ed<\/a>.<\/p>\n<p><strong>Para no perderte las <span style=\"background-color: #ffff00;\">pr\u00f3ximas noticias sobre el confinamiento en Tet\u00faan<\/span> pon tu mail aqu\u00ed abajo:<\/strong><\/p>\n\n\n<figure class=\"wp-block-embed is-type-rich is-provider-vida-de-madrid\"><div class=\"wp-block-embed__wrapper\">\n<blockquote class=\"wp-embedded-content\" data-secret=\"fOz542WzL3\"><a href=\"https:\/\/www.vidademadrid.com\/es\/26486\/entra-en-el-mapa-interactivo-de-zonas-y-calles-confinadas-en-madrid-desde-el-26-de-octubre\/\">Entra en el mapa interactivo de zonas y calles confinadas en Madrid desde el 26 de octubre<\/a><\/blockquote><iframe loading=\"lazy\" class=\"wp-embedded-content\" sandbox=\"allow-scripts\" security=\"restricted\" style=\"position: absolute; clip: rect(1px, 1px, 1px, 1px);\" title=\"&#171;Entra en el mapa interactivo de zonas y calles confinadas en Madrid desde el 26 de octubre&#187; &#8212; Vida de Madrid\" src=\"https:\/\/www.vidademadrid.com\/es\/26486\/entra-en-el-mapa-interactivo-de-zonas-y-calles-confinadas-en-madrid-desde-el-26-de-octubre\/embed\/#?secret=fOz542WzL3\" data-secret=\"fOz542WzL3\" width=\"600\" height=\"338\" frameborder=\"0\" marginwidth=\"0\" marginheight=\"0\" scrolling=\"no\"><\/iframe>\n<\/div><\/figure>\n","protected":false},"excerpt":{"rendered":"<p>Vamos a ver en detalle las dos ZBS con confinamientos en el distrito<\/p>\n","protected":false},"author":1,"featured_media":26452,"comment_status":"open","ping_status":"open","sticky":false,"template":"","format":"standard","meta":{"footnotes":""},"categories":[12],"tags":[54,13],"class_list":{"0":"post-26449","1":"post","2":"type-post","3":"status-publish","4":"format-standard","5":"has-post-thumbnail","7":"category-actualidad-noticias-madrid","8":"tag-coronavirus","9":"tag-tetuan-madrid"},"_links":{"self":[{"href":"https:\/\/www.vidademadrid.com\/es\/wp-json\/wp\/v2\/posts\/26449","targetHints":{"allow":["GET"]}}],"collection":[{"href":"https:\/\/www.vidademadrid.com\/es\/wp-json\/wp\/v2\/posts"}],"about":[{"href":"https:\/\/www.vidademadrid.com\/es\/wp-json\/wp\/v2\/types\/post"}],"author":[{"embeddable":true,"href":"https:\/\/www.vidademadrid.com\/es\/wp-json\/wp\/v2\/users\/1"}],"replies":[{"embeddable":true,"href":"https:\/\/www.vidademadrid.com\/es\/wp-json\/wp\/v2\/comments?post=26449"}],"version-history":[{"count":5,"href":"https:\/\/www.vidademadrid.com\/es\/wp-json\/wp\/v2\/posts\/26449\/revisions"}],"predecessor-version":[{"id":26581,"href":"https:\/\/www.vidademadrid.com\/es\/wp-json\/wp\/v2\/posts\/26449\/revisions\/26581"}],"wp:featuredmedia":[{"embeddable":true,"href":"https:\/\/www.vidademadrid.com\/es\/wp-json\/wp\/v2\/media\/26452"}],"wp:attachment":[{"href":"https:\/\/www.vidademadrid.com\/es\/wp-json\/wp\/v2\/media?parent=26449"}],"wp:term":[{"taxonomy":"category","embeddable":true,"href":"https:\/\/www.vidademadrid.com\/es\/wp-json\/wp\/v2\/categories?post=26449"},{"taxonomy":"post_tag","embeddable":true,"href":"https:\/\/www.vidademadrid.com\/es\/wp-json\/wp\/v2\/tags?post=26449"}],"curies":[{"name":"wp","href":"https:\/\/api.w.org\/{rel}","templated":true}]}}