{"id":26405,"date":"2020-10-23T10:32:31","date_gmt":"2020-10-23T08:32:31","guid":{"rendered":"https:\/\/www.vidademadrid.com\/es\/?p=26405"},"modified":"2020-10-23T10:35:34","modified_gmt":"2020-10-23T08:35:34","slug":"nueva-camiseta-real-madrid-clasico-pharrell-williams-humanrace","status":"publish","type":"post","link":"https:\/\/www.vidademadrid.com\/es\/26405\/nueva-camiseta-real-madrid-clasico-pharrell-williams-humanrace\/","title":{"rendered":"Nueva camiseta del Real Madrid para El Cl\u00e1sico, con la colaboraci\u00f3n de Pharrell Williams y Humanrace"},"content":{"rendered":"<p>El <strong>Real Madrid<\/strong> ha anunciado una nueva camiseta que estrenar\u00e1 en calentamiento previo a <strong>El Cl\u00e1sico<\/strong>. La nueva indumentaria es una colaboraci\u00f3n de <strong>Pharrell Williams<\/strong> y <strong>Humanrace<\/strong> elaborada con una t\u00e9cnica de dibujo a mano. Est\u00e1 inspirada en la equipaci\u00f3n negra de la temporada <strong>2014\/15<\/strong>.<\/p>\n<p><script async=\"\" src=\"\/\/pagead2.googlesyndication.com\/pagead\/js\/adsbygoogle.js\"><\/script> <!-- Vida 1 --> <ins class=\"adsbygoogle\" style=\"display: block;\" data-ad-client=\"ca-pub-7450064428034605\" data-ad-slot=\"2284573579\" data-ad-format=\"auto\"><\/ins> <script> (adsbygoogle = window.adsbygoogle || []).push({}); <\/script><\/p>\n<h2>Nueva camiseta del Real Madrid para El Cl\u00e1sico, con la colaboraci\u00f3n de Pharrell Williams y Humanrace<\/h2>\n<p><script async=\"\" src=\"\/\/pagead2.googlesyndication.com\/pagead\/js\/adsbygoogle.js\"><\/script> <!-- Vida 2 --> <ins class=\"adsbygoogle\" style=\"display: inline-block; width: 336px; height: 280px;\" data-ad-client=\"ca-pub-7450064428034605\" data-ad-slot=\"9336835571\"><\/ins> <script> (adsbygoogle = window.adsbygoogle || []).push({}); <\/script>El <strong>Real Madrid<\/strong> ha anunciado una nueva camiseta que estrenar\u00e1 en calentamiento previo a <strong>El Cl\u00e1sico. <\/strong>Est\u00e1 inspirada en la equipaci\u00f3n negra de la temporada <strong>2014\/15 <\/strong>y forma parte de una colecci\u00f3n creada junto con el director creativo de la l\u00ednea<strong> Humanrace<\/strong> y colaborador de <strong>Adidas<\/strong> y cantante, <strong>Pharrell Williams<\/strong>.<\/p>\n<figure id=\"attachment_26410\" aria-describedby=\"caption-attachment-26410\" style=\"width: 300px\" class=\"wp-caption alignnone\"><a href=\"https:\/\/www.vidademadrid.com\/es\/wp-content\/uploads\/2020\/10\/G_pw0423Thumb.jpg\"><img loading=\"lazy\" decoding=\"async\" class=\"size-medium wp-image-26410\" src=\"https:\/\/www.vidademadrid.com\/es\/wp-content\/uploads\/2020\/10\/G_pw0423Thumb-300x243.jpg\" alt=\"\" width=\"300\" height=\"243\" srcset=\"https:\/\/www.vidademadrid.com\/es\/wp-content\/uploads\/2020\/10\/G_pw0423Thumb-300x243.jpg 300w, https:\/\/www.vidademadrid.com\/es\/wp-content\/uploads\/2020\/10\/G_pw0423Thumb-768x622.jpg 768w, https:\/\/www.vidademadrid.com\/es\/wp-content\/uploads\/2020\/10\/G_pw0423Thumb-1024x829.jpg 1024w, https:\/\/www.vidademadrid.com\/es\/wp-content\/uploads\/2020\/10\/G_pw0423Thumb-696x564.jpg 696w, https:\/\/www.vidademadrid.com\/es\/wp-content\/uploads\/2020\/10\/G_pw0423Thumb-1068x865.jpg 1068w, https:\/\/www.vidademadrid.com\/es\/wp-content\/uploads\/2020\/10\/G_pw0423Thumb-519x420.jpg 519w, https:\/\/www.vidademadrid.com\/es\/wp-content\/uploads\/2020\/10\/G_pw0423Thumb.jpg 1500w\" sizes=\"auto, (max-width: 300px) 100vw, 300px\" \/><\/a><figcaption id=\"caption-attachment-26410\" class=\"wp-caption-text\">Foto: Realmadrid.com<\/figcaption><\/figure>\n<p>La colecci\u00f3n se basa en el legado de los clubes para reflejar la cultura futbol\u00edstica actual y tambi\u00e9n cuenta con camisetas de <strong>Arsenal, Bayern de M\u00fanich, Juventus y Manchester United<\/strong>. Todas ellas han sido redise\u00f1adas a partir de camisetas ic\u00f3nicas para crear un lienzo que incluya todos los detalles en una apariencia unificada.<\/p>\n<p>La colecci\u00f3n Humanrace est\u00e1 ya a la venta en la web del <strong>Real Madrid<\/strong> a un precio de <strong>89.95 euros la camiseta<\/strong> y <strong>39.95 euros el pantal\u00f3n<\/strong>.<\/p>\n<p><script data-wid=\"auto\" type=\"text\/javascript\" src=\"https:\/\/content.viralize.tv\/display\/?zid=AADiaHd5cH72qFIl&amp;cid=AAaxW6qkNJ4Pq4fF&amp;activation=adfill&amp;vip_mode=playing&amp;vip_position=bottom-right\"><\/script><\/p>\n","protected":false},"excerpt":{"rendered":"<p>Est\u00e1 inspirada en la equipaci\u00f3n negra de la temporada 2014\/15.<\/p>\n","protected":false},"author":9,"featured_media":26409,"comment_status":"open","ping_status":"open","sticky":false,"template":"","format":"standard","meta":{"footnotes":""},"categories":[78],"tags":[60],"class_list":{"0":"post-26405","1":"post","2":"type-post","3":"status-publish","4":"format-standard","5":"has-post-thumbnail","7":"category-deporte","8":"tag-real-madrid"},"_links":{"self":[{"href":"https:\/\/www.vidademadrid.com\/es\/wp-json\/wp\/v2\/posts\/26405","targetHints":{"allow":["GET"]}}],"collection":[{"href":"https:\/\/www.vidademadrid.com\/es\/wp-json\/wp\/v2\/posts"}],"about":[{"href":"https:\/\/www.vidademadrid.com\/es\/wp-json\/wp\/v2\/types\/post"}],"author":[{"embeddable":true,"href":"https:\/\/www.vidademadrid.com\/es\/wp-json\/wp\/v2\/users\/9"}],"replies":[{"embeddable":true,"href":"https:\/\/www.vidademadrid.com\/es\/wp-json\/wp\/v2\/comments?post=26405"}],"version-history":[{"count":3,"href":"https:\/\/www.vidademadrid.com\/es\/wp-json\/wp\/v2\/posts\/26405\/revisions"}],"predecessor-version":[{"id":26413,"href":"https:\/\/www.vidademadrid.com\/es\/wp-json\/wp\/v2\/posts\/26405\/revisions\/26413"}],"wp:featuredmedia":[{"embeddable":true,"href":"https:\/\/www.vidademadrid.com\/es\/wp-json\/wp\/v2\/media\/26409"}],"wp:attachment":[{"href":"https:\/\/www.vidademadrid.com\/es\/wp-json\/wp\/v2\/media?parent=26405"}],"wp:term":[{"taxonomy":"category","embeddable":true,"href":"https:\/\/www.vidademadrid.com\/es\/wp-json\/wp\/v2\/categories?post=26405"},{"taxonomy":"post_tag","embeddable":true,"href":"https:\/\/www.vidademadrid.com\/es\/wp-json\/wp\/v2\/tags?post=26405"}],"curies":[{"name":"wp","href":"https:\/\/api.w.org\/{rel}","templated":true}]}}