{"id":26168,"date":"2020-10-19T12:02:37","date_gmt":"2020-10-19T10:02:37","guid":{"rendered":"https:\/\/www.vidademadrid.com\/es\/?p=26168"},"modified":"2020-10-19T12:02:39","modified_gmt":"2020-10-19T10:02:39","slug":"ella-sky-bar-fotos-reportaje-rooftop-gran-via","status":"publish","type":"post","link":"https:\/\/www.vidademadrid.com\/es\/26168\/ella-sky-bar-fotos-reportaje-rooftop-gran-via\/","title":{"rendered":"Fotorreportaje: de Callao al cielo en Ella Sky Bar"},"content":{"rendered":"\n<script async src=\"https:\/\/pagead2.googlesyndication.com\/pagead\/js\/adsbygoogle.js\"><\/script> <ins class=\"adsbygoogle\"  style=\"display:block\" data-ad-format=\"fluid\" data-ad-layout-key=\"-7f+eo+1+2-5\" data-ad-client=\"ca-pub-7450064428034605\" data-ad-slot=\"7327027071\"><\/ins><script>(adsbygoogle = window.adsbygoogle || []).push({});<\/script>\n\n\n\n<p>En nuestro <strong>fotorreportaje<\/strong> de hoy vamos a descubrir un nuevo espacio para disfrutar de incre\u00edbles vistas de Madrid, adem\u00e1s de buena gastronom\u00eda y ricos c\u00f3cteles en un ambiente elegante y joven, y con todas las medidas de seguridad. Vamos a <strong>Ella Sky Bar<\/strong>, nueva azotea en Callao, m\u00e1s precisamente en <strong>Gran V\u00eda 42<\/strong>.<\/p>\n<p>Subimos al <strong>d\u00e9cimo piso <\/strong>del edificio\u00a0y disfrutamos desde el comedor de <strong>doble vistas<\/strong>: por el lado sur, estamos pr\u00e1cticamente al lado del emblem\u00e1tico ne\u00f3n de Schweppes y vemos desde arriba el paseo de la gente en Callao, y m\u00e1s al fondo el Palacio Real, la Almudena, Puerta del Sol y mucho m\u00e1s; y por el lado norte, los tejados de Malasa\u00f1a, las cuatro -casi cinco- torres y la sierra madrile\u00f1a.<\/p>\n<p>Con vistas as\u00ed, brindamos con un buen vino y comemos algunos de los platos de <strong>la variada carta de Ella Sky Bar<\/strong>: Gambas y gulas al ajillo; Los tacos de Jay; Solomillo con micuit de pato al Pedro Xime\u0301nez; Pastel de elote casero.<\/p>\n<p>La experiencia no acaba aqu\u00ed: subimos una escalera para llegar al espacio al aire libre, un <strong>bonito rooftop<\/strong> donde disfrutar una vez m\u00e1s de las vistas del cielo de Madrid con buena m\u00fasica y <strong>c\u00f3cteles<\/strong>, otra insignia de la casa. Todo muy bueno y bonito: sin duda merece la pena subir a Ella Sky Bar, desconectar del ca\u00f3tico y dif\u00edcil d\u00eda a d\u00eda y disfrutar&#8230; de Callao al cielo.<\/p>\n<h2>Fotorreportaje Vida de Madrid: Ella Sky Bar<\/h2>\n<p><em>Fotos de <a href=\"https:\/\/www.instagram.com\/mariadelgado_photo\/\">Mar\u00eda Delgado<\/a> para Vida de Madrid<\/em><\/p>\n\n\n<ul class=\"wp-block-gallery columns-1 wp-block-gallery-1 is-layout-flex wp-block-gallery-is-layout-flex\"><li class=\"blocks-gallery-item\"><figure><img loading=\"lazy\" decoding=\"async\" width=\"1024\" height=\"683\" src=\"https:\/\/www.vidademadrid.com\/es\/wp-content\/uploads\/2020\/10\/ella-sky-bar-vida-de-madrid-09-1024x683.jpg\" alt=\"\" data-id=\"26172\" data-link=\"https:\/\/www.vidademadrid.com\/es\/?attachment_id=26172\" class=\"wp-image-26172\" srcset=\"https:\/\/www.vidademadrid.com\/es\/wp-content\/uploads\/2020\/10\/ella-sky-bar-vida-de-madrid-09-1024x683.jpg 1024w, https:\/\/www.vidademadrid.com\/es\/wp-content\/uploads\/2020\/10\/ella-sky-bar-vida-de-madrid-09-300x200.jpg 300w, https:\/\/www.vidademadrid.com\/es\/wp-content\/uploads\/2020\/10\/ella-sky-bar-vida-de-madrid-09-768x512.jpg 768w, https:\/\/www.vidademadrid.com\/es\/wp-content\/uploads\/2020\/10\/ella-sky-bar-vida-de-madrid-09-696x464.jpg 696w, https:\/\/www.vidademadrid.com\/es\/wp-content\/uploads\/2020\/10\/ella-sky-bar-vida-de-madrid-09-1068x712.jpg 1068w, https:\/\/www.vidademadrid.com\/es\/wp-content\/uploads\/2020\/10\/ella-sky-bar-vida-de-madrid-09-630x420.jpg 630w, https:\/\/www.vidademadrid.com\/es\/wp-content\/uploads\/2020\/10\/ella-sky-bar-vida-de-madrid-09.jpg 1200w\" sizes=\"auto, (max-width: 1024px) 100vw, 1024px\" \/><\/figure><\/li><li class=\"blocks-gallery-item\"><figure><img loading=\"lazy\" decoding=\"async\" width=\"1024\" height=\"683\" src=\"https:\/\/www.vidademadrid.com\/es\/wp-content\/uploads\/2020\/10\/ella-sky-bar-vida-de-madrid-20-1024x683.jpg\" alt=\"\" data-id=\"26178\" data-link=\"https:\/\/www.vidademadrid.com\/es\/?attachment_id=26178\" class=\"wp-image-26178\" srcset=\"https:\/\/www.vidademadrid.com\/es\/wp-content\/uploads\/2020\/10\/ella-sky-bar-vida-de-madrid-20-1024x683.jpg 1024w, https:\/\/www.vidademadrid.com\/es\/wp-content\/uploads\/2020\/10\/ella-sky-bar-vida-de-madrid-20-300x200.jpg 300w, https:\/\/www.vidademadrid.com\/es\/wp-content\/uploads\/2020\/10\/ella-sky-bar-vida-de-madrid-20-768x512.jpg 768w, https:\/\/www.vidademadrid.com\/es\/wp-content\/uploads\/2020\/10\/ella-sky-bar-vida-de-madrid-20-696x464.jpg 696w, https:\/\/www.vidademadrid.com\/es\/wp-content\/uploads\/2020\/10\/ella-sky-bar-vida-de-madrid-20-1068x712.jpg 1068w, https:\/\/www.vidademadrid.com\/es\/wp-content\/uploads\/2020\/10\/ella-sky-bar-vida-de-madrid-20-630x420.jpg 630w, https:\/\/www.vidademadrid.com\/es\/wp-content\/uploads\/2020\/10\/ella-sky-bar-vida-de-madrid-20.jpg 1200w\" sizes=\"auto, (max-width: 1024px) 100vw, 1024px\" \/><\/figure><\/li><li class=\"blocks-gallery-item\"><figure><img loading=\"lazy\" decoding=\"async\" width=\"683\" height=\"1024\" src=\"https:\/\/www.vidademadrid.com\/es\/wp-content\/uploads\/2020\/10\/ella-sky-bar-vida-de-madrid-11-683x1024.jpg\" alt=\"\" data-id=\"26174\" data-link=\"https:\/\/www.vidademadrid.com\/es\/?attachment_id=26174\" class=\"wp-image-26174\" srcset=\"https:\/\/www.vidademadrid.com\/es\/wp-content\/uploads\/2020\/10\/ella-sky-bar-vida-de-madrid-11-683x1024.jpg 683w, https:\/\/www.vidademadrid.com\/es\/wp-content\/uploads\/2020\/10\/ella-sky-bar-vida-de-madrid-11-200x300.jpg 200w, https:\/\/www.vidademadrid.com\/es\/wp-content\/uploads\/2020\/10\/ella-sky-bar-vida-de-madrid-11-768x1152.jpg 768w, https:\/\/www.vidademadrid.com\/es\/wp-content\/uploads\/2020\/10\/ella-sky-bar-vida-de-madrid-11-696x1044.jpg 696w, https:\/\/www.vidademadrid.com\/es\/wp-content\/uploads\/2020\/10\/ella-sky-bar-vida-de-madrid-11-280x420.jpg 280w, https:\/\/www.vidademadrid.com\/es\/wp-content\/uploads\/2020\/10\/ella-sky-bar-vida-de-madrid-11.jpg 800w\" sizes=\"auto, (max-width: 683px) 100vw, 683px\" \/><\/figure><\/li><li class=\"blocks-gallery-item\"><figure><img loading=\"lazy\" decoding=\"async\" width=\"683\" height=\"1024\" src=\"https:\/\/www.vidademadrid.com\/es\/wp-content\/uploads\/2020\/10\/ella-sky-bar-vida-de-madrid-06-683x1024.jpg\" alt=\"\" data-id=\"26184\" data-link=\"https:\/\/www.vidademadrid.com\/es\/?attachment_id=26184\" class=\"wp-image-26184\" srcset=\"https:\/\/www.vidademadrid.com\/es\/wp-content\/uploads\/2020\/10\/ella-sky-bar-vida-de-madrid-06-683x1024.jpg 683w, https:\/\/www.vidademadrid.com\/es\/wp-content\/uploads\/2020\/10\/ella-sky-bar-vida-de-madrid-06-200x300.jpg 200w, https:\/\/www.vidademadrid.com\/es\/wp-content\/uploads\/2020\/10\/ella-sky-bar-vida-de-madrid-06-768x1152.jpg 768w, https:\/\/www.vidademadrid.com\/es\/wp-content\/uploads\/2020\/10\/ella-sky-bar-vida-de-madrid-06-696x1044.jpg 696w, https:\/\/www.vidademadrid.com\/es\/wp-content\/uploads\/2020\/10\/ella-sky-bar-vida-de-madrid-06-280x420.jpg 280w, https:\/\/www.vidademadrid.com\/es\/wp-content\/uploads\/2020\/10\/ella-sky-bar-vida-de-madrid-06.jpg 800w\" sizes=\"auto, (max-width: 683px) 100vw, 683px\" \/><\/figure><\/li><li class=\"blocks-gallery-item\"><figure><img loading=\"lazy\" decoding=\"async\" width=\"1024\" height=\"682\" src=\"https:\/\/www.vidademadrid.com\/es\/wp-content\/uploads\/2020\/10\/ella-sky-bar-vida-de-madrid-18-1024x682.jpg\" alt=\"\" data-id=\"26177\" data-link=\"https:\/\/www.vidademadrid.com\/es\/?attachment_id=26177\" class=\"wp-image-26177\" srcset=\"https:\/\/www.vidademadrid.com\/es\/wp-content\/uploads\/2020\/10\/ella-sky-bar-vida-de-madrid-18-1024x682.jpg 1024w, https:\/\/www.vidademadrid.com\/es\/wp-content\/uploads\/2020\/10\/ella-sky-bar-vida-de-madrid-18-300x200.jpg 300w, https:\/\/www.vidademadrid.com\/es\/wp-content\/uploads\/2020\/10\/ella-sky-bar-vida-de-madrid-18-768x511.jpg 768w, https:\/\/www.vidademadrid.com\/es\/wp-content\/uploads\/2020\/10\/ella-sky-bar-vida-de-madrid-18-696x463.jpg 696w, https:\/\/www.vidademadrid.com\/es\/wp-content\/uploads\/2020\/10\/ella-sky-bar-vida-de-madrid-18-1068x711.jpg 1068w, https:\/\/www.vidademadrid.com\/es\/wp-content\/uploads\/2020\/10\/ella-sky-bar-vida-de-madrid-18-631x420.jpg 631w, https:\/\/www.vidademadrid.com\/es\/wp-content\/uploads\/2020\/10\/ella-sky-bar-vida-de-madrid-18.jpg 1200w\" sizes=\"auto, (max-width: 1024px) 100vw, 1024px\" \/><\/figure><\/li><li class=\"blocks-gallery-item\"><figure><img loading=\"lazy\" decoding=\"async\" width=\"1024\" height=\"683\" src=\"https:\/\/www.vidademadrid.com\/es\/wp-content\/uploads\/2020\/10\/ella-sky-bar-vida-de-madrid-01-1024x683.jpg\" alt=\"\" data-id=\"26179\" data-link=\"https:\/\/www.vidademadrid.com\/es\/?attachment_id=26179\" class=\"wp-image-26179\" srcset=\"https:\/\/www.vidademadrid.com\/es\/wp-content\/uploads\/2020\/10\/ella-sky-bar-vida-de-madrid-01-1024x683.jpg 1024w, https:\/\/www.vidademadrid.com\/es\/wp-content\/uploads\/2020\/10\/ella-sky-bar-vida-de-madrid-01-300x200.jpg 300w, https:\/\/www.vidademadrid.com\/es\/wp-content\/uploads\/2020\/10\/ella-sky-bar-vida-de-madrid-01-768x512.jpg 768w, https:\/\/www.vidademadrid.com\/es\/wp-content\/uploads\/2020\/10\/ella-sky-bar-vida-de-madrid-01-696x464.jpg 696w, https:\/\/www.vidademadrid.com\/es\/wp-content\/uploads\/2020\/10\/ella-sky-bar-vida-de-madrid-01-1068x712.jpg 1068w, https:\/\/www.vidademadrid.com\/es\/wp-content\/uploads\/2020\/10\/ella-sky-bar-vida-de-madrid-01-630x420.jpg 630w, https:\/\/www.vidademadrid.com\/es\/wp-content\/uploads\/2020\/10\/ella-sky-bar-vida-de-madrid-01.jpg 1200w\" sizes=\"auto, (max-width: 1024px) 100vw, 1024px\" \/><\/figure><\/li><li class=\"blocks-gallery-item\"><figure><img loading=\"lazy\" decoding=\"async\" width=\"683\" height=\"1024\" src=\"https:\/\/www.vidademadrid.com\/es\/wp-content\/uploads\/2020\/10\/ella-sky-bar-vida-de-madrid-17-683x1024.jpg\" alt=\"\" data-id=\"26176\" data-link=\"https:\/\/www.vidademadrid.com\/es\/?attachment_id=26176\" class=\"wp-image-26176\" srcset=\"https:\/\/www.vidademadrid.com\/es\/wp-content\/uploads\/2020\/10\/ella-sky-bar-vida-de-madrid-17-683x1024.jpg 683w, https:\/\/www.vidademadrid.com\/es\/wp-content\/uploads\/2020\/10\/ella-sky-bar-vida-de-madrid-17-200x300.jpg 200w, https:\/\/www.vidademadrid.com\/es\/wp-content\/uploads\/2020\/10\/ella-sky-bar-vida-de-madrid-17-768x1152.jpg 768w, https:\/\/www.vidademadrid.com\/es\/wp-content\/uploads\/2020\/10\/ella-sky-bar-vida-de-madrid-17-696x1044.jpg 696w, https:\/\/www.vidademadrid.com\/es\/wp-content\/uploads\/2020\/10\/ella-sky-bar-vida-de-madrid-17-280x420.jpg 280w, https:\/\/www.vidademadrid.com\/es\/wp-content\/uploads\/2020\/10\/ella-sky-bar-vida-de-madrid-17.jpg 800w\" sizes=\"auto, (max-width: 683px) 100vw, 683px\" \/><\/figure><\/li><li class=\"blocks-gallery-item\"><figure><img loading=\"lazy\" decoding=\"async\" width=\"1024\" height=\"683\" src=\"https:\/\/www.vidademadrid.com\/es\/wp-content\/uploads\/2020\/10\/ella-sky-bar-vida-de-madrid-08-1024x683.jpg\" alt=\"\" data-id=\"26185\" data-link=\"https:\/\/www.vidademadrid.com\/es\/?attachment_id=26185\" class=\"wp-image-26185\" srcset=\"https:\/\/www.vidademadrid.com\/es\/wp-content\/uploads\/2020\/10\/ella-sky-bar-vida-de-madrid-08-1024x683.jpg 1024w, https:\/\/www.vidademadrid.com\/es\/wp-content\/uploads\/2020\/10\/ella-sky-bar-vida-de-madrid-08-300x200.jpg 300w, https:\/\/www.vidademadrid.com\/es\/wp-content\/uploads\/2020\/10\/ella-sky-bar-vida-de-madrid-08-768x512.jpg 768w, https:\/\/www.vidademadrid.com\/es\/wp-content\/uploads\/2020\/10\/ella-sky-bar-vida-de-madrid-08-696x464.jpg 696w, https:\/\/www.vidademadrid.com\/es\/wp-content\/uploads\/2020\/10\/ella-sky-bar-vida-de-madrid-08-1068x712.jpg 1068w, https:\/\/www.vidademadrid.com\/es\/wp-content\/uploads\/2020\/10\/ella-sky-bar-vida-de-madrid-08-630x420.jpg 630w, https:\/\/www.vidademadrid.com\/es\/wp-content\/uploads\/2020\/10\/ella-sky-bar-vida-de-madrid-08.jpg 1200w\" sizes=\"auto, (max-width: 1024px) 100vw, 1024px\" \/><\/figure><\/li><li class=\"blocks-gallery-item\"><figure><img loading=\"lazy\" decoding=\"async\" width=\"1024\" height=\"683\" src=\"https:\/\/www.vidademadrid.com\/es\/wp-content\/uploads\/2020\/10\/ella-sky-bar-vida-de-madrid-02-1024x683.jpg\" alt=\"\" data-id=\"26180\" data-link=\"https:\/\/www.vidademadrid.com\/es\/?attachment_id=26180\" class=\"wp-image-26180\" srcset=\"https:\/\/www.vidademadrid.com\/es\/wp-content\/uploads\/2020\/10\/ella-sky-bar-vida-de-madrid-02-1024x683.jpg 1024w, https:\/\/www.vidademadrid.com\/es\/wp-content\/uploads\/2020\/10\/ella-sky-bar-vida-de-madrid-02-300x200.jpg 300w, https:\/\/www.vidademadrid.com\/es\/wp-content\/uploads\/2020\/10\/ella-sky-bar-vida-de-madrid-02-768x512.jpg 768w, https:\/\/www.vidademadrid.com\/es\/wp-content\/uploads\/2020\/10\/ella-sky-bar-vida-de-madrid-02-696x464.jpg 696w, https:\/\/www.vidademadrid.com\/es\/wp-content\/uploads\/2020\/10\/ella-sky-bar-vida-de-madrid-02-1068x712.jpg 1068w, https:\/\/www.vidademadrid.com\/es\/wp-content\/uploads\/2020\/10\/ella-sky-bar-vida-de-madrid-02-630x420.jpg 630w, https:\/\/www.vidademadrid.com\/es\/wp-content\/uploads\/2020\/10\/ella-sky-bar-vida-de-madrid-02.jpg 1200w\" sizes=\"auto, (max-width: 1024px) 100vw, 1024px\" \/><\/figure><\/li><li class=\"blocks-gallery-item\"><figure><img loading=\"lazy\" decoding=\"async\" width=\"1024\" height=\"683\" src=\"https:\/\/www.vidademadrid.com\/es\/wp-content\/uploads\/2020\/10\/ella-sky-bar-vida-de-madrid-03-1024x683.jpg\" alt=\"\" data-id=\"26181\" data-link=\"https:\/\/www.vidademadrid.com\/es\/?attachment_id=26181\" class=\"wp-image-26181\" srcset=\"https:\/\/www.vidademadrid.com\/es\/wp-content\/uploads\/2020\/10\/ella-sky-bar-vida-de-madrid-03-1024x683.jpg 1024w, https:\/\/www.vidademadrid.com\/es\/wp-content\/uploads\/2020\/10\/ella-sky-bar-vida-de-madrid-03-300x200.jpg 300w, https:\/\/www.vidademadrid.com\/es\/wp-content\/uploads\/2020\/10\/ella-sky-bar-vida-de-madrid-03-768x512.jpg 768w, https:\/\/www.vidademadrid.com\/es\/wp-content\/uploads\/2020\/10\/ella-sky-bar-vida-de-madrid-03-696x464.jpg 696w, https:\/\/www.vidademadrid.com\/es\/wp-content\/uploads\/2020\/10\/ella-sky-bar-vida-de-madrid-03-1068x712.jpg 1068w, https:\/\/www.vidademadrid.com\/es\/wp-content\/uploads\/2020\/10\/ella-sky-bar-vida-de-madrid-03-630x420.jpg 630w, https:\/\/www.vidademadrid.com\/es\/wp-content\/uploads\/2020\/10\/ella-sky-bar-vida-de-madrid-03.jpg 1200w\" sizes=\"auto, (max-width: 1024px) 100vw, 1024px\" \/><\/figure><\/li><li class=\"blocks-gallery-item\"><figure><img loading=\"lazy\" decoding=\"async\" width=\"1024\" height=\"683\" src=\"https:\/\/www.vidademadrid.com\/es\/wp-content\/uploads\/2020\/10\/ella-sky-bar-vida-de-madrid-04-1024x683.jpg\" alt=\"\" data-id=\"26182\" data-link=\"https:\/\/www.vidademadrid.com\/es\/?attachment_id=26182\" class=\"wp-image-26182\" srcset=\"https:\/\/www.vidademadrid.com\/es\/wp-content\/uploads\/2020\/10\/ella-sky-bar-vida-de-madrid-04-1024x683.jpg 1024w, https:\/\/www.vidademadrid.com\/es\/wp-content\/uploads\/2020\/10\/ella-sky-bar-vida-de-madrid-04-300x200.jpg 300w, https:\/\/www.vidademadrid.com\/es\/wp-content\/uploads\/2020\/10\/ella-sky-bar-vida-de-madrid-04-768x512.jpg 768w, https:\/\/www.vidademadrid.com\/es\/wp-content\/uploads\/2020\/10\/ella-sky-bar-vida-de-madrid-04-696x464.jpg 696w, https:\/\/www.vidademadrid.com\/es\/wp-content\/uploads\/2020\/10\/ella-sky-bar-vida-de-madrid-04-1068x712.jpg 1068w, https:\/\/www.vidademadrid.com\/es\/wp-content\/uploads\/2020\/10\/ella-sky-bar-vida-de-madrid-04-630x420.jpg 630w, https:\/\/www.vidademadrid.com\/es\/wp-content\/uploads\/2020\/10\/ella-sky-bar-vida-de-madrid-04.jpg 1200w\" sizes=\"auto, (max-width: 1024px) 100vw, 1024px\" \/><\/figure><\/li><li class=\"blocks-gallery-item\"><figure><img loading=\"lazy\" decoding=\"async\" width=\"683\" height=\"1024\" src=\"https:\/\/www.vidademadrid.com\/es\/wp-content\/uploads\/2020\/10\/ella-sky-bar-vida-de-madrid-14-683x1024.jpg\" alt=\"\" data-id=\"26175\" data-link=\"https:\/\/www.vidademadrid.com\/es\/?attachment_id=26175\" class=\"wp-image-26175\" srcset=\"https:\/\/www.vidademadrid.com\/es\/wp-content\/uploads\/2020\/10\/ella-sky-bar-vida-de-madrid-14-683x1024.jpg 683w, https:\/\/www.vidademadrid.com\/es\/wp-content\/uploads\/2020\/10\/ella-sky-bar-vida-de-madrid-14-200x300.jpg 200w, https:\/\/www.vidademadrid.com\/es\/wp-content\/uploads\/2020\/10\/ella-sky-bar-vida-de-madrid-14-768x1152.jpg 768w, https:\/\/www.vidademadrid.com\/es\/wp-content\/uploads\/2020\/10\/ella-sky-bar-vida-de-madrid-14-696x1044.jpg 696w, https:\/\/www.vidademadrid.com\/es\/wp-content\/uploads\/2020\/10\/ella-sky-bar-vida-de-madrid-14-280x420.jpg 280w, https:\/\/www.vidademadrid.com\/es\/wp-content\/uploads\/2020\/10\/ella-sky-bar-vida-de-madrid-14.jpg 800w\" sizes=\"auto, (max-width: 683px) 100vw, 683px\" \/><\/figure><\/li><li class=\"blocks-gallery-item\"><figure><img loading=\"lazy\" decoding=\"async\" width=\"683\" height=\"1024\" src=\"https:\/\/www.vidademadrid.com\/es\/wp-content\/uploads\/2020\/10\/ella-sky-bar-vida-de-madrid-05-683x1024.jpg\" alt=\"\" data-id=\"26183\" data-link=\"https:\/\/www.vidademadrid.com\/es\/?attachment_id=26183\" class=\"wp-image-26183\" srcset=\"https:\/\/www.vidademadrid.com\/es\/wp-content\/uploads\/2020\/10\/ella-sky-bar-vida-de-madrid-05-683x1024.jpg 683w, https:\/\/www.vidademadrid.com\/es\/wp-content\/uploads\/2020\/10\/ella-sky-bar-vida-de-madrid-05-200x300.jpg 200w, https:\/\/www.vidademadrid.com\/es\/wp-content\/uploads\/2020\/10\/ella-sky-bar-vida-de-madrid-05-768x1152.jpg 768w, https:\/\/www.vidademadrid.com\/es\/wp-content\/uploads\/2020\/10\/ella-sky-bar-vida-de-madrid-05-696x1044.jpg 696w, https:\/\/www.vidademadrid.com\/es\/wp-content\/uploads\/2020\/10\/ella-sky-bar-vida-de-madrid-05-280x420.jpg 280w, https:\/\/www.vidademadrid.com\/es\/wp-content\/uploads\/2020\/10\/ella-sky-bar-vida-de-madrid-05.jpg 800w\" sizes=\"auto, (max-width: 683px) 100vw, 683px\" \/><\/figure><\/li><\/ul>\n\n\n\n<script async src=\"https:\/\/pagead2.googlesyndication.com\/pagead\/js\/adsbygoogle.js\"><\/script> <ins class=\"adsbygoogle\" style=\"display:block; text-align:center;\" data-ad-layout=\"in-article\" data-ad-format=\"fluid\" data-ad-client=\"ca-pub-7450064428034605\" data-ad-slot=\"5670045061\"><\/ins> <script>(adsbygoogle = window.adsbygoogle || []).push({});<\/script>\n\n","protected":false},"excerpt":{"rendered":"<p>Subimos al nuevo rooftop de Gran V\u00eda<\/p>\n","protected":false},"author":1,"featured_media":26169,"comment_status":"open","ping_status":"open","sticky":false,"template":"","format":"standard","meta":{"footnotes":""},"categories":[36,2],"tags":[],"class_list":{"0":"post-26168","1":"post","2":"type-post","3":"status-publish","4":"format-standard","5":"has-post-thumbnail","7":"category-reportajes","8":"category-restaurantes-planes-foodie-madrid"},"_links":{"self":[{"href":"https:\/\/www.vidademadrid.com\/es\/wp-json\/wp\/v2\/posts\/26168","targetHints":{"allow":["GET"]}}],"collection":[{"href":"https:\/\/www.vidademadrid.com\/es\/wp-json\/wp\/v2\/posts"}],"about":[{"href":"https:\/\/www.vidademadrid.com\/es\/wp-json\/wp\/v2\/types\/post"}],"author":[{"embeddable":true,"href":"https:\/\/www.vidademadrid.com\/es\/wp-json\/wp\/v2\/users\/1"}],"replies":[{"embeddable":true,"href":"https:\/\/www.vidademadrid.com\/es\/wp-json\/wp\/v2\/comments?post=26168"}],"version-history":[{"count":7,"href":"https:\/\/www.vidademadrid.com\/es\/wp-json\/wp\/v2\/posts\/26168\/revisions"}],"predecessor-version":[{"id":26198,"href":"https:\/\/www.vidademadrid.com\/es\/wp-json\/wp\/v2\/posts\/26168\/revisions\/26198"}],"wp:featuredmedia":[{"embeddable":true,"href":"https:\/\/www.vidademadrid.com\/es\/wp-json\/wp\/v2\/media\/26169"}],"wp:attachment":[{"href":"https:\/\/www.vidademadrid.com\/es\/wp-json\/wp\/v2\/media?parent=26168"}],"wp:term":[{"taxonomy":"category","embeddable":true,"href":"https:\/\/www.vidademadrid.com\/es\/wp-json\/wp\/v2\/categories?post=26168"},{"taxonomy":"post_tag","embeddable":true,"href":"https:\/\/www.vidademadrid.com\/es\/wp-json\/wp\/v2\/tags?post=26168"}],"curies":[{"name":"wp","href":"https:\/\/api.w.org\/{rel}","templated":true}]}}