{"id":26048,"date":"2020-10-14T12:26:51","date_gmt":"2020-10-14T10:26:51","guid":{"rendered":"https:\/\/www.vidademadrid.com\/es\/?p=26048"},"modified":"2020-10-14T13:51:31","modified_gmt":"2020-10-14T11:51:31","slug":"publico-segunda-b-madrid-aforo-maximo-partido","status":"publish","type":"post","link":"https:\/\/www.vidademadrid.com\/es\/26048\/publico-segunda-b-madrid-aforo-maximo-partido\/","title":{"rendered":"Vuelve el p\u00fablico a los estadios de Madrid de 2\u00aaB: aforos m\u00e1ximos permitidos por partido"},"content":{"rendered":"<p>El pr\u00f3ximo domingo <strong>vuelve el f\u00fatbol de 2\u00baB a Madrid<\/strong>, y la <strong>temporada 2020\/21<\/strong> arranca con <strong>p\u00fablico en los estadios<\/strong>. En <em><strong>Vida de Madrid<\/strong><\/em> hemos elaborado un reportaje tras hablar con los distintos clubes madrile\u00f1os, descubre el aforo m\u00e1ximo permitido para cada partido.<\/p>\n<p><script async=\"\" src=\"\/\/pagead2.googlesyndication.com\/pagead\/js\/adsbygoogle.js\"><\/script><\/p>\n<p><!-- Vida 1 --><ins class=\"adsbygoogle\" style=\"display: block;\" data-ad-client=\"ca-pub-7450064428034605\" data-ad-slot=\"2284573579\" data-ad-format=\"auto\"><\/ins> <script> (adsbygoogle = window.adsbygoogle || []).push({}); <\/script><\/p>\n<h2>Vuelve el p\u00fablico a los estadios de Madrid de 2\u00aaB<\/h2>\n<p><script async=\"\" src=\"\/\/pagead2.googlesyndication.com\/pagead\/js\/adsbygoogle.js\"><\/script><\/p>\n<p><!-- Vida 2 --><ins class=\"adsbygoogle\" style=\"display: inline-block; width: 336px; height: 280px;\" data-ad-client=\"ca-pub-7450064428034605\" data-ad-slot=\"9336835571\"><\/ins> <script> (adsbygoogle = window.adsbygoogle || []).push({}); <\/script><\/p>\n<p>Los <a href=\"https:\/\/www.vidademadrid.com\/es\/26015\/segundab-madrid-equipos-temporada-2020-21\/\"><strong>ocho equipos madrile\u00f1os<\/strong><\/a> ubicado en el <strong>Grupo 5A de la Segunda Divisi\u00f3n B<\/strong> comienzan su andadura en la <strong>temporada 2020\/21<\/strong> el pr\u00f3ximo domingo <strong>18 de octubre <\/strong>bajo los protocolos sanitarios pertinentes.<\/p>\n<p>En Primera y Segunda Divisi\u00f3n no est\u00e1 permitido todav\u00eda por parte del <strong>Consejo Superior de Deportes<\/strong> el acceso de p\u00fablico a los estadios, pero en <strong>2\u00aaB y Tercera<\/strong>, al tratarse de f\u00fatbol no profesional, son las Comunidades Aut\u00f3nomas las que tienen la competencias para decidirlo. En este sentido el <strong>CSD<\/strong> no lo proh\u00edbe, pero tampoco lo recomienda, y en caso de haber p\u00fablico en los estadios de 2\u00aaB y 3\u00aa aconseja que no sean m\u00e1s de <strong>1.000 espectadores al aire libre.<\/strong><\/p>\n<h2>Aforos m\u00e1ximos permitidos en los partidos de 2\u00aaB de equipos madrile\u00f1os<\/h2>\n<p><script async=\"\" src=\"\/\/pagead2.googlesyndication.com\/pagead\/js\/adsbygoogle.js\"><\/script><\/p>\n<p><!-- Vida vertical --><ins class=\"adsbygoogle\" style=\"display: inline-block; width: 300px; height: 600px;\" data-ad-client=\"ca-pub-7450064428034605\" data-ad-slot=\"7296098777\"><\/ins> <script> (adsbygoogle = window.adsbygoogle || []).push({}); <\/script><\/p>\n<p>En <strong>Vida de Madrid<\/strong> hemos elaborado este reportaje sobre el aforo permitido en las gradas de los <strong>cuatro equipos madrile\u00f1os<\/strong> que se estrenan como local este domingo en<strong> Segunda B en la temporada 2020\/21<\/strong>. Para ello hemos hablado con los clubes y nos han informado de cada situaci\u00f3n.<\/p>\n<h3>Getafe \u00bbB\u00bb &#8211; Rayo Majadahonda<\/h3>\n<p>Este partido tendr\u00e1 lugar el <strong>18 de octubre a las 11:30 horas en la Ciudad Deportiva del Getafe<\/strong>. Desde el club azul\u00f3n nos informan que desde este <strong>mi\u00e9rcoles a las 12:00<\/strong> horas han habilitado un formulario en la web del equipo para que los abonados que desean asistir al encuentro del <strong>Getafe \u00bbB\u00bb<\/strong> lo puedan rellenar. Tambi\u00e9n nos han comunicado que el aforo m\u00e1ximo permitido ser\u00e1 de <strong>\u00bbmenos de 100 entradas\u00bb<\/strong>.<br>\n<\/p><blockquote class=\"twitter-tweet\">\n<p dir=\"ltr\" lang=\"es\">\u00a1Atenci\u00f3n, solo para abonados!<\/p>\n<p>\u00bfQuieres asistir este domingo al estreno de nuestro filial en la Ciudad Deportiva frente al <a href=\"https:\/\/twitter.com\/RMajadahonda?ref_src=twsrc%5Etfw\">@RMajadahonda<\/a>? \u26bd<\/p>\n<p>A partir de ma\u00f1ana a las 12h se abre el registro con plazas muy limitadas. \u00a1Estad muy atentos! ? <a href=\"https:\/\/t.co\/2AXsLQqBwC\">https:\/\/t.co\/2AXsLQqBwC<\/a> <a href=\"https:\/\/t.co\/2Xb04ifKso\">pic.twitter.com\/2Xb04ifKso<\/a><\/p>\n<p>\u2014 FE C.F. (@GetafeCF) <a href=\"https:\/\/twitter.com\/GetafeCF\/status\/1316039743646310402?ref_src=twsrc%5Etfw\">October 13, 2020<\/a><\/p><\/blockquote>\n<p><script async=\"\" src=\"https:\/\/platform.twitter.com\/widgets.js\" charset=\"utf-8\"><\/script><\/p>\n<h3>Atl\u00e9tico de Madrid \u00bbB\u00bb &#8211; Poblense<\/h3>\n<p>El partido entre el filial colchonero y el club balear tendr\u00e1 lugar el <strong>18 de octubre a las 12:00 horas en el Miniestadio Cerro del Espino<\/strong>. Desde el <strong>Atl\u00e9tico de Madrid<\/strong> nos informan que a d\u00eda de hoy \u00bbno se tiene constancia de que pueda acceder p\u00fablico a las gradas\u00bb, pero que \u00bbla situaci\u00f3n puede cambiar en los pr\u00f3ximos d\u00edas\u00bb. En caso contrario nos han comunicado que el club rojiblanco lo har\u00e1 publico a trav\u00e9s de sus perfiles en redes sociales.<\/p>\n<h3>Las Rozas CF &#8211; Real Madrid Castilla<\/h3>\n<p>Este partido tendr\u00e1 lugar el <strong>18 de octubre a las 12:00 horas en el Polideportivo Dehesa de Navalcarb\u00f3n.&nbsp;<\/strong>Aunque la capacidad del estadio de Las Rozas es de <strong>3000 personas<\/strong>, en el club nos han comunicado que el aforo m\u00e1ximo para este partido es de <strong>450 personas.<\/strong><\/p>\n<h3>UD San Sebasti\u00e1n de los Reyes &#8211; Navalcarnero<\/h3>\n<p>El partido entre el <strong>Sanse<\/strong> y el <strong>Naval<\/strong> se jugar\u00e1 el <strong>18 de octubre a las 12:00 horas en el Estadio Municipal Jos\u00e9 Luis de la Hoz \u2013 Matapi\u00f1onera.&nbsp;<\/strong>Tiene una capacidad de 3000 espectadores, pero tras hablar con el club nos han dicho que para este partido habilitar\u00e1n <strong>dos gradas<\/strong>, y en cada grada podr\u00e1n acceder como m\u00e1ximo 173 personas, lo que hace un total de <strong>346 personas.<\/strong><\/p>\n\n\n<figure class=\"wp-block-embed is-type-rich is-provider-vida-de-madrid\"><div class=\"wp-block-embed__wrapper\">\n<blockquote class=\"wp-embedded-content\" data-secret=\"8pKqK1aGfk\"><a href=\"https:\/\/www.vidademadrid.com\/es\/26015\/segundab-madrid-equipos-temporada-2020-21\/\">Segunda B en Madrid: equipos en la temporada 2020\/21<\/a><\/blockquote><iframe loading=\"lazy\" class=\"wp-embedded-content\" sandbox=\"allow-scripts\" security=\"restricted\" style=\"position: absolute; clip: rect(1px, 1px, 1px, 1px);\" title=\"&#171;Segunda B en Madrid: equipos en la temporada 2020\/21&#187; &#8212; Vida de Madrid\" src=\"https:\/\/www.vidademadrid.com\/es\/26015\/segundab-madrid-equipos-temporada-2020-21\/embed\/#?secret=8pKqK1aGfk\" data-secret=\"8pKqK1aGfk\" width=\"600\" height=\"338\" frameborder=\"0\" marginwidth=\"0\" marginheight=\"0\" scrolling=\"no\"><\/iframe>\n<\/div><\/figure>\n","protected":false},"excerpt":{"rendered":"<p>4 equipos madrile\u00f1os arrancan como local en la temporada 2020\/21.<\/p>\n","protected":false},"author":9,"featured_media":26054,"comment_status":"open","ping_status":"open","sticky":false,"template":"","format":"standard","meta":{"footnotes":""},"categories":[78,119],"tags":[76,60],"class_list":{"0":"post-26048","1":"post","2":"type-post","3":"status-publish","4":"format-standard","5":"has-post-thumbnail","7":"category-deporte","8":"category-portada","9":"tag-atletico-de-madrid","10":"tag-real-madrid"},"_links":{"self":[{"href":"https:\/\/www.vidademadrid.com\/es\/wp-json\/wp\/v2\/posts\/26048","targetHints":{"allow":["GET"]}}],"collection":[{"href":"https:\/\/www.vidademadrid.com\/es\/wp-json\/wp\/v2\/posts"}],"about":[{"href":"https:\/\/www.vidademadrid.com\/es\/wp-json\/wp\/v2\/types\/post"}],"author":[{"embeddable":true,"href":"https:\/\/www.vidademadrid.com\/es\/wp-json\/wp\/v2\/users\/9"}],"replies":[{"embeddable":true,"href":"https:\/\/www.vidademadrid.com\/es\/wp-json\/wp\/v2\/comments?post=26048"}],"version-history":[{"count":2,"href":"https:\/\/www.vidademadrid.com\/es\/wp-json\/wp\/v2\/posts\/26048\/revisions"}],"predecessor-version":[{"id":26067,"href":"https:\/\/www.vidademadrid.com\/es\/wp-json\/wp\/v2\/posts\/26048\/revisions\/26067"}],"wp:featuredmedia":[{"embeddable":true,"href":"https:\/\/www.vidademadrid.com\/es\/wp-json\/wp\/v2\/media\/26054"}],"wp:attachment":[{"href":"https:\/\/www.vidademadrid.com\/es\/wp-json\/wp\/v2\/media?parent=26048"}],"wp:term":[{"taxonomy":"category","embeddable":true,"href":"https:\/\/www.vidademadrid.com\/es\/wp-json\/wp\/v2\/categories?post=26048"},{"taxonomy":"post_tag","embeddable":true,"href":"https:\/\/www.vidademadrid.com\/es\/wp-json\/wp\/v2\/tags?post=26048"}],"curies":[{"name":"wp","href":"https:\/\/api.w.org\/{rel}","templated":true}]}}