{"id":2583,"date":"2016-03-18T17:19:34","date_gmt":"2016-03-18T16:19:34","guid":{"rendered":"http:\/\/www.vidademadrid.com\/es\/?p=2583"},"modified":"2016-03-18T17:31:58","modified_gmt":"2016-03-18T16:31:58","slug":"earth-hour-19-marzo-2016-madrid-programa","status":"publish","type":"post","link":"https:\/\/www.vidademadrid.com\/es\/2583\/earth-hour-19-marzo-2016-madrid-programa\/","title":{"rendered":"Earth Hour 2016 en Madrid: el programa de la Hora del Planeta en la Plaza de Oriente"},"content":{"rendered":"<p>Ma\u00f1ana, el s\u00e1bado 19 marzo 2016, <strong>Madrid<\/strong> tambi\u00e9n se une para celebrar el <strong>Earth Hour 2016<\/strong>: la Hora del Planeta.<\/p>\n<p>Es una campa\u00f1a de movilizaci\u00f3n ambiental organizada por WWF. Una hora simb\u00f3lica en la cual las luces en todo el mundo (como las de los monumentos m\u00e1s importantes) se apagan.<\/p>\n<blockquote><p>La Hora del Planeta nos recuerda cada a\u00f1o que un peque\u00f1o gesto como apagar la luz puede tener una gran repercusi\u00f3n. Ese es el mensaje, cada gesto cuenta y solo uniendo los peque\u00f1os cambios de millones de personas podremos construir un futuro basado en las energ\u00edas limpias y a favor del planeta. <\/p><\/blockquote>\n<p><strong>\u00bfQu\u00e9 pasa en Madrid?<\/strong> La Hora del Planeta es desde las 20.30 horas hasta las 21.30 (del 19 marzo 2016), los eventos principales ser\u00e1n en la <strong>Plaza de Oriente<\/strong>, con el <strong>Palacio Real<\/strong> como protagonista:<\/p>\n<blockquote><p>20.30- Apagado de edificios emblem\u00e1ticos de la Plaza de Oriente: La Almudena, Palacio Real de Madrid, luces de la Plaza, etc.<br \/>\n20.31- Coreograf\u00eda, espect\u00e1culo lum\u00ednico de Androides LED y juegos colectivos con energ\u00eda limpia.<br \/>\n21.30- Encendido de luces y fin del evento<\/p><\/blockquote>\n<p>El programa completo con todos los eventos en la Plaza de Oriente (desde las 18 horas), y m\u00e1s info, en la <strong><a href=\"http:\/\/www.horadelplaneta.es\/evento\">web oficial<\/a><\/strong>.<\/p>\n<p><script async src=\"\/\/pagead2.googlesyndication.com\/pagead\/js\/adsbygoogle.js\"><\/script> <!-- Vida 1 --> <ins class=\"adsbygoogle\" style=\"display:block\" data-ad-client=\"ca-pub-7450064428034605\" data-ad-slot=\"2284573579\" data-ad-format=\"auto\"><\/ins> <script> (adsbygoogle = window.adsbygoogle || []).push({}); <\/script> <\/p>\n<p>Y no es todo, por qu\u00e9 tambi\u00e9n la la <strong>fuente de Cibeles, la fachada del Palacio de Cibeles, la Puerta de Alcal\u00e1<\/strong> se apagar\u00e1n desde las 20.30 hasta las 21.30.<\/p>\n<p>Para saber m\u00e1s sobre la campa\u00f1a de WWF, apuntarse, etc: <a href=\"http:\/\/www.horadelplaneta.es\/\" target=\"_blank\">www.horadelplaneta.es<\/a>.<\/p>\n<p><script async src=\"\/\/pagead2.googlesyndication.com\/pagead\/js\/adsbygoogle.js\"><\/script> <!-- Vida 2 --> <ins class=\"adsbygoogle\" style=\"display:inline-block;width:336px;height:280px\" data-ad-client=\"ca-pub-7450064428034605\" data-ad-slot=\"9336835571\"><\/ins> <script> (adsbygoogle = window.adsbygoogle || []).push({}); <\/script> <\/p>\n","protected":false},"excerpt":{"rendered":"<p>El s\u00e1bado a las 20.30 con espect\u00e1culo principal en la Plaza de Oriente <\/p>\n","protected":false},"author":1,"featured_media":2584,"comment_status":"open","ping_status":"open","sticky":false,"template":"","format":"standard","meta":{"footnotes":""},"categories":[11],"tags":[8],"class_list":{"0":"post-2583","1":"post","2":"type-post","3":"status-publish","4":"format-standard","5":"has-post-thumbnail","7":"category-eventos-madrid","8":"tag-centro-de-madrid"},"_links":{"self":[{"href":"https:\/\/www.vidademadrid.com\/es\/wp-json\/wp\/v2\/posts\/2583","targetHints":{"allow":["GET"]}}],"collection":[{"href":"https:\/\/www.vidademadrid.com\/es\/wp-json\/wp\/v2\/posts"}],"about":[{"href":"https:\/\/www.vidademadrid.com\/es\/wp-json\/wp\/v2\/types\/post"}],"author":[{"embeddable":true,"href":"https:\/\/www.vidademadrid.com\/es\/wp-json\/wp\/v2\/users\/1"}],"replies":[{"embeddable":true,"href":"https:\/\/www.vidademadrid.com\/es\/wp-json\/wp\/v2\/comments?post=2583"}],"version-history":[{"count":9,"href":"https:\/\/www.vidademadrid.com\/es\/wp-json\/wp\/v2\/posts\/2583\/revisions"}],"predecessor-version":[{"id":2593,"href":"https:\/\/www.vidademadrid.com\/es\/wp-json\/wp\/v2\/posts\/2583\/revisions\/2593"}],"wp:featuredmedia":[{"embeddable":true,"href":"https:\/\/www.vidademadrid.com\/es\/wp-json\/wp\/v2\/media\/2584"}],"wp:attachment":[{"href":"https:\/\/www.vidademadrid.com\/es\/wp-json\/wp\/v2\/media?parent=2583"}],"wp:term":[{"taxonomy":"category","embeddable":true,"href":"https:\/\/www.vidademadrid.com\/es\/wp-json\/wp\/v2\/categories?post=2583"},{"taxonomy":"post_tag","embeddable":true,"href":"https:\/\/www.vidademadrid.com\/es\/wp-json\/wp\/v2\/tags?post=2583"}],"curies":[{"name":"wp","href":"https:\/\/api.w.org\/{rel}","templated":true}]}}