{"id":25728,"date":"2020-10-05T11:50:57","date_gmt":"2020-10-05T09:50:57","guid":{"rendered":"https:\/\/www.vidademadrid.com\/es\/?p=25728"},"modified":"2020-10-05T12:34:08","modified_gmt":"2020-10-05T10:34:08","slug":"miercoles-reabrira-trafico-principe-vergara-interseccion-francisco-silvela","status":"publish","type":"post","link":"https:\/\/www.vidademadrid.com\/es\/25728\/miercoles-reabrira-trafico-principe-vergara-interseccion-francisco-silvela\/","title":{"rendered":"El mi\u00e9rcoles se reabrir\u00e1 el tr\u00e1fico de la calle Pr\u00edncipe de Vergara en su intersecci\u00f3n con Francisco Silvela"},"content":{"rendered":"<p>El pr\u00f3ximo mi\u00e9rcoles, <strong>7 de octubre<\/strong>, se reabrir\u00e1 el<strong> tr\u00e1fico<\/strong> la <strong>calle Pr\u00edncipe de Vergara<\/strong> en su intersecci\u00f3n con <strong>Francisco Silvela. <\/strong>Se encontraba cerrado desde el <strong>10 de julio<\/strong> por un puente que ten\u00eda riesgo de derrumbe.<\/p>\n<p><script async=\"\" src=\"\/\/pagead2.googlesyndication.com\/pagead\/js\/adsbygoogle.js\"><\/script> <!-- Vida 1 --> <ins class=\"adsbygoogle\" style=\"display:block\" data-ad-client=\"ca-pub-7450064428034605\" data-ad-slot=\"2284573579\" data-ad-format=\"auto\"><\/ins> <script> (adsbygoogle = window.adsbygoogle || []).push({}); <\/script><\/p>\n<h2>El mi\u00e9rcoles se reabrir\u00e1 el tr\u00e1fico de la calle Pr\u00edncipe de Vergara en su intersecci\u00f3n con Francisco Silvela<\/h2>\n<p><script async=\"\" src=\"\/\/pagead2.googlesyndication.com\/pagead\/js\/adsbygoogle.js\"><\/script> <!-- Vida 2 --> <ins class=\"adsbygoogle\" style=\"display:inline-block;width:336px;height:280px\" data-ad-client=\"ca-pub-7450064428034605\" data-ad-slot=\"9336835571\"><\/ins> <script> (adsbygoogle = window.adsbygoogle || []).push({}); <\/script>Desde el pasado <strong>10 de julio<\/strong>, el tr\u00e1fico en la <strong>calle Pr\u00edncipe de Vergara<\/strong> en su intersecci\u00f3n con <strong>Francisco Silvela<\/strong> se encontraba cerrado por el riesgo de derrumbe del viaducto de <strong>Joaqu\u00edn Costa<\/strong>. Tras estar las labores de desmontaje en su fase final, el <strong>Ayuntamiento de Madrid<\/strong> ha ordenador que a a partir del mi\u00e9rcoles,<strong> 7 de octubre<\/strong>, se reabra el tr\u00e1fico en ese tramo.<\/p>\n<p>A partir de este mi\u00e9rcoles, tambi\u00e9n se suprimir\u00e1 el giro a la izquierda desde Pr\u00edncipe de Vergara (sentido norte) hacia la <strong>calle Pedro de Valdivia<\/strong>, que fue permitido provisionalmente y que ahora deja de ser necesario porque se podr\u00e1 volver a acceder a Pedro de Valdivia desde Pr\u00edncipe de Vergara viniendo desde el norte.<\/p>\n<h2>Se recupera el itinerario de 5 l\u00edneas de transporte de la EMT<\/h2>\n<p><script async=\"\" src=\"\/\/pagead2.googlesyndication.com\/pagead\/js\/adsbygoogle.js\"><\/script> <!-- Vida vertical --> <ins class=\"adsbygoogle\" style=\"display:inline-block;width:300px;height:600px\" data-ad-client=\"ca-pub-7450064428034605\" data-ad-slot=\"7296098777\"><\/ins> <script> (adsbygoogle = window.adsbygoogle || []).push({}); <\/script>Esta reapertura al tr\u00e1fico supondr\u00e1 la recuperaci\u00f3n del itinerario habitual de <strong>cinco l\u00edneas de la EMT.<\/strong> Se trata de las <strong>l\u00edneas 29<\/strong> (Felipe II-Manoteras), <strong>52<\/strong> (Sol\/Sevilla-Santamarca), <strong>72<\/strong> (Diego de Le\u00f3n-Hortaleza), <strong>73<\/strong> (Diego de Le\u00f3n-Feria de Madrid) y <strong>N2<\/strong> (Cibeles-Valdebebas). Permanecen <strong>desviadas las l\u00edneas 9<\/strong> (Sevilla-Hortaleza), <strong>C1<\/strong> (glorieta de Cuatro Caminos-Atocha-glorieta de Embajadores) y <strong>C2<\/strong> (glorieta de Cuatro Caminos-glorieta de Embajadores-Atocha).<\/p>\n","protected":false},"excerpt":{"rendered":"<p>Se encontraba cerrado por un puente que ten\u00eda riesgo de derrumbe.<\/p>\n","protected":false},"author":9,"featured_media":25729,"comment_status":"open","ping_status":"open","sticky":false,"template":"","format":"standard","meta":{"footnotes":""},"categories":[12,23],"tags":[72],"class_list":{"0":"post-25728","1":"post","2":"type-post","3":"status-publish","4":"format-standard","5":"has-post-thumbnail","7":"category-actualidad-noticias-madrid","8":"category-transportes-huelgas-madrid","9":"tag-emt-madrid"},"_links":{"self":[{"href":"https:\/\/www.vidademadrid.com\/es\/wp-json\/wp\/v2\/posts\/25728","targetHints":{"allow":["GET"]}}],"collection":[{"href":"https:\/\/www.vidademadrid.com\/es\/wp-json\/wp\/v2\/posts"}],"about":[{"href":"https:\/\/www.vidademadrid.com\/es\/wp-json\/wp\/v2\/types\/post"}],"author":[{"embeddable":true,"href":"https:\/\/www.vidademadrid.com\/es\/wp-json\/wp\/v2\/users\/9"}],"replies":[{"embeddable":true,"href":"https:\/\/www.vidademadrid.com\/es\/wp-json\/wp\/v2\/comments?post=25728"}],"version-history":[{"count":2,"href":"https:\/\/www.vidademadrid.com\/es\/wp-json\/wp\/v2\/posts\/25728\/revisions"}],"predecessor-version":[{"id":25731,"href":"https:\/\/www.vidademadrid.com\/es\/wp-json\/wp\/v2\/posts\/25728\/revisions\/25731"}],"wp:featuredmedia":[{"embeddable":true,"href":"https:\/\/www.vidademadrid.com\/es\/wp-json\/wp\/v2\/media\/25729"}],"wp:attachment":[{"href":"https:\/\/www.vidademadrid.com\/es\/wp-json\/wp\/v2\/media?parent=25728"}],"wp:term":[{"taxonomy":"category","embeddable":true,"href":"https:\/\/www.vidademadrid.com\/es\/wp-json\/wp\/v2\/categories?post=25728"},{"taxonomy":"post_tag","embeddable":true,"href":"https:\/\/www.vidademadrid.com\/es\/wp-json\/wp\/v2\/tags?post=25728"}],"curies":[{"name":"wp","href":"https:\/\/api.w.org\/{rel}","templated":true}]}}