{"id":25646,"date":"2020-10-02T12:10:04","date_gmt":"2020-10-02T10:10:04","guid":{"rendered":"https:\/\/www.vidademadrid.com\/es\/?p=25646"},"modified":"2020-10-02T17:42:06","modified_gmt":"2020-10-02T15:42:06","slug":"cuando-cierran-madrid-capital-hora-de-cierre-informacion-actualizada","status":"publish","type":"post","link":"https:\/\/www.vidademadrid.com\/es\/25646\/cuando-cierran-madrid-capital-hora-de-cierre-informacion-actualizada\/","title":{"rendered":"\u00bfCu\u00e1ndo cierran Madrid capital? Hora de cierre, informaci\u00f3n actualizada"},"content":{"rendered":"\n\n<p>En el d\u00eda de hoy, 2 de octubre 2020, la Comunidad de Madrid ha publicado en su Bolet\u00edn la Orden sobre el cierre de los municipios afectados por las nuevas medidas. <strong>\u00bfCu\u00e1ndo cierran Madrid capital? La hora de cierre<\/strong>, informaci\u00f3n actualizada en este art\u00edculo.<\/p>\n\n\n<script async=\"\" src=\"https:\/\/pagead2.googlesyndication.com\/pagead\/js\/adsbygoogle.js\"><\/script> <ins class=\"adsbygoogle\" style=\"display:block\" data-ad-format=\"fluid\" data-ad-layout-key=\"-7f+eo+1+2-5\" data-ad-client=\"ca-pub-7450064428034605\" data-ad-slot=\"7327027071\"><\/ins><script>(adsbygoogle = window.adsbygoogle || []).push({});<\/script>\n\n\n<h2>\u00bfCu\u00e1ndo cierran Madrid capital? Hora de cierre<\/h2>\n<p><script async=\"\" src=\"https:\/\/pagead2.googlesyndication.com\/pagead\/js\/adsbygoogle.js\"><\/script> <ins class=\"adsbygoogle\" style=\"display: block; text-align: center;\" data-ad-layout=\"in-article\" data-ad-format=\"fluid\" data-ad-client=\"ca-pub-7450064428034605\" data-ad-slot=\"5670045061\"><\/ins> <script>(adsbygoogle = window.adsbygoogle || []).push({});<\/script><\/p>\n<p><strong><span style=\"color: #ff0000;\">ACTUALIZADO 15.30 h &#8211; Ya est\u00e1 publicada la Orden en el BOCM: entra en vigor a las 22.00 h del 2 de octubre 2020. <a href=\"https:\/\/www.vidademadrid.com\/es\/25688\/bocm-240-del-2-octubre-sobre-cierre-de-madrid-y-mas-medidas-texto-oficial\/\">Pincha para leer todo.<\/a><\/span> V\u00eddeo: Nuevas medidas.<\/strong><\/p>\n\n<script data-wid=\"auto\" type=\"text\/javascript\" src=\"https:\/\/content.viralize.tv\/display\/?zid=AADiaHd5cH72qFIl&#038;cid=AAaZo7CbyoYLxYA8&#038;activation=adfill&#038;vip_mode=playing&#038;vip_position=bottom-right\"><\/script>\n\n\n<p><strong>\u00bfQu\u00e9 cambia en las Zonas B\u00e1sicas de Salud confinadas hasta hoy?<\/strong> Algunas siguen confinadas, otras no. <a href=\"https:\/\/www.vidademadrid.com\/es\/25695\/barrios-confinados-los-cambios-a-partir-del-2-de-octubre-en-las-zonas-basicas-de-salud\/\"><strong>Lee todo aqu\u00ed.<\/strong><\/a><\/p>\n<p>\u00a0<\/p>\n<p><script async=\"\" src=\"https:\/\/pagead2.googlesyndication.com\/pagead\/js\/adsbygoogle.js\"><\/script> <!-- Vertical2020 --><ins class=\"adsbygoogle\" style=\"display: block;\" data-ad-client=\"ca-pub-7450064428034605\" data-ad-slot=\"4377430105\" data-ad-format=\"auto\" data-full-width-responsive=\"true\"><\/ins><script>(adsbygoogle = window.adsbygoogle || []).push({});<\/script><\/p>\n<p>Actualizado 12.00 h &#8211;<\/p>\n<p>Como estamos contando hoy en <a href=\"https:\/\/www.vidademadrid.com\/es\/25634\/medidas-y-cierre-madrid-octubre-2020-directo-con-noticias-oficiales\/\">nuestro especial informativo en directo<\/a>, <strong>hoy se cumple el plazo de 48 horas<\/strong> para publicar las medidas restrictivas en la Comunidad de Madrid, que afectan a Madrid capital y 9 municipios m\u00e1s de la regi\u00f3n.<\/p>\n<p>La notificaci\u00f3n de la resoluci\u00f3n fue enviada por el Ministerio de Sanidad a la Comunidad de Madrid el mi\u00e9rcoles a las 22.48 horas. El plazo fijado para la publicaci\u00f3n en el Bolet\u00edn Oficial de la Comunidad es de 48 horas, es decir que el limite m\u00e1ximo para la publicaci\u00f3n es <strong>a las 22.48 horas de hoy, viernes 2 de octubre<\/strong>. Se espera la publicaci\u00f3n hoy por la tarde.<\/p>\n<p>Los <strong>detalles de las medidas y la hora de aplicaci\u00f3n<\/strong> estar\u00e1n indicadas en el BOCM que saldr\u00e1 hoy. A falta de informaci\u00f3n oficial, es previsible prensar que la hora de cierre de Madrid capital ser\u00e1 a las 24.00 h de esta noche. <a href=\"https:\/\/www.vidademadrid.com\/es\/25646\/cuando-cierran-madrid-capital-hora-de-cierre-informacion-actualizada\/\">Consulta durante el d\u00eda este art\u00edculo<\/a> y <a href=\"https:\/\/www.vidademadrid.com\/es\/25634\/medidas-y-cierre-madrid-octubre-2020-directo-con-noticias-oficiales\/\">nuestro directo<\/a> para conocer en tiempo real cu\u00e1ndo cierran Madrid capital, con la hora de cierre y toda la informaci\u00f3n actualizada.<\/p>\n<p>\u00a0<\/p>","protected":false},"excerpt":{"rendered":"<p>Se espera hoy la publicaci\u00f3n de la Orden en el BOCM<\/p>\n","protected":false},"author":1,"featured_media":25647,"comment_status":"open","ping_status":"open","sticky":false,"template":"","format":"standard","meta":{"footnotes":""},"categories":[1],"tags":[54],"class_list":{"0":"post-25646","1":"post","2":"type-post","3":"status-publish","4":"format-standard","5":"has-post-thumbnail","7":"category-varios","8":"tag-coronavirus"},"_links":{"self":[{"href":"https:\/\/www.vidademadrid.com\/es\/wp-json\/wp\/v2\/posts\/25646","targetHints":{"allow":["GET"]}}],"collection":[{"href":"https:\/\/www.vidademadrid.com\/es\/wp-json\/wp\/v2\/posts"}],"about":[{"href":"https:\/\/www.vidademadrid.com\/es\/wp-json\/wp\/v2\/types\/post"}],"author":[{"embeddable":true,"href":"https:\/\/www.vidademadrid.com\/es\/wp-json\/wp\/v2\/users\/1"}],"replies":[{"embeddable":true,"href":"https:\/\/www.vidademadrid.com\/es\/wp-json\/wp\/v2\/comments?post=25646"}],"version-history":[{"count":7,"href":"https:\/\/www.vidademadrid.com\/es\/wp-json\/wp\/v2\/posts\/25646\/revisions"}],"predecessor-version":[{"id":25712,"href":"https:\/\/www.vidademadrid.com\/es\/wp-json\/wp\/v2\/posts\/25646\/revisions\/25712"}],"wp:featuredmedia":[{"embeddable":true,"href":"https:\/\/www.vidademadrid.com\/es\/wp-json\/wp\/v2\/media\/25647"}],"wp:attachment":[{"href":"https:\/\/www.vidademadrid.com\/es\/wp-json\/wp\/v2\/media?parent=25646"}],"wp:term":[{"taxonomy":"category","embeddable":true,"href":"https:\/\/www.vidademadrid.com\/es\/wp-json\/wp\/v2\/categories?post=25646"},{"taxonomy":"post_tag","embeddable":true,"href":"https:\/\/www.vidademadrid.com\/es\/wp-json\/wp\/v2\/tags?post=25646"}],"curies":[{"name":"wp","href":"https:\/\/api.w.org\/{rel}","templated":true}]}}