{"id":25576,"date":"2020-09-30T19:55:23","date_gmt":"2020-09-30T17:55:23","guid":{"rendered":"https:\/\/www.vidademadrid.com\/es\/?p=25576"},"modified":"2020-10-01T16:59:37","modified_gmt":"2020-10-01T14:59:37","slug":"video-illa-anuncia-una-orden-con-restricciones-en-10-municipios-de-madrid","status":"publish","type":"post","link":"https:\/\/www.vidademadrid.com\/es\/25576\/video-illa-anuncia-una-orden-con-restricciones-en-10-municipios-de-madrid\/","title":{"rendered":"V\u00eddeo: Illa anuncia una Orden con restricciones en Madrid y en todos los municipios que cumplan los 4 criterios"},"content":{"rendered":"\n<script data-wid=\"auto\" type=\"text\/javascript\" src=\"https:\/\/content.viralize.tv\/display\/?zid=AADiaHd5cH72qFIl&amp;cid=AAaXCR4IZ_snppc5&amp;activation=adfill&amp;vip_mode=playing&amp;vip_position=bottom-right\"><\/script>\n\n\n<p>El ministro Salvador Illa ha anunciado que el Ministerio de Sanidad y las Comunidades Aut\u00f3nomas han acordado esta tarde, en el seno del Consejo Interterritorial del SNS, <strong>nuevas actuaciones coordinadas en salud p\u00fablica ante el covid-19<\/strong>.<\/p>\n<p><script async=\"\" src=\"https:\/\/pagead2.googlesyndication.com\/pagead\/js\/adsbygoogle.js\"><\/script> <ins class=\"adsbygoogle\" style=\"display: block; text-align: center;\" data-ad-layout=\"in-article\" data-ad-format=\"fluid\" data-ad-client=\"ca-pub-7450064428034605\" data-ad-slot=\"5670045061\"><\/ins> <script>(adsbygoogle = window.adsbygoogle || []).push({});<\/script><\/p>\n<p>El acuerdo, con la votaci\u00f3n en contra de la Comunidad de Madrid, afecta <strong>a los municipios con m\u00e1s de 100 mil habitantes que cumplan los 3 criterios<\/strong> anunciados ayer y acordados hoy (500 casos o m\u00e1s por 100.000 habitantes en 14 d\u00edas; Positividad en pruebas realizadas en las 2 semanas previas superior al 10%; Ocupaci\u00f3n en UCI por pacientes COVID19 mayor al 35%).<\/p>\n<p><strong>Los municipios afectados son Madrid, M\u00f3stoles, Alcal\u00e1 de Henares, Fuenlabrada, Legan\u00e9s, Getafe, Alcorc\u00f3n, Torrej\u00f3n de Ardoz, Parla y Alcobendas<\/strong>.<\/p>\n<p>A continuaci\u00f3n <strong>las nuevas medidas<\/strong> para los municipios afectados, que ser\u00e1n publicadas en el BOE en los pr\u00f3ximos d\u00edas:<\/p>\n<ul>\n<li style=\"list-style-type: none;\">\n<ul>\n<li><strong>Se restringir\u00e1 la entrada y salida de personas de los municipios afectados<\/strong>, salvo para aquellos desplazamientos, adecuadamente justificados, que se produzcan por asistencia a centros, servicios y establecimientos sanitarios, cumplimiento de obligaciones laborales, profesionales, empresariales o legales, asistencia a centros universitarios, docentes y educativos, incluidas las escuelas de educaci\u00f3n infantil y asistencia y cuidado a mayores, menores, dependientes, personas con discapacidad o personas especialmente vulnerables, entre otros. Se permitir\u00e1 la circulaci\u00f3n por carreteras y viales que transcurran o atraviesen estos municipios siempre y cuando tenga origen y destino fuera de los mismos. Y, las personas residentes podr\u00e1n circular dentro de los municipios afectados, siempre respetando las medidas de protecci\u00f3n individual y colectiva establecidas por las autoridades sanitarias competentes.<\/li>\n<li>La participaci\u00f3n en <strong>agrupaciones de personas<\/strong> para el desarrollo de cualquier actividad o evento de car\u00e1cter familiar o social, tanto en la v\u00eda p\u00fablica como en espacios p\u00fablicos y privados, se reducir\u00e1 a un n\u00famero m\u00e1ximo de seis personas, salvo que se trate de convivientes, y excepto en el caso de actividades laborales e institucionales o en el de actividades en que se establezcan l\u00edmites o medidas espec\u00edficas.<\/li>\n<\/ul>\n<\/li>\n<\/ul>\n<p><script async=\"\" src=\"\/\/pagead2.googlesyndication.com\/pagead\/js\/adsbygoogle.js\"><\/script><\/p>\n<ul>\n<li style=\"list-style-type: none;\">\n<ul><!-- Vida vertical --><\/ul>\n<\/li>\n<\/ul>\n<p><ins class=\"adsbygoogle\" style=\"display: inline-block; width: 300px; height: 600px;\" data-ad-client=\"ca-pub-7450064428034605\" data-ad-slot=\"7296098777\"><\/ins><script> (adsbygoogle = window.adsbygoogle || []).push({}); <\/script><\/p>\n<ul>\n<li>\n<p>Los establecimientos de <strong>hosteler\u00eda y restauraci\u00f3n<\/strong> y de juegos y apuestas tendr\u00e1n tambi\u00e9n un aforo m\u00e1ximo del 50 por ciento en espacios interiores y del 60 por ciento en espacios exteriores. El consumo en barra no estar\u00e1 permitido. Y, las mesas o agrupaciones de mesas deber\u00e1n guardar una distancia de, al menos, 1,5 metros respecto a las sillas asignadas a las dem\u00e1s mesas o agrupaciones de mesas. La ocupaci\u00f3n m\u00e1xima de personas por mesa o agrupaci\u00f3n de mesas ser\u00e1 de seis.\u00a0No podr\u00e1n admitirse nuevos clientes a partir de las 22:00 horas y la hora de cierre no podr\u00e1 superar las 23:00 horas, a excepci\u00f3n de los servicios de entrega de comida a domicilio.<\/p>\n<\/li>\n<li>En el caso de los <strong>establecimientos, locales comerciales y servicios abiertos al p\u00fablico<\/strong> el aforo m\u00e1ximo ser\u00e1 del cincuenta por ciento y la hora de cierre no podr\u00e1 superar las 22:00 horas, salvo las excepciones que se prevean.<\/li>\n<li>\n<p>Se ha establecido un aforo m\u00e1ximo, distancia y horario para determinados \u00e1mbitos como los <strong>lugares de culto<\/strong>. En ellos dicho aforo m\u00e1ximo ser\u00e1 de un tercio y se deber\u00e1 garantizar siempre la distancia m\u00ednima interpersonal de 1,5 metros.<\/p>\n<\/li>\n<li>\n<p>Las<strong> academias, autoescuelas y centros privados de ense\u00f1anzas no regladas y centros de formaci\u00f3n<\/strong> no incluidos en el \u00e1mbito de aplicaci\u00f3n del art\u00edculo 9 del Real Decreto Ley 21\/2020, de 9 de junio, el aforo m\u00e1ximo ser\u00e1 del cincuenta por ciento.<\/p>\n<\/li>\n<li>\n<p>En las <strong>instalaciones deportivas<\/strong>, tanto al aire libre como de interior el aforo m\u00e1ximo ser\u00e1 tambi\u00e9n del cincuenta por ciento en espacios interiores y del sesenta en exteriores y la pr\u00e1ctica deportiva en grupos se reducir\u00e1 a un m\u00e1ximo de seis personas.\u00a0En las <strong>competiciones oficiales<\/strong> de \u00e1mbito estatal y car\u00e1cter no profesional y las competiciones internacionales que est\u00e9n bajo la tutela organizativa de las Federaciones deportivas espa\u00f1olas que se desarrollen en los municipios previstos en el apartado 1.1, ser\u00e1 de aplicaci\u00f3n el Protocolo de actuaci\u00f3n para la vuelta de competiciones oficiales de \u00e1mbito estatal y car\u00e1cter no profesional en la temporada 2020\/2021, elaborado por el Consejo Superior de Deportes.<\/p>\n<\/li>\n<li>\n<p>En los <strong>velatorios<\/strong> el aforo m\u00e1ximo ser\u00e1 de quince personas en espacios al aire libre o diez en espacios cerrados, sean o no convivientes. Y, la participaci\u00f3n en la comitiva para el enterramiento o despedida para la cremaci\u00f3n de la persona fallecida se restringir\u00e1 a un m\u00e1ximo de quince personas<\/p>\n<\/li>\n<li>En el apartado de <strong>recomendaciones<\/strong> el acuerdo establece que deber\u00e1 evitarse todo movimiento o desplazamiento innecesario en los municipios que tienen que aplicar estas medidas. Asimismo, tambi\u00e9n se considera conveniente que las CCAA aprueben planes especiales en municipios menores de 100.000 habitantes con una elevada incidencia acumulada de nuevos casos.<\/li>\n<li>Las comunidades aut\u00f3nomas con municipios en los que concurran las circunstancias enumeradas para aplicar estas medidas deber\u00e1n reforzar sus capacidades para la detecci\u00f3n precoz y el control de la enfermedad, as\u00ed como en el \u00e1mbito de la atenci\u00f3n sanitaria, de acuerdo a lo establecido en el Plan de respuesta temprana en un escenario de control de la pandemia por la COVID-19.<\/li>\n<\/ul>\n<p><script async=\"\" src=\"https:\/\/pagead2.googlesyndication.com\/pagead\/js\/adsbygoogle.js\"><\/script><\/p>\n<p><!-- Vertical2020 --><\/p>\n<p><ins class=\"adsbygoogle\" style=\"display: block;\" data-ad-client=\"ca-pub-7450064428034605\" data-ad-slot=\"4377430105\" data-ad-format=\"auto\" data-full-width-responsive=\"true\"><\/ins><script>(adsbygoogle = window.adsbygoogle || []).push({});<\/script><\/p>\n<p><strong>Actualizaci\u00f3n 21.30 h:<\/strong> Enrique Ruiz Escudero, consejero de Sanidad de la Comunidad de Madrid, declara en una comparecencia que no aceptar\u00e1 esta medida porque \u00abno ha sido aprobada por consenso y, por lo tanto, jur\u00eddicamente no es v\u00e1lida\u00bb.<\/p>","protected":false},"excerpt":{"rendered":"<p>Las medidas que ser\u00e1n publicadas en una Orden en el BOE y entrar\u00e1n en vigor en los pr\u00f3ximos d\u00edas en Madrid y 9 m\u00e1s municipios de la Comunidad<\/p>\n","protected":false},"author":1,"featured_media":25577,"comment_status":"open","ping_status":"open","sticky":false,"template":"","format":"standard","meta":{"footnotes":""},"categories":[12,119],"tags":[54],"class_list":{"0":"post-25576","1":"post","2":"type-post","3":"status-publish","4":"format-standard","5":"has-post-thumbnail","7":"category-actualidad-noticias-madrid","8":"category-portada","9":"tag-coronavirus"},"_links":{"self":[{"href":"https:\/\/www.vidademadrid.com\/es\/wp-json\/wp\/v2\/posts\/25576","targetHints":{"allow":["GET"]}}],"collection":[{"href":"https:\/\/www.vidademadrid.com\/es\/wp-json\/wp\/v2\/posts"}],"about":[{"href":"https:\/\/www.vidademadrid.com\/es\/wp-json\/wp\/v2\/types\/post"}],"author":[{"embeddable":true,"href":"https:\/\/www.vidademadrid.com\/es\/wp-json\/wp\/v2\/users\/1"}],"replies":[{"embeddable":true,"href":"https:\/\/www.vidademadrid.com\/es\/wp-json\/wp\/v2\/comments?post=25576"}],"version-history":[{"count":10,"href":"https:\/\/www.vidademadrid.com\/es\/wp-json\/wp\/v2\/posts\/25576\/revisions"}],"predecessor-version":[{"id":25588,"href":"https:\/\/www.vidademadrid.com\/es\/wp-json\/wp\/v2\/posts\/25576\/revisions\/25588"}],"wp:featuredmedia":[{"embeddable":true,"href":"https:\/\/www.vidademadrid.com\/es\/wp-json\/wp\/v2\/media\/25577"}],"wp:attachment":[{"href":"https:\/\/www.vidademadrid.com\/es\/wp-json\/wp\/v2\/media?parent=25576"}],"wp:term":[{"taxonomy":"category","embeddable":true,"href":"https:\/\/www.vidademadrid.com\/es\/wp-json\/wp\/v2\/categories?post=25576"},{"taxonomy":"post_tag","embeddable":true,"href":"https:\/\/www.vidademadrid.com\/es\/wp-json\/wp\/v2\/tags?post=25576"}],"curies":[{"name":"wp","href":"https:\/\/api.w.org\/{rel}","templated":true}]}}