{"id":24892,"date":"2020-09-17T21:00:03","date_gmt":"2020-09-17T19:00:03","guid":{"rendered":"https:\/\/www.vidademadrid.com\/es\/?p=24892"},"modified":"2020-09-18T11:27:03","modified_gmt":"2020-09-18T09:27:03","slug":"la-valla-personajes-sector-2-actores-quien-es-quien","status":"publish","type":"post","link":"https:\/\/www.vidademadrid.com\/es\/24892\/la-valla-personajes-sector-2-actores-quien-es-quien\/","title":{"rendered":"\u2018La valla\u2019: Personajes del Sector 2. \u00bfQui\u00e9n es qui\u00e9n?"},"content":{"rendered":"<p>Esta noche llega a <strong>Antena 3<\/strong> el segundo cap\u00edtulo de \u2018<strong><a href=\"https:\/\/www.vidademadrid.com\/es\/24719\/la-valla-serie-netflix-antena-3-madrid-futurista-y-distopico\/\">La Valla<\/a>\u2019<\/strong>, la nueva serie de la cadena que caus\u00f3 sensaci\u00f3n durante su estreno la semana pasada con un 15,3% de share y dos millones de espectadores. Hoy conocemos a todos los personajes del <strong>Sector 2<\/strong>, <strong>el del resto<\/strong>. \u00bf<strong>Qui\u00e9n es qui\u00e9n<\/strong>?<\/p>\n<p><script async=\"\" src=\"https:\/\/pagead2.googlesyndication.com\/pagead\/js\/adsbygoogle.js\"><\/script> <ins class=\"adsbygoogle\" style=\"display: block; text-align: center;\" data-ad-layout=\"in-article\" data-ad-format=\"fluid\" data-ad-client=\"ca-pub-7450064428034605\" data-ad-slot=\"5670045061\"><\/ins> <script>(adsbygoogle = window.adsbygoogle || []).push({});<\/script><\/p>\n<h2>\u2018La valla\u2019: Personajes Sector 2<\/h2>\n<p><script async=\"\" src=\"https:\/\/pagead2.googlesyndication.com\/pagead\/js\/adsbygoogle.js\"><\/script> <ins class=\"adsbygoogle\" style=\"display: block;\" data-ad-format=\"fluid\" data-ad-layout-key=\"-7f+eo+1+2-5\" data-ad-client=\"ca-pub-7450064428034605\" data-ad-slot=\"7327027071\"><\/ins><script>(adsbygoogle = window.adsbygoogle || []).push({});<\/script><\/p>\n<p><strong>Olivia Molina es Julia P\u00e9rez<\/strong><\/p>\n<p><strong>Hermana gemela de Sara<\/strong> (fallecida a causa del virus), cu\u00f1ada de Hugo y t\u00eda de Marta, representa <strong>la rebeld\u00eda contra el sistema<\/strong>. Defiende a su familia y se convertir\u00e1 en una hero\u00edna que luchar\u00e1 por liberar al pueblo de la tiran\u00eda.<\/p>\n\n\n<div class=\"wp-block-image\"><figure class=\"aligncenter is-resized\"><img loading=\"lazy\" decoding=\"async\" src=\"https:\/\/www.vidademadrid.com\/es\/wp-content\/uploads\/2020\/09\/Julia-P\u00e9rez.png\" alt=\"\" class=\"wp-image-24894\" width=\"460\" height=\"289\" srcset=\"https:\/\/www.vidademadrid.com\/es\/wp-content\/uploads\/2020\/09\/Julia-P\u00e9rez.png 690w, https:\/\/www.vidademadrid.com\/es\/wp-content\/uploads\/2020\/09\/Julia-P\u00e9rez-300x189.png 300w, https:\/\/www.vidademadrid.com\/es\/wp-content\/uploads\/2020\/09\/Julia-P\u00e9rez-668x420.png 668w\" sizes=\"auto, (max-width: 460px) 100vw, 460px\" \/><figcaption>Julia P\u00e9rez. Foto: antena3.com<\/figcaption><\/figure><\/div>\n\n\n<p><strong>Olivia Molina es tambi\u00e9n Sara P\u00e9rez<\/strong><\/p>\n<p>Es la <strong>hermana gemela de Julia<\/strong>. Antes de perder la vida en Asturias tras haber contra\u00eddo el virus, Sara estaba felizmente casada con Hugo y disfrutaba mucho de la familia que hab\u00edan formado junto a Marta. Julia se har\u00e1 pasar por su hermana para conseguir un importante trabajo que les llevar\u00e1 hasta lo m\u00e1s importante.<\/p>\n\n\n<div class=\"wp-block-image\"><figure class=\"aligncenter is-resized\"><img loading=\"lazy\" decoding=\"async\" src=\"https:\/\/www.vidademadrid.com\/es\/wp-content\/uploads\/2020\/09\/Sara-P\u00e9rez.png\" alt=\"\" class=\"wp-image-24895\" width=\"363\" height=\"329\" srcset=\"https:\/\/www.vidademadrid.com\/es\/wp-content\/uploads\/2020\/09\/Sara-P\u00e9rez.png 685w, https:\/\/www.vidademadrid.com\/es\/wp-content\/uploads\/2020\/09\/Sara-P\u00e9rez-300x272.png 300w, https:\/\/www.vidademadrid.com\/es\/wp-content\/uploads\/2020\/09\/Sara-P\u00e9rez-463x420.png 463w\" sizes=\"auto, (max-width: 363px) 100vw, 363px\" \/><figcaption>Sara P\u00e9rez. Foto: antena3.com<\/figcaption><\/figure><\/div>\n\n\n<p><strong>\u00c1ngela Molina es Emilia Noval <\/strong><\/p>\n<p><strong>Madre de Julia y Sara y abuela de Marta<\/strong>. Fue m\u00e9dico en el pasado, ahora no puede ejercer y sobrevive vendiendo alimentos en el colmado. Su marido, Ram\u00f3n, fue detenido hace veinte a\u00f1os y no sabe nada de \u00e9l. Perteneci\u00f3 a la Resistencia en su pasado.<\/p>\n\n\n<div class=\"wp-block-image\"><figure class=\"aligncenter is-resized\"><img loading=\"lazy\" decoding=\"async\" src=\"https:\/\/www.vidademadrid.com\/es\/wp-content\/uploads\/2020\/09\/Emilia-Noval.png\" alt=\"\" class=\"wp-image-24896\" width=\"502\" height=\"316\" srcset=\"https:\/\/www.vidademadrid.com\/es\/wp-content\/uploads\/2020\/09\/Emilia-Noval.png 686w, https:\/\/www.vidademadrid.com\/es\/wp-content\/uploads\/2020\/09\/Emilia-Noval-300x189.png 300w, https:\/\/www.vidademadrid.com\/es\/wp-content\/uploads\/2020\/09\/Emilia-Noval-667x420.png 667w\" sizes=\"auto, (max-width: 502px) 100vw, 502px\" \/><figcaption>Emilia Noval. Foto: atena3.com<\/figcaption><\/figure><\/div>\n\n\n<p><strong>Laura Quir\u00f3s es Marta M\u00fajica<\/strong><\/p>\n<p><strong>\u00danica hija de Hugo y Sara<\/strong>. Creci\u00f3 en el norte de Espa\u00f1a, pero tras la muerte de su madre se traslada a Madrid con el resto de su familia. <strong>Posee anticuerpos del virus<\/strong> que la har\u00e1 ser muy valiosa para el gobierno. Es una ni\u00f1a dulce y cari\u00f1osa que adora a su padre.<\/p>\n\n\n<div class=\"wp-block-image\"><figure class=\"aligncenter is-resized\"><img loading=\"lazy\" decoding=\"async\" src=\"https:\/\/www.vidademadrid.com\/es\/wp-content\/uploads\/2020\/09\/Marta-M\u00fajica.png\" alt=\"\" class=\"wp-image-24897\" width=\"457\" height=\"277\" srcset=\"https:\/\/www.vidademadrid.com\/es\/wp-content\/uploads\/2020\/09\/Marta-M\u00fajica.png 694w, https:\/\/www.vidademadrid.com\/es\/wp-content\/uploads\/2020\/09\/Marta-M\u00fajica-300x182.png 300w, https:\/\/www.vidademadrid.com\/es\/wp-content\/uploads\/2020\/09\/Marta-M\u00fajica-692x420.png 692w\" sizes=\"auto, (max-width: 457px) 100vw, 457px\" \/><figcaption>Marta M\u00fajica. Foto: antena3.com<\/figcaption><\/figure><\/div>\n\n\n<p><strong>Unax Ugalde es Hugo M\u00fajica <\/strong><\/p>\n<p><strong>Padre de Marta<\/strong>. La muerte de su mujer a causa del virus hace que decida instalarse junto con su familia en Madrid donde se ver\u00e1 inmerso en una peligrosa trama que pone a su hija en peligro.<\/p>\n\n\n<div class=\"wp-block-image\"><figure class=\"aligncenter is-resized\"><img loading=\"lazy\" decoding=\"async\" src=\"https:\/\/www.vidademadrid.com\/es\/wp-content\/uploads\/2020\/09\/Hugo-M\u00fajica.png\" alt=\"\" class=\"wp-image-24898\" width=\"432\" height=\"280\" srcset=\"https:\/\/www.vidademadrid.com\/es\/wp-content\/uploads\/2020\/09\/Hugo-M\u00fajica.png 687w, https:\/\/www.vidademadrid.com\/es\/wp-content\/uploads\/2020\/09\/Hugo-M\u00fajica-300x194.png 300w, https:\/\/www.vidademadrid.com\/es\/wp-content\/uploads\/2020\/09\/Hugo-M\u00fajica-650x420.png 650w\" sizes=\"auto, (max-width: 432px) 100vw, 432px\" \/><figcaption>Hugo M\u00fajica. Foto: antena3.com<\/figcaption><\/figure><\/div>\n\n\n<p><strong>Daniel Ib\u00e1\u00f1ez es \u00c1lex M\u00fajica<\/strong><\/p>\n<p><strong>Hermano peque\u00f1o de Hugo<\/strong>. \u00c1lex es un joven impulsivo que no puede mantenerse al margen de los acontecimientos. Tambi\u00e9n es valiente, leal e diealista. <strong>Luchar\u00e1 contra el poder y por defender a su familia<\/strong>.<\/p>\n\n\n<div class=\"wp-block-image\"><figure class=\"aligncenter is-resized\"><img loading=\"lazy\" decoding=\"async\" src=\"https:\/\/www.vidademadrid.com\/es\/wp-content\/uploads\/2020\/09\/\u00c1lex-M\u00fajica.png\" alt=\"\" class=\"wp-image-24899\" width=\"452\" height=\"305\" srcset=\"https:\/\/www.vidademadrid.com\/es\/wp-content\/uploads\/2020\/09\/\u00c1lex-M\u00fajica.png 691w, https:\/\/www.vidademadrid.com\/es\/wp-content\/uploads\/2020\/09\/\u00c1lex-M\u00fajica-300x202.png 300w, https:\/\/www.vidademadrid.com\/es\/wp-content\/uploads\/2020\/09\/\u00c1lex-M\u00fajica-623x420.png 623w\" sizes=\"auto, (max-width: 452px) 100vw, 452px\" \/><figcaption>\u00c1lex M\u00fajica. Foto: antena3.com<\/figcaption><\/figure><\/div>\n\n\n<p><strong>Juan Blanco es Carlos Castillo<\/strong><\/p>\n<p><strong>Carlos Castillo es novio de Julia<\/strong>. Mantiene v<strong>\u00ednculos con la gente que lucha por hacer caer al R\u00e9gimen<\/strong>. Es un hombre muy enamorado y por salvar a Julia ser\u00e1 capaz de todo, incluso de trabajar para el comisario, lo que le llevar\u00e1 a renunciar a la gente que quiere.<\/p>\n\n\n<div class=\"wp-block-image\"><figure class=\"aligncenter is-resized\"><img loading=\"lazy\" decoding=\"async\" src=\"https:\/\/www.vidademadrid.com\/es\/wp-content\/uploads\/2020\/09\/Carlos-Castillo.png\" alt=\"\" class=\"wp-image-24900\" width=\"447\" height=\"278\" srcset=\"https:\/\/www.vidademadrid.com\/es\/wp-content\/uploads\/2020\/09\/Carlos-Castillo.png 690w, https:\/\/www.vidademadrid.com\/es\/wp-content\/uploads\/2020\/09\/Carlos-Castillo-300x187.png 300w, https:\/\/www.vidademadrid.com\/es\/wp-content\/uploads\/2020\/09\/Carlos-Castillo-674x420.png 674w, https:\/\/www.vidademadrid.com\/es\/wp-content\/uploads\/2020\/09\/Carlos-Castillo-356x220.png 356w\" sizes=\"auto, (max-width: 447px) 100vw, 447px\" \/><figcaption>Carlos Castillo. Foto: antena3.com<\/figcaption><\/figure><\/div>\n\n\n<p><strong>\u00c1ngela Vega es Bego\u00f1a S\u00e1nchez<\/strong><\/p>\n<p><strong>Informante de bloque del Sector 2<\/strong>. Cumple una funci\u00f3n muy importante para ella y est\u00e1 convencida de cumplir su misi\u00f3n por encima de todo. Tendr\u00e1 muy vigilada a Emilia y a su familia y hasta llegar\u00e1 a ponerlos en alguna situaci\u00f3n inc\u00f3moda.<\/p>\n\n\n<div class=\"wp-block-image\"><figure class=\"aligncenter is-resized\"><img loading=\"lazy\" decoding=\"async\" src=\"https:\/\/www.vidademadrid.com\/es\/wp-content\/uploads\/2020\/09\/Bego\u00f1a-S\u00e1nchez.png\" alt=\"\" class=\"wp-image-24902\" width=\"409\" height=\"356\" srcset=\"https:\/\/www.vidademadrid.com\/es\/wp-content\/uploads\/2020\/09\/Bego\u00f1a-S\u00e1nchez.png 687w, https:\/\/www.vidademadrid.com\/es\/wp-content\/uploads\/2020\/09\/Bego\u00f1a-S\u00e1nchez-300x261.png 300w, https:\/\/www.vidademadrid.com\/es\/wp-content\/uploads\/2020\/09\/Bego\u00f1a-S\u00e1nchez-483x420.png 483w\" sizes=\"auto, (max-width: 409px) 100vw, 409px\" \/><figcaption>Bego\u00f1a S\u00e1nchez. Foto: antena3.com<\/figcaption><\/figure><\/div>\n","protected":false},"excerpt":{"rendered":"<p>El sector de los otros<\/p>\n","protected":false},"author":10,"featured_media":24893,"comment_status":"open","ping_status":"open","sticky":false,"template":"","format":"standard","meta":{"footnotes":""},"categories":[85,113],"tags":[140],"class_list":{"0":"post-24892","1":"post","2":"type-post","3":"status-publish","4":"format-standard","5":"has-post-thumbnail","7":"category-cine-series-television","8":"category-planes-en-casa","9":"tag-la-valla"},"_links":{"self":[{"href":"https:\/\/www.vidademadrid.com\/es\/wp-json\/wp\/v2\/posts\/24892","targetHints":{"allow":["GET"]}}],"collection":[{"href":"https:\/\/www.vidademadrid.com\/es\/wp-json\/wp\/v2\/posts"}],"about":[{"href":"https:\/\/www.vidademadrid.com\/es\/wp-json\/wp\/v2\/types\/post"}],"author":[{"embeddable":true,"href":"https:\/\/www.vidademadrid.com\/es\/wp-json\/wp\/v2\/users\/10"}],"replies":[{"embeddable":true,"href":"https:\/\/www.vidademadrid.com\/es\/wp-json\/wp\/v2\/comments?post=24892"}],"version-history":[{"count":3,"href":"https:\/\/www.vidademadrid.com\/es\/wp-json\/wp\/v2\/posts\/24892\/revisions"}],"predecessor-version":[{"id":24908,"href":"https:\/\/www.vidademadrid.com\/es\/wp-json\/wp\/v2\/posts\/24892\/revisions\/24908"}],"wp:featuredmedia":[{"embeddable":true,"href":"https:\/\/www.vidademadrid.com\/es\/wp-json\/wp\/v2\/media\/24893"}],"wp:attachment":[{"href":"https:\/\/www.vidademadrid.com\/es\/wp-json\/wp\/v2\/media?parent=24892"}],"wp:term":[{"taxonomy":"category","embeddable":true,"href":"https:\/\/www.vidademadrid.com\/es\/wp-json\/wp\/v2\/categories?post=24892"},{"taxonomy":"post_tag","embeddable":true,"href":"https:\/\/www.vidademadrid.com\/es\/wp-json\/wp\/v2\/tags?post=24892"}],"curies":[{"name":"wp","href":"https:\/\/api.w.org\/{rel}","templated":true}]}}