{"id":24881,"date":"2020-09-16T20:00:11","date_gmt":"2020-09-16T18:00:11","guid":{"rendered":"https:\/\/www.vidademadrid.com\/es\/?p=24881"},"modified":"2020-09-17T12:19:57","modified_gmt":"2020-09-17T10:19:57","slug":"la-valla-personajes-sector-1-quien-es-quien","status":"publish","type":"post","link":"https:\/\/www.vidademadrid.com\/es\/24881\/la-valla-personajes-sector-1-quien-es-quien\/","title":{"rendered":"\u2018La valla\u2019: Personajes del Sector 1. \u00bfQui\u00e9n es qui\u00e9n?"},"content":{"rendered":"<p>Ma\u00f1ana llega a <strong>Antena 3<\/strong> el segundo cap\u00edtulo de \u2018<a href=\"https:\/\/www.vidademadrid.com\/es\/24719\/la-valla-serie-netflix-antena-3-madrid-futurista-y-distopico\/\"><strong>La Valla<\/strong><\/a>\u2019, la nueva serie de la cadena que caus\u00f3 sensaci\u00f3n durante su estreno la semana pasada con un 15,3% de share y dos millones de espectadores. Hoy conocemos a todos los personajes del <strong>Sector 1<\/strong>, el del <strong>Gobierno y los privilegiados<\/strong>. \u00bf<strong>Qui\u00e9n es qui\u00e9n<\/strong>?<\/p>\n<p><script async=\"\" src=\"https:\/\/pagead2.googlesyndication.com\/pagead\/js\/adsbygoogle.js\"><\/script> <ins class=\"adsbygoogle\" style=\"display: block; text-align: center;\" data-ad-layout=\"in-article\" data-ad-format=\"fluid\" data-ad-client=\"ca-pub-7450064428034605\" data-ad-slot=\"5670045061\"><\/ins> <script>(adsbygoogle = window.adsbygoogle || []).push({});<\/script><\/p>\n<h2>\u2018La valla\u2019: Personajes Sector 1<\/h2>\n<p><script async=\"\" src=\"https:\/\/pagead2.googlesyndication.com\/pagead\/js\/adsbygoogle.js\"><\/script> <ins class=\"adsbygoogle\" style=\"display: block;\" data-ad-format=\"fluid\" data-ad-layout-key=\"-7f+eo+1+2-5\" data-ad-client=\"ca-pub-7450064428034605\" data-ad-slot=\"7327027071\"><\/ins><script>(adsbygoogle = window.adsbygoogle || []).push({});<\/script><\/p>\n<p><strong>Abel Folk es Luis Covarrubias<\/strong><\/p>\n<p>Interpretado por <strong>Abel Folk<\/strong>, <strong>Luis Covarrubias<\/strong> es <strong>ministro de Sanidad<\/strong> destacado del R\u00e9gimen del pa\u00eds. Fue amigo de Ram\u00f3n y Emilia, de la que siempre ha estado profundamente enamorado. Es un hombre honrado, atento, cercano y que defender\u00e1 a su familia y amigos ante todo llegando a plantearse su cambio de bando.<\/p>\n\n\n<div class=\"wp-block-image\"><figure class=\"aligncenter is-resized\"><img loading=\"lazy\" decoding=\"async\" src=\"https:\/\/www.vidademadrid.com\/es\/wp-content\/uploads\/2020\/09\/Luis-covarrubias.png\" alt=\"\" class=\"wp-image-24883\" width=\"473\" height=\"315\" srcset=\"https:\/\/www.vidademadrid.com\/es\/wp-content\/uploads\/2020\/09\/Luis-covarrubias.png 684w, https:\/\/www.vidademadrid.com\/es\/wp-content\/uploads\/2020\/09\/Luis-covarrubias-300x200.png 300w, https:\/\/www.vidademadrid.com\/es\/wp-content\/uploads\/2020\/09\/Luis-covarrubias-631x420.png 631w\" sizes=\"auto, (max-width: 473px) 100vw, 473px\" \/><figcaption>Luis Covarrubias. Foto: antena3.com<\/figcaption><\/figure><\/div>\n\n\n<p><strong>Eleonora Wexler es Alma L\u00f3pez-Dur\u00e1n <\/strong><\/p>\n<p><strong>Directora del Centro de Investigaciones M\u00e9dicas<\/strong> y esposa del ministro de Sanidad, <strong>Eleonora Wexler<\/strong> es la encargada de interpretar a la villana de la trama en la piel de <strong>Alma L\u00f3pez-Dur\u00e1n<\/strong>. Es ambiciosa y manipuladora y utilizar\u00e1 el poder para su propio beneficio. Adem\u00e1s, es la responsable de un plan secreto del Gobierno para acabar con la poblaci\u00f3n.<\/p>\n\n\n<div class=\"wp-block-image\"><figure class=\"aligncenter is-resized\"><img loading=\"lazy\" decoding=\"async\" src=\"https:\/\/www.vidademadrid.com\/es\/wp-content\/uploads\/2020\/09\/Alma-L\u00f3pez-Dur\u00e1n.png\" alt=\"\" class=\"wp-image-24884\" width=\"500\" height=\"326\" srcset=\"https:\/\/www.vidademadrid.com\/es\/wp-content\/uploads\/2020\/09\/Alma-L\u00f3pez-Dur\u00e1n.png 687w, https:\/\/www.vidademadrid.com\/es\/wp-content\/uploads\/2020\/09\/Alma-L\u00f3pez-Dur\u00e1n-300x196.png 300w, https:\/\/www.vidademadrid.com\/es\/wp-content\/uploads\/2020\/09\/Alma-L\u00f3pez-Dur\u00e1n-644x420.png 644w\" sizes=\"auto, (max-width: 500px) 100vw, 500px\" \/><figcaption>Alma L\u00f3pez-Dur\u00e1n. Foto: antena3.com<\/figcaption><\/figure><\/div>\n\n\n<p><strong>Bel\u00e9n \u00c9cija es Daniela Covarrubias<\/strong><\/p>\n<p><strong>Hija de Alma y Luis<\/strong>, Daniela es una joven comprometida que lucha para que haya m\u00e1s justicia. No le da importancia al f\u00edsico ni al lujo como hace su madre. Participa <strong>en la Resistencia de forma clandestina<\/strong> y a espaldas de sus padres.<\/p>\n\n\n<div class=\"wp-block-image\"><figure class=\"aligncenter is-resized\"><img loading=\"lazy\" decoding=\"async\" src=\"https:\/\/www.vidademadrid.com\/es\/wp-content\/uploads\/2020\/09\/Daniela-Covarrubias.png\" alt=\"\" class=\"wp-image-24885\" width=\"497\" height=\"301\" srcset=\"https:\/\/www.vidademadrid.com\/es\/wp-content\/uploads\/2020\/09\/Daniela-Covarrubias.png 688w, https:\/\/www.vidademadrid.com\/es\/wp-content\/uploads\/2020\/09\/Daniela-Covarrubias-300x182.png 300w\" sizes=\"auto, (max-width: 497px) 100vw, 497px\" \/><figcaption>Daniela Covarrubias. Foto: antena3.com<\/figcaption><\/figure><\/div>\n\n\n<p><strong>Iv\u00e1n Chavero es Iv\u00e1n Covarrubias<\/strong><\/p>\n<p><strong>Hijo de Alma y Luis y hermano de Daniela<\/strong>, a la que no se parece en nada. Le gusta salir de fiesta y divertirse de noche, algo que no est\u00e1 muy bien visto por su familia. Es el apoyo principal de su madre y estar\u00e1 a su lado siempre que ella lo necesite.<\/p>\n\n\n<div class=\"wp-block-image\"><figure class=\"aligncenter is-resized\"><img loading=\"lazy\" decoding=\"async\" src=\"https:\/\/www.vidademadrid.com\/es\/wp-content\/uploads\/2020\/09\/Iv\u00e1n-Cobarrubias.png\" alt=\"\" class=\"wp-image-24886\" width=\"456\" height=\"297\" srcset=\"https:\/\/www.vidademadrid.com\/es\/wp-content\/uploads\/2020\/09\/Iv\u00e1n-Cobarrubias.png 682w, https:\/\/www.vidademadrid.com\/es\/wp-content\/uploads\/2020\/09\/Iv\u00e1n-Cobarrubias-300x196.png 300w, https:\/\/www.vidademadrid.com\/es\/wp-content\/uploads\/2020\/09\/Iv\u00e1n-Cobarrubias-644x420.png 644w\" sizes=\"auto, (max-width: 456px) 100vw, 456px\" \/><figcaption>Iv\u00e1n Covarrubias. Foto: antena3.com<\/figcaption><\/figure><\/div>\n\n\n<p><strong>Manu Fullola es Enrique Jim\u00e9nez<\/strong><\/p>\n<p>En la piel de <strong>Manu Fullola<\/strong>, <strong>Enrique Jim\u00e9nez<\/strong> es <strong>Comisario Jefe y hombre de confianza del presidente<\/strong>. Es un hombre fr\u00edo y cruel que no se compadece por nada ni por nadie. Mantiene una relaci\u00f3n ad\u00faltera con Alma. Su ambici\u00f3n no tiene l\u00edmites.<\/p>\n\n\n<div class=\"wp-block-image\"><figure class=\"aligncenter is-resized\"><img loading=\"lazy\" decoding=\"async\" src=\"https:\/\/www.vidademadrid.com\/es\/wp-content\/uploads\/2020\/09\/Enrique-Jim\u00e9nez.png\" alt=\"\" class=\"wp-image-24887\" width=\"517\" height=\"332\" srcset=\"https:\/\/www.vidademadrid.com\/es\/wp-content\/uploads\/2020\/09\/Enrique-Jim\u00e9nez.png 683w, https:\/\/www.vidademadrid.com\/es\/wp-content\/uploads\/2020\/09\/Enrique-Jim\u00e9nez-300x193.png 300w, https:\/\/www.vidademadrid.com\/es\/wp-content\/uploads\/2020\/09\/Enrique-Jim\u00e9nez-652x420.png 652w\" sizes=\"auto, (max-width: 517px) 100vw, 517px\" \/><figcaption>Enrique Jim\u00e9nez. Foto: antena3.com<\/figcaption><\/figure><\/div>\n\n\n<p><strong>Yaima Ramos es Manuela Fern\u00e1ndez<\/strong><\/p>\n<p>Aunque vive en el Sector 2, trabaja en el 1 como <strong>criada en la casa de Alma y Luis<\/strong>. Forma parte del equipo creado por Rosa para atender todas las necesidades de la gente a la que sirve. Es una chica muy discreta y tiene una relaci\u00f3n muy estrecha con Iv\u00e1n.<\/p>\n\n\n<div class=\"wp-block-image\"><figure class=\"aligncenter is-resized\"><img loading=\"lazy\" decoding=\"async\" src=\"https:\/\/www.vidademadrid.com\/es\/wp-content\/uploads\/2020\/09\/Manuela-Fern\u00e1ndez.png\" alt=\"\" class=\"wp-image-24888\" width=\"450\" height=\"342\" srcset=\"https:\/\/www.vidademadrid.com\/es\/wp-content\/uploads\/2020\/09\/Manuela-Fern\u00e1ndez.png 690w, https:\/\/www.vidademadrid.com\/es\/wp-content\/uploads\/2020\/09\/Manuela-Fern\u00e1ndez-300x228.png 300w, https:\/\/www.vidademadrid.com\/es\/wp-content\/uploads\/2020\/09\/Manuela-Fern\u00e1ndez-552x420.png 552w, https:\/\/www.vidademadrid.com\/es\/wp-content\/uploads\/2020\/09\/Manuela-Fern\u00e1ndez-80x60.png 80w\" sizes=\"auto, (max-width: 450px) 100vw, 450px\" \/><figcaption>Manuela Fern\u00e1ndez. Foto: antena3.com<\/figcaption><\/figure><\/div>\n\n\n<p><strong>\u00d3scar de la Fuente es Fernando Navarro<\/strong><\/p>\n<p><strong>Navarro<\/strong> es <strong>miembro de las fuerzas de seguridad del Estado<\/strong>. Junto con Enrique, forma equipo para cumplir las \u00f3rdenes del R\u00e9gimen y lograr que todo el mundo cumpla con las normas establecidas. Es un hombre aparentemente fr\u00edo pero que pondr\u00e1 en duda absolutamente todo en un momento crucial.&nbsp;<\/p>\n\n\n<div class=\"wp-block-image\"><figure class=\"aligncenter is-resized\"><img loading=\"lazy\" decoding=\"async\" src=\"https:\/\/www.vidademadrid.com\/es\/wp-content\/uploads\/2020\/09\/Fernando-Navarro.png\" alt=\"\" class=\"wp-image-24889\" width=\"437\" height=\"255\" srcset=\"https:\/\/www.vidademadrid.com\/es\/wp-content\/uploads\/2020\/09\/Fernando-Navarro.png 706w, https:\/\/www.vidademadrid.com\/es\/wp-content\/uploads\/2020\/09\/Fernando-Navarro-300x175.png 300w, https:\/\/www.vidademadrid.com\/es\/wp-content\/uploads\/2020\/09\/Fernando-Navarro-696x405.png 696w\" sizes=\"auto, (max-width: 437px) 100vw, 437px\" \/><figcaption>Fernando Navarro. Foto: antena3.com<\/figcaption><\/figure><\/div>\n","protected":false},"excerpt":{"rendered":"<p>El sector del Gobierno y los privilegiados<\/p>\n","protected":false},"author":10,"featured_media":24882,"comment_status":"open","ping_status":"open","sticky":false,"template":"","format":"standard","meta":{"footnotes":""},"categories":[85,113],"tags":[140],"class_list":{"0":"post-24881","1":"post","2":"type-post","3":"status-publish","4":"format-standard","5":"has-post-thumbnail","7":"category-cine-series-television","8":"category-planes-en-casa","9":"tag-la-valla"},"_links":{"self":[{"href":"https:\/\/www.vidademadrid.com\/es\/wp-json\/wp\/v2\/posts\/24881","targetHints":{"allow":["GET"]}}],"collection":[{"href":"https:\/\/www.vidademadrid.com\/es\/wp-json\/wp\/v2\/posts"}],"about":[{"href":"https:\/\/www.vidademadrid.com\/es\/wp-json\/wp\/v2\/types\/post"}],"author":[{"embeddable":true,"href":"https:\/\/www.vidademadrid.com\/es\/wp-json\/wp\/v2\/users\/10"}],"replies":[{"embeddable":true,"href":"https:\/\/www.vidademadrid.com\/es\/wp-json\/wp\/v2\/comments?post=24881"}],"version-history":[{"count":3,"href":"https:\/\/www.vidademadrid.com\/es\/wp-json\/wp\/v2\/posts\/24881\/revisions"}],"predecessor-version":[{"id":24907,"href":"https:\/\/www.vidademadrid.com\/es\/wp-json\/wp\/v2\/posts\/24881\/revisions\/24907"}],"wp:featuredmedia":[{"embeddable":true,"href":"https:\/\/www.vidademadrid.com\/es\/wp-json\/wp\/v2\/media\/24882"}],"wp:attachment":[{"href":"https:\/\/www.vidademadrid.com\/es\/wp-json\/wp\/v2\/media?parent=24881"}],"wp:term":[{"taxonomy":"category","embeddable":true,"href":"https:\/\/www.vidademadrid.com\/es\/wp-json\/wp\/v2\/categories?post=24881"},{"taxonomy":"post_tag","embeddable":true,"href":"https:\/\/www.vidademadrid.com\/es\/wp-json\/wp\/v2\/tags?post=24881"}],"curies":[{"name":"wp","href":"https:\/\/api.w.org\/{rel}","templated":true}]}}