{"id":24719,"date":"2020-09-11T13:21:32","date_gmt":"2020-09-11T11:21:32","guid":{"rendered":"https:\/\/www.vidademadrid.com\/es\/?p=24719"},"modified":"2020-09-17T12:20:20","modified_gmt":"2020-09-17T10:20:20","slug":"la-valla-serie-netflix-antena-3-madrid-futurista-y-distopico","status":"publish","type":"post","link":"https:\/\/www.vidademadrid.com\/es\/24719\/la-valla-serie-netflix-antena-3-madrid-futurista-y-distopico\/","title":{"rendered":"&#8216;La valla&#8217;: el d\u00eda a d\u00eda en un Madrid futurista y dist\u00f3pico llega a Netflix y Antena 3"},"content":{"rendered":"<p>Tras su gran acogida durante su estreno en abierto en <strong>Antena 3<\/strong>, la serie &#8216;<strong>La valla<\/strong>&#8216; llega a <strong>Netflix<\/strong> acercando al espectador la lucha por la supervivencia de una familia en un <strong>Madrid<\/strong> futurista y dist\u00f3pico. \u00bfD\u00f3nde podr\u00e1 verse?<\/p>\n\n<script async=\"\" src=\"https:\/\/pagead2.googlesyndication.com\/pagead\/js\/adsbygoogle.js\"><\/script> <ins class=\"adsbygoogle\" style=\"display:block; text-align:center;\" data-ad-layout=\"in-article\" data-ad-format=\"fluid\" data-ad-client=\"ca-pub-7450064428034605\" data-ad-slot=\"5670045061\"><\/ins> <script>(adsbygoogle = window.adsbygoogle || []).push({});<\/script>\n\n<h2>&#8216;La valla&#8217;: Trama<\/h2>\n\n<script async=\"\" src=\"https:\/\/pagead2.googlesyndication.com\/pagead\/js\/adsbygoogle.js\"><\/script> <ins class=\"adsbygoogle\" style=\"display:block\" data-ad-format=\"fluid\" data-ad-layout-key=\"-7f+eo+1+2-5\" data-ad-client=\"ca-pub-7450064428034605\" data-ad-slot=\"7327027071\"><\/ins><script>(adsbygoogle = window.adsbygoogle || []).push({});<\/script>\n\n<p>Ambientada en la Espa\u00f1a de 2045, &#8216;<strong>La valla<\/strong>&#8216; se desarrolla en una sociedad devastada por la Tercera Guerra Mundial, una gran cat\u00e1strofe medioambiental y una letal epidemia que provocan que el pa\u00eds est\u00e9 gobernado por una dictadura y <strong>Madrid<\/strong> dividida en dos por una valla que diferencia entre quienes est\u00e1n a un lado y a otro como ciudadanos de primera y de segunda.&nbsp;<\/p>\n<p>Con el muro de Berl\u00edn como referente hist\u00f3rico de punto de partida, <strong>Daniel \u00c9cija<\/strong>, productor de esta serie y otras como &#8216;Estoy vivo&#8217;, &#8216;El internado&#8217;, &#8216;A\u00edda&#8217; y &#8216;M\u00e9dico de familia&#8217;, acerca al espectador el d\u00eda a d\u00eda de una familia que lucha por su supervivencia en una situaci\u00f3n extrema en la que faltan recursos m\u00e9dicos, agua y alimentos.&nbsp;<\/p>\n<h2>&#8216;La valla&#8217;: Emisi\u00f3n<\/h2>\n\n<script async=\"\" src=\"https:\/\/pagead2.googlesyndication.com\/pagead\/js\/adsbygoogle.js\"><\/script> <!-- Vertical2020 --><ins class=\"adsbygoogle\" style=\"display:block\" data-ad-client=\"ca-pub-7450064428034605\" data-ad-slot=\"4377430105\" data-ad-format=\"auto\" data-full-width-responsive=\"true\"><\/ins><script>(adsbygoogle = window.adsbygoogle || []).push({});<\/script>\n\n<p>Esta esperada distop\u00eda espa\u00f1ola lleva desde el pasado mes de enero en la plataforma de pago de Antena 3, <strong>Atresplayer Premium<\/strong>, pero fue ayer jueves 10 de septiembre, cuando se emiti\u00f3 en abierto en la cadena p\u00fablica donde se convirti\u00f3 en el mejor estreno de Atresmedia en los \u00faltimos doce meses. Con un <strong>15,3% de share<\/strong> y <strong>dos millones de espectadores<\/strong>, se coloca por encima de otros grandes \u00e9xitos de la compa\u00f1\u00eda como &#8216;Toy Boy&#8217;, &#8216;Perdida&#8217; y &#8216;Mujer&#8217;.<\/p>\n<p>A partir de hoy viernes, &#8216;<strong>La valla<\/strong>&#8216; se podr\u00e1 ver tambi\u00e9n en <strong>Netflix<\/strong> y, a partir de ahora, cada semana ser\u00e1 as\u00ed: el d\u00eda despu\u00e9s de su estreno en <strong>Antena 3<\/strong>, llegar\u00e1 tambi\u00e9n a esta plataforma de streaming. Cada cap\u00edtulo permanecer\u00e1 una semana de forma gratuita en Atresplayer y despu\u00e9s, <strong>Netflix<\/strong> tendr\u00e1 la exclusividad junto a Atresplayer Premium.&nbsp;<\/p>\n<p>De esta manera, <strong>cada semana se podr\u00e1 ver uno de sus 13 cap\u00edtulos<\/strong>, hasta que en el mes de diciembre est\u00e9 disponible al completo.&nbsp;<\/p>\n\n\n<figure class=\"wp-block-embed-youtube wp-block-embed is-type-video is-provider-youtube wp-embed-aspect-16-9 wp-has-aspect-ratio\"><div class=\"wp-block-embed__wrapper\">\n<iframe loading=\"lazy\" title=\"Tr\u00e1iler de &#039;La Valla&#039;. En enero de 2020 en ATRESplayer Premium\" width=\"696\" height=\"392\" src=\"https:\/\/www.youtube.com\/embed\/v9eOI5IQKHE?feature=oembed\" frameborder=\"0\" allow=\"accelerometer; autoplay; encrypted-media; gyroscope; picture-in-picture\" allowfullscreen><\/iframe>\n<\/div><\/figure>\n","protected":false},"excerpt":{"rendered":"<p>Un nuevo episodio cada semana. El primero ya disponible<\/p>\n","protected":false},"author":10,"featured_media":24722,"comment_status":"open","ping_status":"open","sticky":false,"template":"","format":"standard","meta":{"footnotes":""},"categories":[85,119],"tags":[140],"class_list":{"0":"post-24719","1":"post","2":"type-post","3":"status-publish","4":"format-standard","5":"has-post-thumbnail","7":"category-cine-series-television","8":"category-portada","9":"tag-la-valla"},"_links":{"self":[{"href":"https:\/\/www.vidademadrid.com\/es\/wp-json\/wp\/v2\/posts\/24719","targetHints":{"allow":["GET"]}}],"collection":[{"href":"https:\/\/www.vidademadrid.com\/es\/wp-json\/wp\/v2\/posts"}],"about":[{"href":"https:\/\/www.vidademadrid.com\/es\/wp-json\/wp\/v2\/types\/post"}],"author":[{"embeddable":true,"href":"https:\/\/www.vidademadrid.com\/es\/wp-json\/wp\/v2\/users\/10"}],"replies":[{"embeddable":true,"href":"https:\/\/www.vidademadrid.com\/es\/wp-json\/wp\/v2\/comments?post=24719"}],"version-history":[{"count":4,"href":"https:\/\/www.vidademadrid.com\/es\/wp-json\/wp\/v2\/posts\/24719\/revisions"}],"predecessor-version":[{"id":24730,"href":"https:\/\/www.vidademadrid.com\/es\/wp-json\/wp\/v2\/posts\/24719\/revisions\/24730"}],"wp:featuredmedia":[{"embeddable":true,"href":"https:\/\/www.vidademadrid.com\/es\/wp-json\/wp\/v2\/media\/24722"}],"wp:attachment":[{"href":"https:\/\/www.vidademadrid.com\/es\/wp-json\/wp\/v2\/media?parent=24719"}],"wp:term":[{"taxonomy":"category","embeddable":true,"href":"https:\/\/www.vidademadrid.com\/es\/wp-json\/wp\/v2\/categories?post=24719"},{"taxonomy":"post_tag","embeddable":true,"href":"https:\/\/www.vidademadrid.com\/es\/wp-json\/wp\/v2\/tags?post=24719"}],"curies":[{"name":"wp","href":"https:\/\/api.w.org\/{rel}","templated":true}]}}