{"id":2428,"date":"2016-03-17T23:58:44","date_gmt":"2016-03-17T22:58:44","guid":{"rendered":"http:\/\/www.vidademadrid.com\/es\/?p=2428"},"modified":"2016-03-17T23:58:44","modified_gmt":"2016-03-17T22:58:44","slug":"la-tona-madrid-fuencarral-2016","status":"publish","type":"post","link":"https:\/\/www.vidademadrid.com\/es\/2428\/la-tona-madrid-fuencarral-2016\/","title":{"rendered":"La Ton\u00e1 Fuencarral: el bar andaluzo en Madrid cambia look"},"content":{"rendered":"<p>Se acerca el fin de semana, es un buen momento para escribir y sobre todo ense\u00f1aros las fotos del \u00abnuevo\u00bb <strong>La Ton\u00e1<\/strong>! Nuevo entre comillas, porque la cervecer\u00eda franquicia andaluza lleva ya tiempo en Madrid pero acaba de cambiar de look y presentarse a su p\u00fablico con un estilo m\u00e1s elegante, pero sin perder el alma del sur.<\/p>\n<p>El local del que os voy a hablar es La Ton\u00e1 <strong>Fuencarral<\/strong>, ubicado en plena calle Fuencarral, entre Tribunal y Bilbao. La Ton\u00e1 es un bar perfecto &#8211; sobre todo para los m\u00e1s j\u00f3venes &#8211; para pasar tardes\/noches con amigos, bebiendo ca\u00f1as y disfrutando de raciones baratas y sin demasiadas pretensiones: huevos rotos, patatas bravas\/ali oli, carne mechada, flamenqu\u00edn, etc.<\/p>\n<p>Desde el viernes pasado 11 marzo 2016, d\u00eda de re-apertura despu\u00e9s de la reforma, La Ton\u00e1 Fuencarral ha perdido sus t\u00edpicos lunares rojos y su decoraci\u00f3n estilo <em>feria de Sevilla<\/em>, para entrar en una fase nueva.<\/p>\n<p>El <strong>estilo es m\u00e1s elegante<\/strong>, fresco y con toque hipster, siguen las referencias a Andaluc\u00eda, los colores son menos fuertes y en general todo es m\u00e1s acogedor. Esto se refleja tambi\u00e9n en el uniforme de los camareros.<\/p>\n<p>La nueva Ton\u00e1 quiere dar a sus clientes un trato m\u00e1s atento: <strong>servicio a la mesa<\/strong> (probablemente el autoservicio seguir\u00e1 solo a las horas punta del viernes y s\u00e1bado) y\u00a0<strong>nueva selecci\u00f3n de vinos<\/strong>.<\/p>\n<p>Con el cambio, la clientela \u00ab<em>de batalla<\/em>\u00bb probablemente dejar\u00e1 espacio a un p\u00fablico distinto.<\/p>\n<p>Lo que no cambia es la <strong>carta andaluza<\/strong> y sus precios muy muy baratos: platos 3,50\u20ac, platazos 6\u20ac, platos hondos 6,50\u20ac, cartuchos 6\u20ac\/6,50\u20ac, montados flamencos 2\u20ac, y la \u00abm\u00edtica\u00bb jarra de rebujito a 5\u20ac.<\/p>\n<p>La Ton\u00e1 tiene ocho restaurantes en Madrid, todos ya decorados con el nuevo estilo (o lo estar\u00e1n pronto). El \u00faltimo en llegar est\u00e1 en una zona muy c\u00e9ntrica, en Calle Toledo al lado de la Plaza Mayor.<\/p>\n<h2 id=\"fotos\">Las fotos<\/h2>\n\n<div id=\"info\"><strong>La Ton\u00e1 &#8211; Fuencarral &#8211; Madrid<\/strong><\/p>\n<ul>\n<li>Direcci\u00f3n: Calle de Fuencarral, 102, 28004 Madrid<\/li>\n<li>Metro: Bilbao, Tribunal<\/li>\n<li>Tel\u00e9fono: 91 752 80 03<\/li>\n<li><a href=\"http:\/\/www.cervecerialatona.com\/fuencarral\/\" target=\"_blank\" rel=\"nofollow\">Web<\/a> &#8211; <a href=\"https:\/\/es-es.facebook.com\/cervecerialatona\" target=\"_blank\">Facebook<\/a> &#8211; <a href=\"https:\/\/twitter.com\/LaTonaBar\" target=\"_blank\">Twitter<\/a> &#8211; <a href=\"https:\/\/www.instagram.com\/latonacerveceria\/\" target=\"_blank\">Instagram<\/a><\/li>\n<\/ul>\n<p>Mapa<br \/>\n<iframe loading=\"lazy\" style=\"border: 0;\" src=\"https:\/\/www.google.com\/maps\/embed?pb=!1m18!1m12!1m3!1d3037.1274779376763!2d-3.704108684717136!3d40.428176062867486!2m3!1f0!2f0!3f0!3m2!1i1024!2i768!4f13.1!3m3!1m2!1s0xd422889f5dbaf5b%3A0xeec1ed8817e46d83!2sLa+Ton%C3%A1+Fuencarral!5e0!3m2!1ses!2ses!4v1457990468498\" width=\"715\" height=\"350\" frameborder=\"0\" allowfullscreen=\"allowfullscreen\"><\/iframe><\/p>\n<\/div>\n","protected":false},"excerpt":{"rendered":"<p>Las fotos del nuevo look de la cerveceria andaluza<\/p>\n","protected":false},"author":1,"featured_media":0,"comment_status":"open","ping_status":"open","sticky":false,"template":"","format":"standard","meta":{"footnotes":""},"categories":[2],"tags":[8],"class_list":{"0":"post-2428","1":"post","2":"type-post","3":"status-publish","4":"format-standard","6":"category-restaurantes-planes-foodie-madrid","7":"tag-centro-de-madrid"},"_links":{"self":[{"href":"https:\/\/www.vidademadrid.com\/es\/wp-json\/wp\/v2\/posts\/2428","targetHints":{"allow":["GET"]}}],"collection":[{"href":"https:\/\/www.vidademadrid.com\/es\/wp-json\/wp\/v2\/posts"}],"about":[{"href":"https:\/\/www.vidademadrid.com\/es\/wp-json\/wp\/v2\/types\/post"}],"author":[{"embeddable":true,"href":"https:\/\/www.vidademadrid.com\/es\/wp-json\/wp\/v2\/users\/1"}],"replies":[{"embeddable":true,"href":"https:\/\/www.vidademadrid.com\/es\/wp-json\/wp\/v2\/comments?post=2428"}],"version-history":[{"count":18,"href":"https:\/\/www.vidademadrid.com\/es\/wp-json\/wp\/v2\/posts\/2428\/revisions"}],"predecessor-version":[{"id":2572,"href":"https:\/\/www.vidademadrid.com\/es\/wp-json\/wp\/v2\/posts\/2428\/revisions\/2572"}],"wp:attachment":[{"href":"https:\/\/www.vidademadrid.com\/es\/wp-json\/wp\/v2\/media?parent=2428"}],"wp:term":[{"taxonomy":"category","embeddable":true,"href":"https:\/\/www.vidademadrid.com\/es\/wp-json\/wp\/v2\/categories?post=2428"},{"taxonomy":"post_tag","embeddable":true,"href":"https:\/\/www.vidademadrid.com\/es\/wp-json\/wp\/v2\/tags?post=2428"}],"curies":[{"name":"wp","href":"https:\/\/api.w.org\/{rel}","templated":true}]}}