{"id":24130,"date":"2020-08-20T23:27:35","date_gmt":"2020-08-20T21:27:35","guid":{"rendered":"https:\/\/www.vidademadrid.com\/es\/?p=24130"},"modified":"2020-08-20T23:27:36","modified_gmt":"2020-08-20T21:27:36","slug":"tienda-gap-madrid","status":"publish","type":"post","link":"https:\/\/www.vidademadrid.com\/es\/24130\/tienda-gap-madrid\/","title":{"rendered":"Nueva tienda f\u00edsica GAP: \u00bfEn Madrid o Barcelona?"},"content":{"rendered":"<p><span style=\"font-weight: 400;\">\u00bfEst\u00e1s en busca de alguna<\/span><b> tienda GAP en Madrid<\/b><span style=\"font-weight: 400;\"> o en Barcelona? La firma ha comunicado a Espa\u00f1a la apertura de su primera tienda f\u00edsica en el pa\u00eds. Sigue leyendo si quieres saber la localizaci\u00f3n y la fecha en la que abrir\u00e1. \u00a1Comenzamos!&nbsp;<\/span><\/p>\n<p><script async=\"\" src=\"https:\/\/pagead2.googlesyndication.com\/pagead\/js\/adsbygoogle.js\"><\/script><br \/>\n<!-- Vertical2020 --><ins class=\"adsbygoogle\" style=\"display:block\" data-ad-client=\"ca-pub-7450064428034605\" data-ad-slot=\"4377430105\" data-ad-format=\"auto\" data-full-width-responsive=\"true\"><\/ins><script>(adsbygoogle = window.adsbygoogle || []).push({});<\/script><\/p>\n<h2><span style=\"font-weight: 400;\">Tienda GAP en Madrid o Barcelona: Fecha de inauguraci\u00f3n<\/span><\/h2>\n<p><script async=\"\" src=\"https:\/\/pagead2.googlesyndication.com\/pagead\/js\/adsbygoogle.js\"><\/script><br \/>\n<ins class=\"adsbygoogle\" style=\"display:block; text-align:center;\" data-ad-layout=\"in-article\" data-ad-format=\"fluid\" data-ad-client=\"ca-pub-7450064428034605\" data-ad-slot=\"5670045061\"><\/ins><br \/>\n<script>(adsbygoogle = window.adsbygoogle || []).push({});<\/script><\/p>\n<p><b>GAP<\/b><span style=\"font-weight: 400;\"> ya tiene clara la <\/span><b>fecha<\/b><span style=\"font-weight: 400;\"> de inauguraci\u00f3n de su primera <\/span><b>tienda <\/b><span style=\"font-weight: 400;\">f\u00edsica, adem\u00e1s ha confirmado que ser\u00e1 en la ciudad de Barcelona y no en la de <\/span><b>Madrid<\/b><span style=\"font-weight: 400;\">. \u00c9sta se llevar\u00e1 a cabo el 3 de septiembre de 2020. \u00bfTe animas a visitarla una vez que abra sus puertas?<\/span><\/p>\n<p><span style=\"font-weight: 400;\">La tienda estar\u00e1 ubicada en la<\/span><b> Calle del Arcs 10<\/b><span style=\"font-weight: 400;\">, a un lado de la Avenida del Portal de l&#8217;\u00c0ngel, en el <\/span><b>barrio G\u00f2tic de Barcelona<\/b><span style=\"font-weight: 400;\">. Esta zona es famosa por su actividad comercial, por lo que fue escogida cuidadosamente. En su <\/span><b>tienda de alrededor de 9.000 metros cuadrados <\/b><span style=\"font-weight: 400;\">pondr\u00e1 a disposici\u00f3n de sus clientes sus prendas y accesorios m\u00e1s cl\u00e1sicos, as\u00ed como una zona para personalizarlas con parches y decoraciones originales.&nbsp;<\/span><\/p>\n<p><span style=\"font-weight: 400;\">Desde el<\/span><b> 2015<\/b><span style=\"font-weight: 400;\"> GAP se integr\u00f3 al comercio espa\u00f1ol en tiendas de los <\/span><b>aeropuertos<\/b><span style=\"font-weight: 400;\"> junto con <\/span><b>El Corte Ingl\u00e9s<\/b><span style=\"font-weight: 400;\"> que le dio un espacio de ventas en sus almacenes. Sin embargo, \u00e9sta se trata de su primera tienda f\u00edsica en la ciudad. La firma asegura que es el momento perfecto de entrar al mercado espa\u00f1ol con<\/span><b> tiendas propias en las mejores calles comerciales del pa\u00eds<\/b><span style=\"font-weight: 400;\">. \u00bfTendr\u00e1 pensado abrir en un futuro pr\u00f3ximo tambi\u00e9n en Madrid?&nbsp;<\/span><\/p>\n<h2><span style=\"font-weight: 400;\">Tienda GAP en Madrid: Un futuro no tan lejano<\/span><\/h2>\n<p><script async=\"\" src=\"https:\/\/pagead2.googlesyndication.com\/pagead\/js\/adsbygoogle.js\"><\/script><br \/>\n<ins class=\"adsbygoogle\" style=\"display:block\" data-ad-format=\"fluid\" data-ad-layout-key=\"-7f+eo+1+2-5\" data-ad-client=\"ca-pub-7450064428034605\" data-ad-slot=\"7327027071\"><\/ins><script>(adsbygoogle = window.adsbygoogle || []).push({});<\/script><\/p>\n<p><span style=\"font-weight: 400;\">Parece ser que la <\/span><b>tienda<\/b><span style=\"font-weight: 400;\"> norteamericana <\/span><b>GAP<\/b><span style=\"font-weight: 400;\">, fundada en el a\u00f1o 1969, abrir\u00e1 sus puertas tambi\u00e9n en las ciudades de Valencia y <\/span><b>Madrid<\/b><span style=\"font-weight: 400;\">. As\u00ed que no queda nada para que podamos comprar con mayor facilidad sus <\/span><b>prendas y accesorios m\u00e1s ic\u00f3nicos<\/b><span style=\"font-weight: 400;\">. As\u00ed como disfrutar de sus colecciones basadas en prendas de tela vaquera, ropa deportiva, pantalones caqui, sudaderas, camisetas y mucho m\u00e1s.<\/span><\/p>\n<p><span style=\"font-weight: 400;\">\u00bfViajas en un futuro pr\u00f3ximo a Barcelona? No dudes en darte una vuelta por la <\/span><b>tienda GAP <\/b><span style=\"font-weight: 400;\">en Barcelona, y si no est\u00e1 en tus planes no pasa nada, ya que podremos disfrutar muy pronto tambi\u00e9n en la ciudad de <\/span><b>Madrid<\/b><span style=\"font-weight: 400;\">.&nbsp;<\/span><\/p>\n","protected":false},"excerpt":{"rendered":"<p>Abre la primera tienda f\u00edsica de la famosa firma norteamericana<\/p>\n","protected":false},"author":6,"featured_media":24131,"comment_status":"open","ping_status":"open","sticky":false,"template":"","format":"standard","meta":{"footnotes":""},"categories":[27],"tags":[],"class_list":{"0":"post-24130","1":"post","2":"type-post","3":"status-publish","4":"format-standard","5":"has-post-thumbnail","7":"category-tiendas-madrid"},"_links":{"self":[{"href":"https:\/\/www.vidademadrid.com\/es\/wp-json\/wp\/v2\/posts\/24130","targetHints":{"allow":["GET"]}}],"collection":[{"href":"https:\/\/www.vidademadrid.com\/es\/wp-json\/wp\/v2\/posts"}],"about":[{"href":"https:\/\/www.vidademadrid.com\/es\/wp-json\/wp\/v2\/types\/post"}],"author":[{"embeddable":true,"href":"https:\/\/www.vidademadrid.com\/es\/wp-json\/wp\/v2\/users\/6"}],"replies":[{"embeddable":true,"href":"https:\/\/www.vidademadrid.com\/es\/wp-json\/wp\/v2\/comments?post=24130"}],"version-history":[{"count":3,"href":"https:\/\/www.vidademadrid.com\/es\/wp-json\/wp\/v2\/posts\/24130\/revisions"}],"predecessor-version":[{"id":24134,"href":"https:\/\/www.vidademadrid.com\/es\/wp-json\/wp\/v2\/posts\/24130\/revisions\/24134"}],"wp:featuredmedia":[{"embeddable":true,"href":"https:\/\/www.vidademadrid.com\/es\/wp-json\/wp\/v2\/media\/24131"}],"wp:attachment":[{"href":"https:\/\/www.vidademadrid.com\/es\/wp-json\/wp\/v2\/media?parent=24130"}],"wp:term":[{"taxonomy":"category","embeddable":true,"href":"https:\/\/www.vidademadrid.com\/es\/wp-json\/wp\/v2\/categories?post=24130"},{"taxonomy":"post_tag","embeddable":true,"href":"https:\/\/www.vidademadrid.com\/es\/wp-json\/wp\/v2\/tags?post=24130"}],"curies":[{"name":"wp","href":"https:\/\/api.w.org\/{rel}","templated":true}]}}