{"id":2408,"date":"2016-03-14T00:06:59","date_gmt":"2016-03-13T23:06:59","guid":{"rendered":"http:\/\/www.vidademadrid.com\/es\/?p=2408"},"modified":"2020-05-14T15:14:28","modified_gmt":"2020-05-14T13:14:28","slug":"madreat-19-20-marzo-2016-info","status":"publish","type":"post","link":"https:\/\/www.vidademadrid.com\/es\/2408\/madreat-19-20-marzo-2016-info\/","title":{"rendered":"MadrEat: 19 y 20 marzo 2016 en Casa de Campo"},"content":{"rendered":"<p>Despu\u00e9s de unos meses de pausa, se acerca el nuevo evento <strong>MadrEat<\/strong>: los camiones de street food llegan otra vez en la ya conocida ubicaci\u00f3n de Casa de Campo el pr\u00f3ximo fin de semana, o sea el <strong>19 y 20 marzo 2016<\/strong>.<\/p>\n<p><script async src=\"\/\/pagead2.googlesyndication.com\/pagead\/js\/adsbygoogle.js\"><\/script> <!-- Vida 1 --> <ins class=\"adsbygoogle\" style=\"display:block\" data-ad-client=\"ca-pub-7450064428034605\" data-ad-slot=\"2284573579\" data-ad-format=\"auto\"><\/ins> <script> (adsbygoogle = window.adsbygoogle || []).push({}); <\/script> <\/p>\n<p>Los <strong>horarios<\/strong>: s\u00e1bado 19 marzo 2016 de 12 a 24 horas y domingo 20 marzo 2016 de 12 a 18 horas. MadrEat estar\u00e1 junto al Pabell\u00f3n de Ondarreta del recinto Ferial de la <strong>Casa de Campo<\/strong>, en Calle Principal de Provincias. El metro m\u00e1s cercano es Lago (l\u00ednea 10), se tarda 5-10 minutos andando desde esta estaci\u00f3n.<\/p>\n<p>El programa va a ser el mismo de siempre (\u00a1y as\u00ed nos gusta!): <strong>food trucks con cocina (y bebida) muy variada<\/strong> para pasar un gran d\u00eda al abierto, disfrutando de la fiesta de San Patricio (el jueves 17 pero es una buena idea celebrarlo con una cerveza en MadrEat durante el finde) y del D\u00eda del Padre (el s\u00e1bado 19).<\/p>\n<p>La entrada es gratuita, se paga solo lo que se come\/bebe.<\/p>\n<p>Nos vemos el s\u00e1bado!<\/p>\n<h2>Info<\/h2>\n<div id=\"info\">\n<p><strong>MadrEat marzo 2016<\/strong><\/p>\n<ul>\n<li>Donde: Calle Principal de Provincias &#8211; Recinto ferial de la Casa de Campo, junto al Pabell\u00f3n de Ondarreta<\/li>\n<li>Fechas: 19-20 marzo 2016<\/li>\n<li>Horarios: Sabado 12-24, Domingo 12-18<\/li>\n<li>Metro: Lago<\/li>\n<li><a href=\"http:\/\/www.madreat.org\/\" target=\"_blank\" rel=\"nofollow noopener noreferrer\">Web<\/a> &#8211; <a href=\"https:\/\/www.facebook.com\/pages\/MadrEat-Market\/1443940139192161?fref=ts\" target=\"_blank\" rel=\"noopener noreferrer\">Facebook<\/a> &#8211; <a href=\"http:\/\/twitter.com\/@MadrEATmarket\" target=\"_blank\" rel=\"noopener noreferrer\">Twitter<\/a> &#8211; <a href=\"https:\/\/www.instagram.com\/madreatmarket\/\" target=\"_blank\" rel=\"noopener noreferrer\">Instagram<\/a>\n<p><script async src=\"\/\/pagead2.googlesyndication.com\/pagead\/js\/adsbygoogle.js\"><\/script> <!-- Vida 2 --> <ins class=\"adsbygoogle\" style=\"display:inline-block;width:336px;height:280px\" data-ad-client=\"ca-pub-7450064428034605\" data-ad-slot=\"9336835571\"><\/ins> <script> (adsbygoogle = window.adsbygoogle || []).push({}); <\/script>\n<\/li>\n<\/ul>\n<p>Mapa<br \/>\n<iframe loading=\"lazy\" style=\"border: 0;\" src=\"https:\/\/www.google.com\/maps\/embed?pb=!1m18!1m12!1m3!1d3037.777350530388!2d-3.7355027992365195!3d40.41378292128901!2m3!1f0!2f0!3f0!3m2!1i1024!2i768!4f13.1!3m3!1m2!1s0xd422807c5890b45%3A0xb5d19ca1a9ef1f06!2sCalle+Principal+de+Provincias%2C+13%2C+28011+Madrid!5e0!3m2!1ses!2ses!4v1449231110008\" width=\"715\" height=\"350\" frameborder=\"0\" allowfullscreen=\"allowfullscreen\"><\/iframe><\/p>\n<\/div>\n<p><em>Foto (de Vida de Madrid): MadrEat dic. 2015 en Casa de Campo<\/em><\/p>\n","protected":false},"excerpt":{"rendered":"<p>Vuelve MadrEat para celebrar la primavera!<\/p>\n","protected":false},"author":1,"featured_media":2412,"comment_status":"open","ping_status":"open","sticky":false,"template":"","format":"standard","meta":{"footnotes":""},"categories":[11,5],"tags":[49,17],"class_list":{"0":"post-2408","1":"post","2":"type-post","3":"status-publish","4":"format-standard","5":"has-post-thumbnail","7":"category-eventos-madrid","8":"category-vida-madrilena","9":"tag-casa-de-campo","10":"tag-moncloa-aravaca-distrito-madrid"},"_links":{"self":[{"href":"https:\/\/www.vidademadrid.com\/es\/wp-json\/wp\/v2\/posts\/2408","targetHints":{"allow":["GET"]}}],"collection":[{"href":"https:\/\/www.vidademadrid.com\/es\/wp-json\/wp\/v2\/posts"}],"about":[{"href":"https:\/\/www.vidademadrid.com\/es\/wp-json\/wp\/v2\/types\/post"}],"author":[{"embeddable":true,"href":"https:\/\/www.vidademadrid.com\/es\/wp-json\/wp\/v2\/users\/1"}],"replies":[{"embeddable":true,"href":"https:\/\/www.vidademadrid.com\/es\/wp-json\/wp\/v2\/comments?post=2408"}],"version-history":[{"count":12,"href":"https:\/\/www.vidademadrid.com\/es\/wp-json\/wp\/v2\/posts\/2408\/revisions"}],"predecessor-version":[{"id":20127,"href":"https:\/\/www.vidademadrid.com\/es\/wp-json\/wp\/v2\/posts\/2408\/revisions\/20127"}],"wp:featuredmedia":[{"embeddable":true,"href":"https:\/\/www.vidademadrid.com\/es\/wp-json\/wp\/v2\/media\/2412"}],"wp:attachment":[{"href":"https:\/\/www.vidademadrid.com\/es\/wp-json\/wp\/v2\/media?parent=2408"}],"wp:term":[{"taxonomy":"category","embeddable":true,"href":"https:\/\/www.vidademadrid.com\/es\/wp-json\/wp\/v2\/categories?post=2408"},{"taxonomy":"post_tag","embeddable":true,"href":"https:\/\/www.vidademadrid.com\/es\/wp-json\/wp\/v2\/tags?post=2408"}],"curies":[{"name":"wp","href":"https:\/\/api.w.org\/{rel}","templated":true}]}}