{"id":24076,"date":"2020-08-31T17:50:48","date_gmt":"2020-08-31T15:50:48","guid":{"rendered":"https:\/\/www.vidademadrid.com\/es\/?p=24076"},"modified":"2020-08-31T18:37:24","modified_gmt":"2020-08-31T16:37:24","slug":"bicimad-go-alquiler-bici-sin-base-como-funciona-donde-madrid","status":"publish","type":"post","link":"https:\/\/www.vidademadrid.com\/es\/24076\/bicimad-go-alquiler-bici-sin-base-como-funciona-donde-madrid\/","title":{"rendered":"BiciMAD Go: c\u00f3mo funciona el servicio BiciMAD con m\u00e1s de 450 bicicletas sin base fija en Madrid"},"content":{"rendered":"<h2>31 de agosto 2020<\/h2>\n<p>El Ayuntamiento de Madrid ha presentado hoy <strong>BiciMAD Go<\/strong>. A continuaci\u00f3n las claves del nuevo servicio, seg\u00fan la informaci\u00f3n publicada hoy por el consistorio.<\/p>\n<ul>\n<li><strong>Fechas y horarios:<\/strong> BiciMAD Go funcionar\u00e1 las 24 horas de los 365 d\u00edas del a\u00f1o. Con el 50 % de la flota de 454 bicis desde el 1 de septiembre; todas ser\u00e1n disponibles antes del 1 de noviembre.<\/li>\n<li><strong>Modelo de bici:<\/strong> es el mismo empleado en BiciMAD pero con un candado que bloquea la rueda trasera, y ser\u00e1n identificables por el nombre del servicio BiciMAD Go vinilado sobre el cuadro.<\/li>\n<li><strong>C\u00f3mo registrarse<\/strong>: Los actuales usuarios de BiciMAD solo tienen que activar la opci\u00f3n \u2018Activar BiciMAD Go\u2019 en la App de BiciMAD. Los nuevos usuarios tambi\u00e9n tendr\u00e1n que utilizar la App de BiciMad.<\/li>\n<li><strong>C\u00f3mo empezar el viaje<\/strong>: El usuario puede utilizar la App para desbloquear el candado de la bicicleta (situado en la rueda trasera), leyendo el c\u00f3digo QR situado en el cuadro del veh\u00edculo.<\/li>\n<li><strong>C\u00f3mo terminar el viaje<\/strong>: El usuario cerrar\u00e1 el candado de forma manual y confirmar\u00e1 en su aplicaci\u00f3n que el trayecto ha finalizado correctamente.<\/li>\n<li><strong>D\u00f3nde terminar el viaje<\/strong>: Un viaje puede terminar tanto en las estaciones de BiciMAD como en cualquier ubicaci\u00f3n permitida por la regulaci\u00f3n vial vigente. No se puede dejar la bici en calles con prioridad peatonal ni en espacios peatonales contiguos a parques hist\u00f3ricos como El Retiro, as\u00ed como en los mismos parques.<\/li>\n<li><strong>Utilizar bicicleta de BiciMAD Go como cualquier otra bici BiciMAD<\/strong>: Cualquier bicicleta de BiciMAD Go anclada en una estaci\u00f3n de la red puede ser utilizada por un abonado de BiciMAD, una vez activado este nuevo servicio, en las mismas condiciones que una bicicleta BiciMAD tradicional.<\/li>\n<li><strong>Precios<\/strong>: tarifa general del servicio de 0,19 euros por minuto, aplic\u00e1ndose un 50 % de descuento en aquellos viajes que finalicen en una estaci\u00f3n de la red de BiciMAD. A los abonados de BiciMAD, utilizar BiciMAD Go tal como se usa el sistema tradicional (realizando el trayecto de estaci\u00f3n a estaci\u00f3n sin paradas intermedias) les costar\u00e1 lo mismo que usar cualquier otra bicicleta del sistema.<\/li>\n<li><strong>Normativa anti covid:<\/strong> Siguen siendo obligatorios, en BiciMAD como en BiciMAD go, los guantes as\u00ed como la mascarilla.<\/li>\n<\/ul>\n<h2>20 de agosto 2020<\/h2>\n<p><strong>BiciMAD<\/strong> va a desplegar <strong>454 bicicletas sin base fija en Madrid, con el nombre \u00abBiciMad Go\u00bb<\/strong>. <strong>254<\/strong> (ped\u00edan 800) de ellas en el interior de la <strong>M-30<\/strong> y <strong>200<\/strong> en el exterior. El Ayuntamiento de la capital espa\u00f1ola ha dado luz verde a un total <strong>3.900 bicis<\/strong> sin base fija.<\/p>\n<p><script async=\"\" src=\"\/\/pagead2.googlesyndication.com\/pagead\/js\/adsbygoogle.js\"><\/script> <!-- Vida 1 --> <ins class=\"adsbygoogle\" style=\"display: block;\" data-ad-client=\"ca-pub-7450064428034605\" data-ad-slot=\"2284573579\" data-ad-format=\"auto\"><\/ins> <script> (adsbygoogle = window.adsbygoogle || []).push({}); <\/script><\/p>\n<h2>BiciMAD Go: en Madrid m\u00e1s de 450 bicicletas sin base fija<\/h2>\n<p><script async=\"\" src=\"\/\/pagead2.googlesyndication.com\/pagead\/js\/adsbygoogle.js\"><\/script> <!-- Vida 2 --> <ins class=\"adsbygoogle\" style=\"display: inline-block; width: 336px; height: 280px;\" data-ad-client=\"ca-pub-7450064428034605\" data-ad-slot=\"9336835571\"><\/ins> <script> (adsbygoogle = window.adsbygoogle || []).push({}); <\/script>El <strong>Ayuntamiento de Madrid<\/strong> va a desplegar <strong>3.900 bicicletas sin base fija<\/strong> en la capital, de las cuales <strong>454<\/strong> pertenecen a <strong>BiciMAD Go<\/strong>.<\/p>\n<p>La seis empresas interesadas solicitaron un total <strong>8.200 bicicletas<\/strong>, pero de acuerdo con la normativa en el interior de la M30 se repartir\u00e1n un total de 1.999 bicicletas y en el exterior, 1.900. De hecho, <strong>BiciMAD Go<\/strong> solicit\u00f3 800 para el interior de la M-30, pero finalmente se le han concedido 254 en el interior y 200 en el exterior.<\/p>\n<p>Las empresas deber\u00e1n iniciar un primer despliegue de al menos el 50 % de sus veh\u00edculos hasta el 1 de septiembre. Para el resto de bicicletas tendr\u00e1n de plazo hasta el 1 de noviembre de 2020.<\/p>\n<p><script async=\"\" src=\"\/\/pagead2.googlesyndication.com\/pagead\/js\/adsbygoogle.js\"><\/script> <!-- Vida vertical --> <ins class=\"adsbygoogle\" style=\"display: inline-block; width: 300px; height: 600px;\" data-ad-client=\"ca-pub-7450064428034605\" data-ad-slot=\"7296098777\"><\/ins> <script> (adsbygoogle = window.adsbygoogle || []).push({}); <\/script><\/p>\n<blockquote class=\"twitter-tweet\">\n<p dir=\"ltr\" lang=\"es\">Buenas tardes. Os informaremos m\u00e1s adelante sobre este servicio. Saludos.<\/p>\n<p>\u2014 BiciMAD (@BiciMAD) <a href=\"https:\/\/twitter.com\/BiciMAD\/status\/1293221809802956801?ref_src=twsrc%5Etfw\">August 11, 2020<\/a><\/p><\/blockquote>\n<p><script async=\"\" src=\"https:\/\/platform.twitter.com\/widgets.js\" charset=\"utf-8\"><\/script>En los pr\u00f3ximos d\u00edas iremos actualizando el art\u00edculo con la informaci\u00f3n que vaya saliendo sobre c\u00f3mo funcionan las nuevas bicicletas sin base fija de BiciMAD Go y d\u00f3nde se encuentran.<\/p>\n","protected":false},"excerpt":{"rendered":"<p>Modelo de bici, c\u00f3mo registrarse, c\u00f3mo y d\u00f3nde empezar y terminar los viajes: nuestra gu\u00eda<\/p>\n","protected":false},"author":9,"featured_media":24339,"comment_status":"open","ping_status":"open","sticky":false,"template":"","format":"standard","meta":{"footnotes":""},"categories":[119,114,23],"tags":[42],"class_list":{"0":"post-24076","1":"post","2":"type-post","3":"status-publish","4":"format-standard","5":"has-post-thumbnail","7":"category-portada","8":"category-servicios","9":"category-transportes-huelgas-madrid","10":"tag-bicimad"},"_links":{"self":[{"href":"https:\/\/www.vidademadrid.com\/es\/wp-json\/wp\/v2\/posts\/24076","targetHints":{"allow":["GET"]}}],"collection":[{"href":"https:\/\/www.vidademadrid.com\/es\/wp-json\/wp\/v2\/posts"}],"about":[{"href":"https:\/\/www.vidademadrid.com\/es\/wp-json\/wp\/v2\/types\/post"}],"author":[{"embeddable":true,"href":"https:\/\/www.vidademadrid.com\/es\/wp-json\/wp\/v2\/users\/9"}],"replies":[{"embeddable":true,"href":"https:\/\/www.vidademadrid.com\/es\/wp-json\/wp\/v2\/comments?post=24076"}],"version-history":[{"count":13,"href":"https:\/\/www.vidademadrid.com\/es\/wp-json\/wp\/v2\/posts\/24076\/revisions"}],"predecessor-version":[{"id":24338,"href":"https:\/\/www.vidademadrid.com\/es\/wp-json\/wp\/v2\/posts\/24076\/revisions\/24338"}],"wp:featuredmedia":[{"embeddable":true,"href":"https:\/\/www.vidademadrid.com\/es\/wp-json\/wp\/v2\/media\/24339"}],"wp:attachment":[{"href":"https:\/\/www.vidademadrid.com\/es\/wp-json\/wp\/v2\/media?parent=24076"}],"wp:term":[{"taxonomy":"category","embeddable":true,"href":"https:\/\/www.vidademadrid.com\/es\/wp-json\/wp\/v2\/categories?post=24076"},{"taxonomy":"post_tag","embeddable":true,"href":"https:\/\/www.vidademadrid.com\/es\/wp-json\/wp\/v2\/tags?post=24076"}],"curies":[{"name":"wp","href":"https:\/\/api.w.org\/{rel}","templated":true}]}}