{"id":24070,"date":"2020-08-19T13:17:53","date_gmt":"2020-08-19T11:17:53","guid":{"rendered":"https:\/\/www.vidademadrid.com\/es\/?p=24070"},"modified":"2020-08-19T13:17:54","modified_gmt":"2020-08-19T11:17:54","slug":"discotecas-cerradas-madrid-texto-oficial-bocm","status":"publish","type":"post","link":"https:\/\/www.vidademadrid.com\/es\/24070\/discotecas-cerradas-madrid-texto-oficial-bocm\/","title":{"rendered":"Discotecas cerradas en Madrid desde esta noche. Texto oficial en el BOCM"},"content":{"rendered":"<p>Publicada hoy en el Bolet\u00edn oficial de la Comunidad de Madrid la orden que incluye el <strong>cierre de las discotecas <\/strong>debido al incremento de casos de coronavirus en todo el pa\u00eds. A continuaci\u00f3n el texto completo y las fechas de aplicaci\u00f3n.<\/p>\n\n<h2>Discotecas cerradas en Madrid desde el 20 de agosto 2020<\/h2>\n<p>La Orden entra en vigor el 20 de agosto 2020 a las 00.00 h, as\u00ed que ya esta noche las discotecas y salas de baile tendr\u00e1n que cerrar sus puertas.<\/p>\n<p>En el texto oficial en el BOCM se lee: \u00ab<strong>Q<em>ueda suspendida la actividad de los locales de discotecas y dem\u00e1s establecimientos de ocio nocturno<\/em><\/strong><em> hasta la finalizaci\u00f3n de la vigencia de la declaraci\u00f3n de actuaciones coordinadas en salud p\u00fablica para responder ante la situaci\u00f3n de especial riesgo derivada del incremento de casos positivos por COVID-19 aprobada mediante Orden Comunicada del Ministro de Sanidad de 14 de agosto de 2020. Una vez finalizada su vigencia, la autoridad sanitaria podr\u00e1 acordar la reanudaci\u00f3n de la actividad de estos establecimientos en las condiciones que se determinen.<\/em><\/p>\n<p><em>Se entender\u00e1n por establecimientos de ocio nocturno, a efectos de lo establecido en este apartado, l<strong>as discotecas, salas de baile y bares especiales con y sin actuaciones musicales<\/strong><\/em>\u201d.<\/p>\n\n\n<script async=\"\" src=\"https:\/\/pagead2.googlesyndication.com\/pagead\/js\/adsbygoogle.js\"><\/script> <ins class=\"adsbygoogle\" style=\"display:block\" data-ad-format=\"fluid\" data-ad-layout-key=\"-7f+eo+1+2-5\" data-ad-client=\"ca-pub-7450064428034605\" data-ad-slot=\"7327027071\"><\/ins><script>(adsbygoogle = window.adsbygoogle || []).push({});<\/script>\n\n<p><a href=\"http:\/\/www.bocm.es\/boletin\/CM_Orden_BOCM\/2020\/08\/19\/BOCM-20200819-1.PDF\"><strong>PDF oficial de la orden en el BOCM<\/strong><\/a><\/p>\n\n\n\n<figure class=\"wp-block-embed is-type-rich is-provider-vida-de-madrid\"><div class=\"wp-block-embed__wrapper\">\n<blockquote class=\"wp-embedded-content\" data-secret=\"mY0QPRlU3q\"><a href=\"https:\/\/www.vidademadrid.com\/es\/24057\/prohibicion-fumar-desde-20-agosto-madrid-bocm-texto-oficial\/\">Prohibici\u00f3n de fumar en la Comunidad de Madrid desde el 20 de agosto: el texto oficial<\/a><\/blockquote><iframe loading=\"lazy\" class=\"wp-embedded-content\" sandbox=\"allow-scripts\" security=\"restricted\" style=\"position: absolute; clip: rect(1px, 1px, 1px, 1px);\" title=\"&#171;Prohibici\u00f3n de fumar en la Comunidad de Madrid desde el 20 de agosto: el texto oficial&#187; &#8212; Vida de Madrid\" src=\"https:\/\/www.vidademadrid.com\/es\/24057\/prohibicion-fumar-desde-20-agosto-madrid-bocm-texto-oficial\/embed\/#?secret=mY0QPRlU3q\" data-secret=\"mY0QPRlU3q\" width=\"600\" height=\"338\" frameborder=\"0\" marginwidth=\"0\" marginheight=\"0\" scrolling=\"no\"><\/iframe>\n<\/div><\/figure>\n\n\n\n<figure class=\"wp-block-embed is-type-rich is-provider-vida-de-madrid\"><div class=\"wp-block-embed__wrapper\">\n<blockquote class=\"wp-embedded-content\" data-secret=\"QY1ZQDUNDH\"><a href=\"https:\/\/www.vidademadrid.com\/es\/24061\/bares-y-restaurantes-nuevas-normas-20-agosto-2020-bocm\/\">Bares y restaurantes, nuevas normas en la Comunidad de Madrid desde el 20 de agosto 2020<\/a><\/blockquote><iframe loading=\"lazy\" class=\"wp-embedded-content\" sandbox=\"allow-scripts\" security=\"restricted\" style=\"position: absolute; clip: rect(1px, 1px, 1px, 1px);\" title=\"&#171;Bares y restaurantes, nuevas normas en la Comunidad de Madrid desde el 20 de agosto 2020&#187; &#8212; Vida de Madrid\" src=\"https:\/\/www.vidademadrid.com\/es\/24061\/bares-y-restaurantes-nuevas-normas-20-agosto-2020-bocm\/embed\/#?secret=QY1ZQDUNDH\" data-secret=\"QY1ZQDUNDH\" width=\"600\" height=\"338\" frameborder=\"0\" marginwidth=\"0\" marginheight=\"0\" scrolling=\"no\"><\/iframe>\n<\/div><\/figure>\n","protected":false},"excerpt":{"rendered":"<p>Cierre completo del ocio nocturno desde las 0 h del 20 de agosto<\/p>\n","protected":false},"author":1,"featured_media":24071,"comment_status":"open","ping_status":"open","sticky":false,"template":"","format":"standard","meta":{"footnotes":""},"categories":[12],"tags":[],"class_list":{"0":"post-24070","1":"post","2":"type-post","3":"status-publish","4":"format-standard","5":"has-post-thumbnail","7":"category-actualidad-noticias-madrid"},"_links":{"self":[{"href":"https:\/\/www.vidademadrid.com\/es\/wp-json\/wp\/v2\/posts\/24070","targetHints":{"allow":["GET"]}}],"collection":[{"href":"https:\/\/www.vidademadrid.com\/es\/wp-json\/wp\/v2\/posts"}],"about":[{"href":"https:\/\/www.vidademadrid.com\/es\/wp-json\/wp\/v2\/types\/post"}],"author":[{"embeddable":true,"href":"https:\/\/www.vidademadrid.com\/es\/wp-json\/wp\/v2\/users\/1"}],"replies":[{"embeddable":true,"href":"https:\/\/www.vidademadrid.com\/es\/wp-json\/wp\/v2\/comments?post=24070"}],"version-history":[{"count":1,"href":"https:\/\/www.vidademadrid.com\/es\/wp-json\/wp\/v2\/posts\/24070\/revisions"}],"predecessor-version":[{"id":24072,"href":"https:\/\/www.vidademadrid.com\/es\/wp-json\/wp\/v2\/posts\/24070\/revisions\/24072"}],"wp:featuredmedia":[{"embeddable":true,"href":"https:\/\/www.vidademadrid.com\/es\/wp-json\/wp\/v2\/media\/24071"}],"wp:attachment":[{"href":"https:\/\/www.vidademadrid.com\/es\/wp-json\/wp\/v2\/media?parent=24070"}],"wp:term":[{"taxonomy":"category","embeddable":true,"href":"https:\/\/www.vidademadrid.com\/es\/wp-json\/wp\/v2\/categories?post=24070"},{"taxonomy":"post_tag","embeddable":true,"href":"https:\/\/www.vidademadrid.com\/es\/wp-json\/wp\/v2\/tags?post=24070"}],"curies":[{"name":"wp","href":"https:\/\/api.w.org\/{rel}","templated":true}]}}