{"id":24061,"date":"2020-08-19T12:38:50","date_gmt":"2020-08-19T10:38:50","guid":{"rendered":"https:\/\/www.vidademadrid.com\/es\/?p=24061"},"modified":"2020-08-19T12:51:36","modified_gmt":"2020-08-19T10:51:36","slug":"bares-y-restaurantes-nuevas-normas-20-agosto-2020-bocm","status":"publish","type":"post","link":"https:\/\/www.vidademadrid.com\/es\/24061\/bares-y-restaurantes-nuevas-normas-20-agosto-2020-bocm\/","title":{"rendered":"Bares y restaurantes, nuevas normas en la Comunidad de Madrid desde el 20 de agosto 2020"},"content":{"rendered":"<p>La ORDEN 1008\/2020 de la Comunidad de Madrid, <strong>en vigor desde el 20 de agosto 2020<\/strong>, incluye la nuevas medidas ante el la crisis del coronavirus, acordadas por unanimidad por Pleno del Consejo Interterritorial del Sistema Nacional de Salud.<\/p>\n<p>Vamos a ver a continuaci\u00f3n todas las <strong>novedades sobre bares y restaurantes<\/strong> desde el 20 de agosto 2020, con el texto oficial publicado en el BOCM.<\/p>\n\n\n<script async=\"\" src=\"https:\/\/pagead2.googlesyndication.com\/pagead\/js\/adsbygoogle.js\"><\/script> <ins class=\"adsbygoogle\" style=\"display:block\" data-ad-format=\"fluid\" data-ad-layout-key=\"-7f+eo+1+2-5\" data-ad-client=\"ca-pub-7450064428034605\" data-ad-slot=\"7327027071\"><\/ins><script>(adsbygoogle = window.adsbygoogle || []).push({});<\/script>\n\n\n<h2>Bares y restaurantes, nuevas normas desde el 20 de agosto 2020<\/h2>\n<p><script async=\"\" src=\"https:\/\/pagead2.googlesyndication.com\/pagead\/js\/adsbygoogle.js\"><\/script> <ins class=\"adsbygoogle\" style=\"display: block; text-align: center;\" data-ad-layout=\"in-article\" data-ad-format=\"fluid\" data-ad-client=\"ca-pub-7450064428034605\" data-ad-slot=\"5670045061\"><\/ins> <script>(adsbygoogle = window.adsbygoogle || []).push({});<\/script><\/p>\n<p>Estas son las nuevas medidas para el desarrollo de actividad de hosteler\u00eda y restauraci\u00f3n.<\/p>\n<h3>En espacios interiores:<\/h3>\n<ul>\n<li>\u00abLos establecimientos de hosteler\u00eda y restauraci\u00f3n no podr\u00e1n superar el 75 por 100 de su aforo para consumo en el interior del local\u00bb<\/li>\n<li>\u00abEl consumo dentro del local podr\u00e1 realizarse en barra o sentado en mesa, o agrupaciones de mesas, debiendo asegurarse el mantenimiento de la debida distancia de seguridad interpersonal de, al menos, 1,5 metros entre clientes o, en su caso, grupos de clientes situados en la barra o entre las mesas o, en su caso, agrupaciones de mesas. La ocupaci\u00f3n m\u00e1xima por mesa o agrupaci\u00f3n de mesas ser\u00e1 de diez personas.\u00bb<\/li>\n<li>\u00abEstos establecimientos deber\u00e1n cesar su actividad, como m\u00e1ximo, a la 1:00 horas, no pudiendo en ning\u00fan caso admitir nuevos clientes a partir de las 00:00 horas, rigiendo el horario de cierre que tuvieran autorizado por los \u00f3rganos competentes si este fuera anterior a dicha hora.\u00bb<\/li>\n<\/ul>\n<h3>En terrazas:<\/h3>\n<ul>\n<li>\u00abEl porcentaje de aforo permitido en las terrazas al aire libre de los establecimientos de hosteler\u00eda y restauraci\u00f3n ser\u00e1 del 100 por 100 de las mesas permitidas en el a\u00f1o inmediatamente anterior en base a la correspondiente licencia municipal o de lo que sea autorizado para este a\u00f1o, si bien deber\u00e1 garantizarse el mantenimiento de la debida distancia de seguridad interpersonal de, al menos, 1,5 metros entre clientes o, en su caso, grupos de clientes y entre las mesas o, en su caso, agrupaciones de mesas.\u00bb<\/li>\n<li>La ocupaci\u00f3n m\u00e1xima por mesa o agrupaci\u00f3n de mesas ser\u00e1 de diez personas y deber\u00e1n cesar su actividad, como m\u00e1ximo, a la 1:00 horas, no pudiendo en ning\u00fan caso admitir nuevos clientes a partir de las 00:00 horas, rigiendo el horario de cierre que tuvieran autorizado por los \u00f3rganos competentes si este fuera anterior a dicha hora\u201d.<\/li>\n<\/ul>\n<p>La orden tambi\u00e9n incluye la <a href=\"https:\/\/www.vidademadrid.com\/es\/24057\/prohibicion-fumar-desde-20-agosto-madrid-bocm-texto-oficial\/\">prohibici\u00f3n de fumar, \u00abincluidas las terrazas de los establecimientos de hosteler\u00eda<\/a>, cuando no se pueda respetar la distancia m\u00ednima interpersonal de, al menos, 2 metros. Esta limitaci\u00f3n ser\u00e1 aplicable tambi\u00e9n para el uso de cualquier otro dispositivo de inhalaci\u00f3n de tabaco, pipas de agua, cachimbas o asimilados.\u00bb<\/p>\n\n<script async=\"\" src=\"https:\/\/pagead2.googlesyndication.com\/pagead\/js\/adsbygoogle.js\"><\/script> <ins class=\"adsbygoogle\" style=\"display:block\" data-ad-format=\"fluid\" data-ad-layout-key=\"-7f+eo+1+2-5\" data-ad-client=\"ca-pub-7450064428034605\" data-ad-slot=\"7327027071\"><\/ins><script>(adsbygoogle = window.adsbygoogle || []).push({});<\/script>\n\n<p><a href=\"http:\/\/www.bocm.es\/boletin\/CM_Orden_BOCM\/2020\/08\/19\/BOCM-20200819-1.PDF\"><strong>PDF oficial de la orden en el BOCM<\/strong><\/a><\/p>\n<p>&nbsp;<\/p>\n\n\n<figure class=\"wp-block-embed is-type-rich is-provider-vida-de-madrid\"><div class=\"wp-block-embed__wrapper\">\n<blockquote class=\"wp-embedded-content\" data-secret=\"dcJDZlNkYR\"><a href=\"https:\/\/www.vidademadrid.com\/es\/24057\/prohibicion-fumar-desde-20-agosto-madrid-bocm-texto-oficial\/\">Prohibici\u00f3n de fumar en la Comunidad de Madrid desde el 20 de agosto: el texto oficial<\/a><\/blockquote><iframe loading=\"lazy\" class=\"wp-embedded-content\" sandbox=\"allow-scripts\" security=\"restricted\" style=\"position: absolute; clip: rect(1px, 1px, 1px, 1px);\" title=\"&#171;Prohibici\u00f3n de fumar en la Comunidad de Madrid desde el 20 de agosto: el texto oficial&#187; &#8212; Vida de Madrid\" src=\"https:\/\/www.vidademadrid.com\/es\/24057\/prohibicion-fumar-desde-20-agosto-madrid-bocm-texto-oficial\/embed\/#?secret=dcJDZlNkYR\" data-secret=\"dcJDZlNkYR\" width=\"600\" height=\"338\" frameborder=\"0\" marginwidth=\"0\" marginheight=\"0\" scrolling=\"no\"><\/iframe>\n<\/div><\/figure>\n\n\n\n<script async=\"\" src=\"https:\/\/pagead2.googlesyndication.com\/pagead\/js\/adsbygoogle.js\"><\/script> <ins class=\"adsbygoogle\" style=\"display:block; text-align:center;\" data-ad-layout=\"in-article\" data-ad-format=\"fluid\" data-ad-client=\"ca-pub-7450064428034605\" data-ad-slot=\"5670045061\"><\/ins> <script>(adsbygoogle = window.adsbygoogle || []).push({});<\/script>\n","protected":false},"excerpt":{"rendered":"<p>Distancia m\u00ednima de 1,5 metros entre clientes y cierre a la 1 h<\/p>\n","protected":false},"author":1,"featured_media":24064,"comment_status":"open","ping_status":"open","sticky":false,"template":"","format":"standard","meta":{"footnotes":""},"categories":[12],"tags":[],"class_list":{"0":"post-24061","1":"post","2":"type-post","3":"status-publish","4":"format-standard","5":"has-post-thumbnail","7":"category-actualidad-noticias-madrid"},"_links":{"self":[{"href":"https:\/\/www.vidademadrid.com\/es\/wp-json\/wp\/v2\/posts\/24061","targetHints":{"allow":["GET"]}}],"collection":[{"href":"https:\/\/www.vidademadrid.com\/es\/wp-json\/wp\/v2\/posts"}],"about":[{"href":"https:\/\/www.vidademadrid.com\/es\/wp-json\/wp\/v2\/types\/post"}],"author":[{"embeddable":true,"href":"https:\/\/www.vidademadrid.com\/es\/wp-json\/wp\/v2\/users\/1"}],"replies":[{"embeddable":true,"href":"https:\/\/www.vidademadrid.com\/es\/wp-json\/wp\/v2\/comments?post=24061"}],"version-history":[{"count":5,"href":"https:\/\/www.vidademadrid.com\/es\/wp-json\/wp\/v2\/posts\/24061\/revisions"}],"predecessor-version":[{"id":24068,"href":"https:\/\/www.vidademadrid.com\/es\/wp-json\/wp\/v2\/posts\/24061\/revisions\/24068"}],"wp:featuredmedia":[{"embeddable":true,"href":"https:\/\/www.vidademadrid.com\/es\/wp-json\/wp\/v2\/media\/24064"}],"wp:attachment":[{"href":"https:\/\/www.vidademadrid.com\/es\/wp-json\/wp\/v2\/media?parent=24061"}],"wp:term":[{"taxonomy":"category","embeddable":true,"href":"https:\/\/www.vidademadrid.com\/es\/wp-json\/wp\/v2\/categories?post=24061"},{"taxonomy":"post_tag","embeddable":true,"href":"https:\/\/www.vidademadrid.com\/es\/wp-json\/wp\/v2\/tags?post=24061"}],"curies":[{"name":"wp","href":"https:\/\/api.w.org\/{rel}","templated":true}]}}