{"id":24057,"date":"2020-08-19T12:25:30","date_gmt":"2020-08-19T10:25:30","guid":{"rendered":"https:\/\/www.vidademadrid.com\/es\/?p=24057"},"modified":"2020-08-24T09:05:21","modified_gmt":"2020-08-24T07:05:21","slug":"prohibicion-fumar-desde-20-agosto-madrid-bocm-texto-oficial","status":"publish","type":"post","link":"https:\/\/www.vidademadrid.com\/es\/24057\/prohibicion-fumar-desde-20-agosto-madrid-bocm-texto-oficial\/","title":{"rendered":"Prohibici\u00f3n de fumar en la Comunidad de Madrid desde el 20 de agosto: el texto oficial"},"content":{"rendered":"<p>Ma\u00f1ana, <strong>20 de agosto 2020<\/strong>, entra en vigor la <strong>ORDEN 1008\/2020<\/strong> de la Comunidad de Madrid con la nuevas medidas ante el la crisis del coronavirus. Las normas, acordadas el 14 de agosto por unanimidad por Pleno del Consejo Interterritorial del Sistema Nacional de Salud, han sido incorporadas hoy en la orden publicada en el Bolet\u00edn Oficial de la Comunidad de Madrid N\u00fam. 200. A continuaci\u00f3n el <strong>texto oficial sobre la Prohibici\u00f3n de fumar en la Comunidad de Madrid<\/strong>.<\/p>\n\n\n<script async=\"\" src=\"https:\/\/pagead2.googlesyndication.com\/pagead\/js\/adsbygoogle.js\"><\/script> <ins class=\"adsbygoogle\" style=\"display:block; text-align:center;\" data-ad-layout=\"in-article\" data-ad-format=\"fluid\" data-ad-client=\"ca-pub-7450064428034605\" data-ad-slot=\"5670045061\"><\/ins> <script>(adsbygoogle = window.adsbygoogle || []).push({});<\/script>\n\n\n<h3>Prohibici\u00f3n de fumar en la Comunidad de Madrid desde el 20 de agosto<\/h3>\n<p>Seg\u00fan el texto oficial publicado en el BOCM, \u00ab<em>No se podr\u00e1 fumar en la v\u00eda p\u00fablica o en espacios al aire libre, incluidas las terrazas de los establecimientos de hosteler\u00eda, <strong>cuando no se pueda respetar la distancia m\u00ednima interpersonal de, al menos, 2 metros<\/strong>. Esta limitaci\u00f3n ser\u00e1 aplicable tambi\u00e9n para el uso de cualquier otro dispositivo de inhalaci\u00f3n de tabaco, pipas de agua, cachimbas o asimilados<\/em>\u00ab.<\/p>\n<p><script async=\"\" src=\"https:\/\/pagead2.googlesyndication.com\/pagead\/js\/adsbygoogle.js\"><\/script> <ins class=\"adsbygoogle\" style=\"display:block\" data-ad-format=\"fluid\" data-ad-layout-key=\"-7f+eo+1+2-5\" data-ad-client=\"ca-pub-7450064428034605\" data-ad-slot=\"7327027071\"><\/ins><script>(adsbygoogle = window.adsbygoogle || []).push({});<\/script><\/p>\n<p>El consumo de tabaco sigue siendo una de las excepciones al uso de la mascarilla, pero ahora el BOCM destaca que hay que garantizar \u00ab<em>el mantenimiento, en todo momento, de la distancia de, al menos, 2 metros con otras personas<\/em>\u00ab.<\/p>\n\n\n<script async src=\"https:\/\/pagead2.googlesyndication.com\/pagead\/js\/adsbygoogle.js\"><\/script> <ins class=\"adsbygoogle\"  style=\"display:block\" data-ad-format=\"fluid\" data-ad-layout-key=\"-7f+eo+1+2-5\" data-ad-client=\"ca-pub-7450064428034605\" data-ad-slot=\"7327027071\"><\/ins><script>(adsbygoogle = window.adsbygoogle || []).push({});<\/script>\n\n<p><a href=\"http:\/\/www.bocm.es\/boletin\/CM_Orden_BOCM\/2020\/08\/19\/BOCM-20200819-1.PDF\"><strong>PDF oficial de la orden en el BOCM<\/strong><\/a><\/p>\n","protected":false},"excerpt":{"rendered":"<p>El consumo de tabaco solo ser\u00e1 consentido cuando se podr\u00e1 respetar la distancia m\u00ednima interpersonal de, al menos, 2 metros<\/p>\n","protected":false},"author":1,"featured_media":24058,"comment_status":"open","ping_status":"open","sticky":false,"template":"","format":"standard","meta":{"footnotes":""},"categories":[12],"tags":[],"class_list":{"0":"post-24057","1":"post","2":"type-post","3":"status-publish","4":"format-standard","5":"has-post-thumbnail","7":"category-actualidad-noticias-madrid"},"_links":{"self":[{"href":"https:\/\/www.vidademadrid.com\/es\/wp-json\/wp\/v2\/posts\/24057","targetHints":{"allow":["GET"]}}],"collection":[{"href":"https:\/\/www.vidademadrid.com\/es\/wp-json\/wp\/v2\/posts"}],"about":[{"href":"https:\/\/www.vidademadrid.com\/es\/wp-json\/wp\/v2\/types\/post"}],"author":[{"embeddable":true,"href":"https:\/\/www.vidademadrid.com\/es\/wp-json\/wp\/v2\/users\/1"}],"replies":[{"embeddable":true,"href":"https:\/\/www.vidademadrid.com\/es\/wp-json\/wp\/v2\/comments?post=24057"}],"version-history":[{"count":3,"href":"https:\/\/www.vidademadrid.com\/es\/wp-json\/wp\/v2\/posts\/24057\/revisions"}],"predecessor-version":[{"id":24069,"href":"https:\/\/www.vidademadrid.com\/es\/wp-json\/wp\/v2\/posts\/24057\/revisions\/24069"}],"wp:featuredmedia":[{"embeddable":true,"href":"https:\/\/www.vidademadrid.com\/es\/wp-json\/wp\/v2\/media\/24058"}],"wp:attachment":[{"href":"https:\/\/www.vidademadrid.com\/es\/wp-json\/wp\/v2\/media?parent=24057"}],"wp:term":[{"taxonomy":"category","embeddable":true,"href":"https:\/\/www.vidademadrid.com\/es\/wp-json\/wp\/v2\/categories?post=24057"},{"taxonomy":"post_tag","embeddable":true,"href":"https:\/\/www.vidademadrid.com\/es\/wp-json\/wp\/v2\/tags?post=24057"}],"curies":[{"name":"wp","href":"https:\/\/api.w.org\/{rel}","templated":true}]}}