{"id":22731,"date":"2020-07-06T09:03:42","date_gmt":"2020-07-06T07:03:42","guid":{"rendered":"https:\/\/www.vidademadrid.com\/es\/?p=22731"},"modified":"2020-07-06T09:03:43","modified_gmt":"2020-07-06T07:03:43","slug":"ennio-morricone-ha-fallecido-video-su-ultimo-concierto-en-madrid","status":"publish","type":"post","link":"https:\/\/www.vidademadrid.com\/es\/22731\/ennio-morricone-ha-fallecido-video-su-ultimo-concierto-en-madrid\/","title":{"rendered":"Ennio Morricone ha fallecido. V\u00eddeo: su \u00faltimo concierto en Madrid"},"content":{"rendered":"<p><strong>Ennio Morricone<\/strong>, compositor italiano, autor de las m\u00e1s celebres <strong>bandas sonoras<\/strong>, ha fallecido hoy en Roma. Ten\u00eda 91 a\u00f1os. El director de orquesta romano gan\u00f3 el Premio \u00d3scar en 2016 (Mejor banda sonora, The Hateful Eight) y el Premio Princesa de Asturias de las Artes en 2020.<\/p>\n<p>Desde Vida de Madrid queremos recordarlo con los v\u00eddeos en YouTube de <strong>su \u00faltimo concierto en Madrid<\/strong>, el a\u00f1o pasado, parte de su gira de despedida mundial \u00abThe Final Concerts World Tour\u00bb. Fue en el Wizink Center, exactamente el 8 de mayo de 2019, donde congreg\u00f3 m\u00e1s de 10 mil personas.<\/p>\n<h3>V\u00eddeo: Ennio Morricone en Madrid<\/h3>\n\n\n<figure class=\"wp-block-embed-youtube wp-block-embed is-type-video is-provider-youtube wp-embed-aspect-16-9 wp-has-aspect-ratio\"><div class=\"wp-block-embed__wrapper\">\n<iframe loading=\"lazy\" title=\"Ennio Morricone (con Susanna Rigacc)i - El \u00c9xtasis Del Oro - Wizink Center - 08-05-19\" width=\"696\" height=\"392\" src=\"https:\/\/www.youtube.com\/embed\/a9XzvkBq-Ww?feature=oembed\" frameborder=\"0\" allow=\"accelerometer; autoplay; encrypted-media; gyroscope; picture-in-picture\" allowfullscreen><\/iframe>\n<\/div><\/figure>\n\n\n\n<figure class=\"wp-block-embed-youtube wp-block-embed is-type-video is-provider-youtube wp-embed-aspect-16-9 wp-has-aspect-ratio\"><div class=\"wp-block-embed__wrapper\">\n<iframe loading=\"lazy\" title=\"Nuovo Cinema Paradiso - Ennio Morricone @ WiZink Madrid\" width=\"696\" height=\"392\" src=\"https:\/\/www.youtube.com\/embed\/7BWabwUzoB8?feature=oembed\" frameborder=\"0\" allow=\"accelerometer; autoplay; encrypted-media; gyroscope; picture-in-picture\" allowfullscreen><\/iframe>\n<\/div><\/figure>\n\n\n\n<figure class=\"wp-block-embed-youtube wp-block-embed is-type-video is-provider-youtube wp-embed-aspect-16-9 wp-has-aspect-ratio\"><div class=\"wp-block-embed__wrapper\">\n<iframe loading=\"lazy\" title=\"Morricone emociona en su despedida\" width=\"696\" height=\"392\" src=\"https:\/\/www.youtube.com\/embed\/IOPfqQzNnds?feature=oembed\" frameborder=\"0\" allow=\"accelerometer; autoplay; encrypted-media; gyroscope; picture-in-picture\" allowfullscreen><\/iframe>\n<\/div><\/figure>\n","protected":false},"excerpt":{"rendered":"<p>El compositor italiano despidi\u00f3 Madrid en mayo del a\u00f1o pasado<\/p>\n","protected":false},"author":5,"featured_media":22735,"comment_status":"open","ping_status":"open","sticky":false,"template":"","format":"standard","meta":{"footnotes":""},"categories":[1],"tags":[],"class_list":{"0":"post-22731","1":"post","2":"type-post","3":"status-publish","4":"format-standard","5":"has-post-thumbnail","7":"category-varios"},"_links":{"self":[{"href":"https:\/\/www.vidademadrid.com\/es\/wp-json\/wp\/v2\/posts\/22731","targetHints":{"allow":["GET"]}}],"collection":[{"href":"https:\/\/www.vidademadrid.com\/es\/wp-json\/wp\/v2\/posts"}],"about":[{"href":"https:\/\/www.vidademadrid.com\/es\/wp-json\/wp\/v2\/types\/post"}],"author":[{"embeddable":true,"href":"https:\/\/www.vidademadrid.com\/es\/wp-json\/wp\/v2\/users\/5"}],"replies":[{"embeddable":true,"href":"https:\/\/www.vidademadrid.com\/es\/wp-json\/wp\/v2\/comments?post=22731"}],"version-history":[{"count":1,"href":"https:\/\/www.vidademadrid.com\/es\/wp-json\/wp\/v2\/posts\/22731\/revisions"}],"predecessor-version":[{"id":22736,"href":"https:\/\/www.vidademadrid.com\/es\/wp-json\/wp\/v2\/posts\/22731\/revisions\/22736"}],"wp:featuredmedia":[{"embeddable":true,"href":"https:\/\/www.vidademadrid.com\/es\/wp-json\/wp\/v2\/media\/22735"}],"wp:attachment":[{"href":"https:\/\/www.vidademadrid.com\/es\/wp-json\/wp\/v2\/media?parent=22731"}],"wp:term":[{"taxonomy":"category","embeddable":true,"href":"https:\/\/www.vidademadrid.com\/es\/wp-json\/wp\/v2\/categories?post=22731"},{"taxonomy":"post_tag","embeddable":true,"href":"https:\/\/www.vidademadrid.com\/es\/wp-json\/wp\/v2\/tags?post=22731"}],"curies":[{"name":"wp","href":"https:\/\/api.w.org\/{rel}","templated":true}]}}