{"id":22714,"date":"2020-07-05T23:52:32","date_gmt":"2020-07-05T21:52:32","guid":{"rendered":"https:\/\/www.vidademadrid.com\/es\/?p=22714"},"modified":"2021-04-06T19:56:02","modified_gmt":"2021-04-06T17:56:02","slug":"puente-del-corazon-partio-madrid-mapa-donde-esta","status":"publish","type":"post","link":"https:\/\/www.vidademadrid.com\/es\/22714\/puente-del-corazon-partio-madrid-mapa-donde-esta\/","title":{"rendered":"Puente del Coraz\u00f3n Part\u00edo en Madrid: d\u00f3nde est\u00e1, mapa"},"content":{"rendered":"<p><strong>\u00abPuente del Coraz\u00f3n Part\u00edo\u00bb: <\/strong>este es el nuevo nombre de un puente de la <strong>M30<\/strong> que conecta los distritos Moratalaz y Retiro en <strong>Madrid<\/strong>. Sigue leyendo para descubrir d\u00f3nde est\u00e1 el puente inaugurado por <strong>Alejandro Sanz<\/strong>.<\/p>\n<h2>\u00abPuente del Coraz\u00f3n Part\u00edo: d\u00f3nde est\u00e1<\/h2>\n<p><script async=\"\" src=\"https:\/\/pagead2.googlesyndication.com\/pagead\/js\/adsbygoogle.js\"><\/script> <ins class=\"adsbygoogle\" style=\"display: block;\" data-ad-format=\"fluid\" data-ad-layout-key=\"-7f+eo+1+2-5\" data-ad-client=\"ca-pub-7450064428034605\" data-ad-slot=\"7327027071\"><\/ins><script>(adsbygoogle = window.adsbygoogle || []).push({});<\/script><\/p>\n<p>El <strong>Puente del Coraz\u00f3n Part\u00edo<\/strong>, inaugurado el 5 de julio 2020 por el cantante Alejandro Sanz con el alcalde de Madrid Jose Lu\u00eds Mart\u00ednez Almeida, une los barrio de Media Legua (distrito de <strong>Moratalaz<\/strong>), y el barrio de Estrella (en el distrito <strong>Retiro<\/strong>).<\/p>\n<p>Antes, el puente no ten\u00eda nombre oficial ya que era parte de la <strong>Calle del Camino de los Vinateros. <\/strong>\u00a0Los vecinos lo llaman <strong>\u00abPuente de Estrella\u00bb<\/strong>, estando adem\u00e1s al lado de Metro Estrella (l\u00ednea 9)<\/p>\n<figure id=\"attachment_22719\" aria-describedby=\"caption-attachment-22719\" style=\"width: 979px\" class=\"wp-caption alignnone\"><img loading=\"lazy\" decoding=\"async\" class=\"size-full wp-image-22719\" src=\"https:\/\/www.vidademadrid.com\/es\/wp-content\/uploads\/2020\/07\/foto_03361.jpg\" alt=\"\" width=\"979\" height=\"462\" srcset=\"https:\/\/www.vidademadrid.com\/es\/wp-content\/uploads\/2020\/07\/foto_03361.jpg 979w, https:\/\/www.vidademadrid.com\/es\/wp-content\/uploads\/2020\/07\/foto_03361-300x142.jpg 300w, https:\/\/www.vidademadrid.com\/es\/wp-content\/uploads\/2020\/07\/foto_03361-768x362.jpg 768w, https:\/\/www.vidademadrid.com\/es\/wp-content\/uploads\/2020\/07\/foto_03361-696x328.jpg 696w, https:\/\/www.vidademadrid.com\/es\/wp-content\/uploads\/2020\/07\/foto_03361-890x420.jpg 890w\" sizes=\"auto, (max-width: 979px) 100vw, 979px\" \/><figcaption id=\"caption-attachment-22719\" class=\"wp-caption-text\">Foto: Google Maps<\/figcaption><\/figure>\n<h2>Mapa &#8211; \u00abPuente del Coraz\u00f3n Part\u00edo\u00bb\u00a0<\/h2>\n<p><script async=\"\" src=\"https:\/\/pagead2.googlesyndication.com\/pagead\/js\/adsbygoogle.js\"><\/script> <ins class=\"adsbygoogle\" style=\"display: block; text-align: center;\" data-ad-layout=\"in-article\" data-ad-format=\"fluid\" data-ad-client=\"ca-pub-7450064428034605\" data-ad-slot=\"5670045061\"><\/ins> <script>(adsbygoogle = window.adsbygoogle || []).push({});<\/script><\/p>\n<p>En el siguiente <strong>mapa<\/strong>, la ubicaci\u00f3n exacta del <strong>Puente del Coraz\u00f3n Part\u00edo<\/strong>, que cuenta con la nueva placa (foto abajo). A dar el nombre al puente, la celebre canci\u00f3n de Alejandro Sanz, vecino de Moratalaz.\u00a0<\/p>\n\n\n<iframe loading=\"lazy\" src=\"https:\/\/www.google.com\/maps\/embed?pb=!1m14!1m12!1m3!1d1832.6376305943659!2d-3.6634500370463505!3d40.410422577507276!2m3!1f0!2f0!3f0!3m2!1i1024!2i768!4f13.1!5e0!3m2!1ses!2ses!4v1593984753371!5m2!1ses!2ses\" width=\"100%\" height=\"450\" frameborder=\"0\" style=\"border:0;\" allowfullscreen=\"\" aria-hidden=\"false\" tabindex=\"0\"><\/iframe>\n\n\n\n<ul class=\"wp-block-gallery columns-1 is-cropped wp-block-gallery-1 is-layout-flex wp-block-gallery-is-layout-flex\"><li class=\"blocks-gallery-item\"><figure><img loading=\"lazy\" decoding=\"async\" width=\"1024\" height=\"533\" src=\"https:\/\/www.vidademadrid.com\/es\/wp-content\/uploads\/2020\/07\/puente-corazon-partio-placa-1024x533.jpg\" alt=\"\" data-id=\"22717\" data-link=\"https:\/\/www.vidademadrid.com\/es\/?attachment_id=22717\" class=\"wp-image-22717\" srcset=\"https:\/\/www.vidademadrid.com\/es\/wp-content\/uploads\/2020\/07\/puente-corazon-partio-placa-1024x533.jpg 1024w, https:\/\/www.vidademadrid.com\/es\/wp-content\/uploads\/2020\/07\/puente-corazon-partio-placa-300x156.jpg 300w, https:\/\/www.vidademadrid.com\/es\/wp-content\/uploads\/2020\/07\/puente-corazon-partio-placa-768x400.jpg 768w, https:\/\/www.vidademadrid.com\/es\/wp-content\/uploads\/2020\/07\/puente-corazon-partio-placa-696x362.jpg 696w, https:\/\/www.vidademadrid.com\/es\/wp-content\/uploads\/2020\/07\/puente-corazon-partio-placa-1068x556.jpg 1068w, https:\/\/www.vidademadrid.com\/es\/wp-content\/uploads\/2020\/07\/puente-corazon-partio-placa-807x420.jpg 807w, https:\/\/www.vidademadrid.com\/es\/wp-content\/uploads\/2020\/07\/puente-corazon-partio-placa.jpg 1209w\" sizes=\"auto, (max-width: 1024px) 100vw, 1024px\" \/><figcaption>Foto: Freshwaveproduction \/ Ayuntamiento de Madrid<\/figcaption><\/figure><\/li><\/ul>\n\n\n\n<figure class=\"wp-block-embed is-type-rich is-provider-vida-de-madrid\"><div class=\"wp-block-embed__wrapper\">\n<blockquote class=\"wp-embedded-content\" data-secret=\"kUPNR9c9yv\"><a href=\"https:\/\/www.vidademadrid.com\/es\/22705\/alejandro-sanz-concierto-sorpresa-m30-mortalaz-video\/\">Alejandro Sanz, concierto sorpresa desde un puente de la M30 en Moratalaz. V\u00eddeo<\/a><\/blockquote><iframe loading=\"lazy\" class=\"wp-embedded-content\" sandbox=\"allow-scripts\" security=\"restricted\" style=\"position: absolute; clip: rect(1px, 1px, 1px, 1px);\" title=\"&#171;Alejandro Sanz, concierto sorpresa desde un puente de la M30 en Moratalaz. V\u00eddeo&#187; &#8212; Vida de Madrid\" src=\"https:\/\/www.vidademadrid.com\/es\/22705\/alejandro-sanz-concierto-sorpresa-m30-mortalaz-video\/embed\/#?secret=kUPNR9c9yv\" data-secret=\"kUPNR9c9yv\" width=\"600\" height=\"338\" frameborder=\"0\" marginwidth=\"0\" marginheight=\"0\" scrolling=\"no\"><\/iframe>\n<\/div><\/figure>\n\n\n\n\n\n<figure class=\"wp-block-embed-youtube wp-block-embed is-type-video is-provider-youtube wp-embed-aspect-4-3 wp-has-aspect-ratio\"><div class=\"wp-block-embed__wrapper\">\n<iframe loading=\"lazy\" title=\"Alejandro Sanz - Coraz\u00f3n Part\u00edo (Videoclip oficial)\" width=\"696\" height=\"522\" src=\"https:\/\/www.youtube.com\/embed\/YxFUwGaxKTo?feature=oembed\" frameborder=\"0\" allow=\"accelerometer; autoplay; encrypted-media; gyroscope; picture-in-picture\" allowfullscreen><\/iframe>\n<\/div><\/figure>\n\n\n\n<script data-wid=\"auto\" type=\"text\/javascript\" src=\"https:\/\/content.viralize.tv\/display\/?zid=AADiaHd5cH72qFIl&amp;cid=AAZIGsaZ9FmMzilA&amp;activation=adfill&amp;vip_mode=playing&amp;vip_position=bottom-right\"><\/script>\n","protected":false},"excerpt":{"rendered":"<p>La ubicaci\u00f3n del puente de la M30 que homenajea Alejandro Sanz y sus or\u00edgenes en Moratalaz<\/p>\n","protected":false},"author":1,"featured_media":22716,"comment_status":"open","ping_status":"open","sticky":false,"template":"","format":"standard","meta":{"footnotes":""},"categories":[3],"tags":[168,133],"class_list":{"0":"post-22714","1":"post","2":"type-post","3":"status-publish","4":"format-standard","5":"has-post-thumbnail","7":"category-visita-madrid","8":"tag-alejandro-sanz","9":"tag-moratalaz"},"_links":{"self":[{"href":"https:\/\/www.vidademadrid.com\/es\/wp-json\/wp\/v2\/posts\/22714","targetHints":{"allow":["GET"]}}],"collection":[{"href":"https:\/\/www.vidademadrid.com\/es\/wp-json\/wp\/v2\/posts"}],"about":[{"href":"https:\/\/www.vidademadrid.com\/es\/wp-json\/wp\/v2\/types\/post"}],"author":[{"embeddable":true,"href":"https:\/\/www.vidademadrid.com\/es\/wp-json\/wp\/v2\/users\/1"}],"replies":[{"embeddable":true,"href":"https:\/\/www.vidademadrid.com\/es\/wp-json\/wp\/v2\/comments?post=22714"}],"version-history":[{"count":8,"href":"https:\/\/www.vidademadrid.com\/es\/wp-json\/wp\/v2\/posts\/22714\/revisions"}],"predecessor-version":[{"id":25452,"href":"https:\/\/www.vidademadrid.com\/es\/wp-json\/wp\/v2\/posts\/22714\/revisions\/25452"}],"wp:featuredmedia":[{"embeddable":true,"href":"https:\/\/www.vidademadrid.com\/es\/wp-json\/wp\/v2\/media\/22716"}],"wp:attachment":[{"href":"https:\/\/www.vidademadrid.com\/es\/wp-json\/wp\/v2\/media?parent=22714"}],"wp:term":[{"taxonomy":"category","embeddable":true,"href":"https:\/\/www.vidademadrid.com\/es\/wp-json\/wp\/v2\/categories?post=22714"},{"taxonomy":"post_tag","embeddable":true,"href":"https:\/\/www.vidademadrid.com\/es\/wp-json\/wp\/v2\/tags?post=22714"}],"curies":[{"name":"wp","href":"https:\/\/api.w.org\/{rel}","templated":true}]}}