{"id":22489,"date":"2020-07-01T10:35:49","date_gmt":"2020-07-01T08:35:49","guid":{"rendered":"https:\/\/www.vidademadrid.com\/es\/?p=22489"},"modified":"2020-09-30T11:58:24","modified_gmt":"2020-09-30T09:58:24","slug":"video-cibeles-orgullo-2020","status":"publish","type":"post","link":"https:\/\/www.vidademadrid.com\/es\/22489\/video-cibeles-orgullo-2020\/","title":{"rendered":"V\u00eddeo: Cibeles en el Orgullo 2020, con luces arco\u00edris, sin bandera"},"content":{"rendered":"\n<script data-wid=\"auto\" type=\"text\/javascript\" src=\"https:\/\/content.viralize.tv\/display\/?zid=AADiaHd5cH72qFIl&amp;cid=AAYyYsz2I3npdiUk&amp;activation=adfill&amp;vip_mode=playing&amp;vip_position=bottom-right\"><\/script>\n\n\n<p>V\u00eddeo de nuestro <strong>paseo por Cibeles en la semana del Orgullo 2020<\/strong>. Este a\u00f1o no hay bandera o lona arco\u00edris colgada en el Palacio de Cibeles, sede del Ayuntamiento. S\u00ed hay iluminaci\u00f3n con los colores de la bandera arco\u00edris.<\/p>\n\n\n<figure class=\"wp-block-embed is-type-rich is-provider-vida-de-madrid\"><div class=\"wp-block-embed__wrapper\">\n<blockquote class=\"wp-embedded-content\" data-secret=\"GBgghz5nJG\"><a href=\"https:\/\/www.vidademadrid.com\/es\/22229\/orgullo-2020-madrid-ama-orgullo-arcoiris-cibeles\/\">Orgullo 2020 Madrid: la campa\u00f1a del Ayuntamiento \u00abAma, hazlo con Orgullo\u00bb y el arco\u00edris en Cibeles<\/a><\/blockquote><iframe loading=\"lazy\" class=\"wp-embedded-content\" sandbox=\"allow-scripts\" security=\"restricted\" style=\"position: absolute; clip: rect(1px, 1px, 1px, 1px);\" title=\"&#171;Orgullo 2020 Madrid: la campa\u00f1a del Ayuntamiento \u00abAma, hazlo con Orgullo\u00bb y el arco\u00edris en Cibeles&#187; &#8212; Vida de Madrid\" src=\"https:\/\/www.vidademadrid.com\/es\/22229\/orgullo-2020-madrid-ama-orgullo-arcoiris-cibeles\/embed\/#?secret=GBgghz5nJG\" data-secret=\"GBgghz5nJG\" width=\"600\" height=\"338\" frameborder=\"0\" marginwidth=\"0\" marginheight=\"0\" scrolling=\"no\"><\/iframe>\n<\/div><\/figure>\n\n\n\n<figure class=\"wp-block-embed is-type-rich is-provider-vida-de-madrid\"><div class=\"wp-block-embed__wrapper\">\n<blockquote class=\"wp-embedded-content\" data-secret=\"zB8UVJOLwI\"><a href=\"https:\/\/www.vidademadrid.com\/es\/22089\/video-calle-ruiz-malasana-orgullo-2020-banderas-arcoiris\/\">V\u00eddeo: Calle Ruiz, en Malasa\u00f1a, celebra el Orgullo 2020<\/a><\/blockquote><iframe loading=\"lazy\" class=\"wp-embedded-content\" sandbox=\"allow-scripts\" security=\"restricted\" style=\"position: absolute; clip: rect(1px, 1px, 1px, 1px);\" title=\"&#171;V\u00eddeo: Calle Ruiz, en Malasa\u00f1a, celebra el Orgullo 2020&#187; &#8212; Vida de Madrid\" src=\"https:\/\/www.vidademadrid.com\/es\/22089\/video-calle-ruiz-malasana-orgullo-2020-banderas-arcoiris\/embed\/#?secret=zB8UVJOLwI\" data-secret=\"zB8UVJOLwI\" width=\"600\" height=\"338\" frameborder=\"0\" marginwidth=\"0\" marginheight=\"0\" scrolling=\"no\"><\/iframe>\n<\/div><\/figure>\n","protected":false},"excerpt":{"rendered":"<p>Paseo nocturno en la emblem\u00e1tica plaza de Madrid<\/p>\n","protected":false},"author":1,"featured_media":22490,"comment_status":"open","ping_status":"open","sticky":false,"template":"","format":"standard","meta":{"footnotes":""},"categories":[36,3],"tags":[137,64],"class_list":{"0":"post-22489","1":"post","2":"type-post","3":"status-publish","4":"format-standard","5":"has-post-thumbnail","7":"category-reportajes","8":"category-visita-madrid","9":"tag-cibeles","10":"tag-orgullo"},"_links":{"self":[{"href":"https:\/\/www.vidademadrid.com\/es\/wp-json\/wp\/v2\/posts\/22489","targetHints":{"allow":["GET"]}}],"collection":[{"href":"https:\/\/www.vidademadrid.com\/es\/wp-json\/wp\/v2\/posts"}],"about":[{"href":"https:\/\/www.vidademadrid.com\/es\/wp-json\/wp\/v2\/types\/post"}],"author":[{"embeddable":true,"href":"https:\/\/www.vidademadrid.com\/es\/wp-json\/wp\/v2\/users\/1"}],"replies":[{"embeddable":true,"href":"https:\/\/www.vidademadrid.com\/es\/wp-json\/wp\/v2\/comments?post=22489"}],"version-history":[{"count":3,"href":"https:\/\/www.vidademadrid.com\/es\/wp-json\/wp\/v2\/posts\/22489\/revisions"}],"predecessor-version":[{"id":25457,"href":"https:\/\/www.vidademadrid.com\/es\/wp-json\/wp\/v2\/posts\/22489\/revisions\/25457"}],"wp:featuredmedia":[{"embeddable":true,"href":"https:\/\/www.vidademadrid.com\/es\/wp-json\/wp\/v2\/media\/22490"}],"wp:attachment":[{"href":"https:\/\/www.vidademadrid.com\/es\/wp-json\/wp\/v2\/media?parent=22489"}],"wp:term":[{"taxonomy":"category","embeddable":true,"href":"https:\/\/www.vidademadrid.com\/es\/wp-json\/wp\/v2\/categories?post=22489"},{"taxonomy":"post_tag","embeddable":true,"href":"https:\/\/www.vidademadrid.com\/es\/wp-json\/wp\/v2\/tags?post=22489"}],"curies":[{"name":"wp","href":"https:\/\/api.w.org\/{rel}","templated":true}]}}